{"id":2910,"date":"2019-06-13T15:17:59","date_gmt":"2019-06-13T12:17:59","guid":{"rendered":"http:\/\/www.kirdki.com\/?p=2910"},"modified":"2023-02-14T00:39:04","modified_gmt":"2023-02-13T21:39:04","slug":"bi-kirdki-yewna-kitab-vejiya","status":"publish","type":"post","link":"https:\/\/www.kirdki.com\/?p=2910","title":{"rendered":"Bi Kirdk\u00ee Yewna Kitab Vej\u00eeya"},"content":{"rendered":"<p>We\u015fanxaney\u00ea Peywend\u00ee ra kitab\u00eako kirdk\u00ee vej\u00eeya. QEREBEGAN, Tar\u00eex, Kultur, Coxrafya. Kitab het\u00ea nu\u015ftoxe Perv\u00een Sept\u00eeoglu ra nus\u00eeyayo.<\/p>\n<p>Peyn\u00eeya kitab\u00ee de wina nuseno: Tar\u00eex, kultur \u00fb coxrafya semed\u00ea \u015finasnayi\u015f\u00ea yew \u015far\u00ee n\u00ee\u015faney\u00ea erjaye y\u00ea. Na xebate xo de nu\u015ftoxe bi tar\u00eex, kultur \u00fb coxrafya yew cay\u00ea muh\u00eem \u00ea zazayan dan \u015finasnayi\u015f, Qerbegan yan z\u00ee bi nameyo b\u00een M\u00eeyaran. Metodoloj\u00eey\u00ea xebate z\u00ee gel\u00eak muh\u00eem a. Zaf\u00ea malumat\u00ea xebate fek\u00ea \u015far\u00ea Qerebegan ra amey\u00ea girewti\u015f. Malumat\u00ea fekk\u00ee \u00e7imey\u00ea yewin \u00ea xebatan\u00ea \u00eelm\u00ee y\u00ea. Na xebate de tar\u00eex, coxrafyay\u00ea mintiqa ra heta ziwan, sonik, meseley\u00ee, efsaney\u00ee, werd\u00ea \u015far\u00ee ra amey\u00ea vati\u015f. Merdim wexta ke n\u00ea rezan waneno vano qey \u015f\u00eeyo Qerebegan \u00fb \u015far\u00ee de qisey keno. Heto b\u00een ra xebate semed\u00ea xebatkaran\u00ea kultur \u00fb ziwan\u00ee z\u00ee yew \u00e7imeyo muh\u00eem o.<\/p>\n<p><a href=\"http:\/\/www.kirdki.com\/wp-content\/uploads\/2019\/06\/qerebegan.jpg\"><img loading=\"lazy\" decoding=\"async\" class=\"aligncenter size-full wp-image-2911\" src=\"http:\/\/www.kirdki.com\/wp-content\/uploads\/2019\/06\/qerebegan.jpg\" alt=\"qerebegan\" width=\"417\" height=\"603\" srcset=\"https:\/\/www.kirdki.com\/wp-content\/uploads\/2019\/06\/qerebegan.jpg 417w, https:\/\/www.kirdki.com\/wp-content\/uploads\/2019\/06\/qerebegan-207x300.jpg 207w\" sizes=\"auto, (max-width: 417px) 100vw, 417px\" \/><\/a><\/p>\n<p>Perv\u00een Sept\u00eeoglu kam a: Perv\u00een Sept\u00eeoglu serr\u00ea 1979 di qezay\u00ea Erz\u00fbrim Xin\u00fbs di ameya dinya. Esl\u00ea xo Pali ra ya. Mektebo v\u00ear\u00een, m\u00eeyan\u00een \u00fb l\u00eese Erz\u00fbrim di wenda. Zewac\u00ea xu ra dima \u015f\u00eeya Pali. Serr\u00ea 2013 di kewta \u00eemt\u00eehan\u00ea un\u00eevers\u00eete. Un\u00eevers\u00eetey\u00ea \u00c7ewl\u00eeg\u00ee di qisim\u00ea Edeb\u00eeyat \u00fb Ziwan\u00ea Zazak\u00ee wend \u00fb bi yewin\u00ee qed\u00eana. Dima 2017 qisim\u00ea Zazak\u00ee di l\u00eesanso berz qezenc kerda \u00fb ink\u00ea z\u00ee tez\u00ea xu ser o xebat kena. \u00c7end nu\u015ftey\u00ea y\u00ea z\u00ee kovara V\u00eer di ne\u015fir b\u00eey\u00ee. Ziwan\u00ea dayik\u00ee y\u00ea kurmanc\u00ee yo. Zewac\u00ea xu ra p\u00eay zazak\u00ee bonder b\u00eeya. Yew laj \u00fb di k\u00eanay\u00ea y\u00ea est\u00ee. \u00c7ewl\u00eeg di ciw\u00eeyena. Kovar\u00ea Un\u00eevers\u00eetey\u00ea \u00c7ewl\u00eeg\u00ee di yew maqaley\u00ea y\u00ea ne\u015fir b\u00eeya.<\/p>\n<p>&nbsp;<\/p>\n","protected":false},"excerpt":{"rendered":"<p>We\u015fanxaney\u00ea Peywend\u00ee ra kitab\u00eako kirdk\u00ee vej\u00eeya. QEREBEGAN, Tar\u00eex, Kultur, Coxrafya. Kitab het\u00ea nu\u015ftoxe Perv\u00een Sept\u00eeoglu ra nus\u00eeyayo. Peyn\u00eeya kitab\u00ee de wina nuseno: Tar\u00eex, kultur \u00fb coxrafya semed\u00ea \u015finasnayi\u015f\u00ea yew \u015far\u00ee n\u00ee\u015faney\u00ea erjaye y\u00ea. Na xebate xo de nu\u015ftoxe bi tar\u00eex, kultur \u00fb coxrafya yew cay\u00ea muh\u00eem \u00ea zazayan dan \u015finasnayi\u015f, Qerbegan yan z\u00ee bi nameyo &hellip;<\/p>\n","protected":false},"author":1,"featured_media":2911,"comment_status":"closed","ping_status":"open","sticky":false,"template":"","format":"standard","meta":{"footnotes":""},"categories":[52],"tags":[],"class_list":["post-2910","post","type-post","status-publish","format-standard","has-post-thumbnail","","category-kultur"],"_links":{"self":[{"href":"https:\/\/www.kirdki.com\/index.php?rest_route=\/wp\/v2\/posts\/2910","targetHints":{"allow":["GET"]}}],"collection":[{"href":"https:\/\/www.kirdki.com\/index.php?rest_route=\/wp\/v2\/posts"}],"about":[{"href":"https:\/\/www.kirdki.com\/index.php?rest_route=\/wp\/v2\/types\/post"}],"author":[{"embeddable":true,"href":"https:\/\/www.kirdki.com\/index.php?rest_route=\/wp\/v2\/users\/1"}],"replies":[{"embeddable":true,"href":"https:\/\/www.kirdki.com\/index.php?rest_route=%2Fwp%2Fv2%2Fcomments&post=2910"}],"version-history":[{"count":1,"href":"https:\/\/www.kirdki.com\/index.php?rest_route=\/wp\/v2\/posts\/2910\/revisions"}],"predecessor-version":[{"id":2912,"href":"https:\/\/www.kirdki.com\/index.php?rest_route=\/wp\/v2\/posts\/2910\/revisions\/2912"}],"wp:featuredmedia":[{"embeddable":true,"href":"https:\/\/www.kirdki.com\/index.php?rest_route=\/wp\/v2\/media\/2911"}],"wp:attachment":[{"href":"https:\/\/www.kirdki.com\/index.php?rest_route=%2Fwp%2Fv2%2Fmedia&parent=2910"}],"wp:term":[{"taxonomy":"category","embeddable":true,"href":"https:\/\/www.kirdki.com\/index.php?rest_route=%2Fwp%2Fv2%2Fcategories&post=2910"},{"taxonomy":"post_tag","embeddable":true,"href":"https:\/\/www.kirdki.com\/index.php?rest_route=%2Fwp%2Fv2%2Ftags&post=2910"}],"curies":[{"name":"wp","href":"https:\/\/api.w.org\/{rel}","templated":true}]}}