{"id":2872,"date":"2019-02-24T23:41:11","date_gmt":"2019-02-24T20:41:11","guid":{"rendered":"http:\/\/www.kirdki.com\/?p=2872"},"modified":"2023-02-14T00:39:06","modified_gmt":"2023-02-13T21:39:06","slug":"yew-lawika-rencber-ezizi-doktor-bey","status":"publish","type":"post","link":"https:\/\/www.kirdki.com\/?p=2872","title":{"rendered":"Yew Lawika Ren\u00e7ber Ez\u00eez\u00ee &#8220;Doktor Bey&#8221;"},"content":{"rendered":"<p>Ren\u00e7ber Ez\u00eez hunermendan\u00ea ma y\u00ea tewr namdaran re yew o. \u015ear\u00ea ma her tim lawikan\u00ea Ez\u00eez\u00ee go\u015fdar\u00ee keno. Ma yew lawika tirk\u00ee ke Ren\u00e7ber Ez\u00eez\u00ee vata \u00fb n\u00eazan\u00eeyena \u015fima r\u00ea pare ken\u00ea&#8230;<\/p>\n<p><iframe loading=\"lazy\" title=\"Ren\u00e7ber Ez\u00eez, Doktor Bey\" width=\"618\" height=\"348\" src=\"https:\/\/www.youtube.com\/embed\/bosBqRhgDAg?feature=oembed\" frameborder=\"0\" allow=\"accelerometer; autoplay; clipboard-write; encrypted-media; gyroscope; picture-in-picture; web-share\" referrerpolicy=\"strict-origin-when-cross-origin\" allowfullscreen><\/iframe><\/p>\n<p>&nbsp;<\/p>\n<p><strong>DOKTOR BEY<\/strong><\/p>\n<p>&nbsp;<\/p>\n<p>Avrat yegin sayr\u0131, benim karn\u0131m a\u00e7<\/p>\n<p>Keyf i\u00e7in gelmedim, burya doktor bey<\/p>\n<p>Fakir taraf\u0131ndan yaz da bir ila\u00e7<\/p>\n<p>Olsun derdimize \u00e7are doktor bey<\/p>\n<p>Olsun derdimize \u00e7are doktor bey<\/p>\n<p>&nbsp;<\/p>\n<p>Tama vatanda\u015f\u0131z, karda\u015f\u0131z tama<\/p>\n<p>B\u00f6yle pahal\u0131 m\u0131, adam adama<\/p>\n<p>Ta sabahtan geldim len kald\u0131m ak\u015fama<\/p>\n<p>Yar\u0131na m\u00fcmk\u00fcn m\u00fc s\u0131ra doktor bey<\/p>\n<p>Yar\u0131na m\u00fcmk\u00fcn m\u00fc s\u0131ra doktor bey<\/p>\n<p>&nbsp;<\/p>\n<p>Y\u00fcz panq\u0131not helal olsun gene de<\/p>\n<p>Ben nereyim, be\u015f y\u00fcz nere doktor bey<\/p>\n<p>Tek tabaktan \u00e7orba i\u00e7er d\u00f6rd\u00fcm\u00fcz<\/p>\n<p>Kul ba\u015f\u0131ndan uzak olsun derdimiz<\/p>\n<p>Senden benden asker ister ordumuz<\/p>\n<p>Candan iyi midir para doktor bey<\/p>\n<p>Candan iyi midir para doktor bey<\/p>\n<p>&nbsp;<\/p>\n<p>Memur gelir kar\u015f\u0131lar\u0131z k\u00f6\u015feden<\/p>\n<p>Zengin gelir k\u0131r\u0131l\u0131r\u0131z ne\u015feden<\/p>\n<p>Sen de ga\u00e7mak i\u00e7in garip Ay\u015feden<\/p>\n<p>O kadar m\u00fchim mi para doktor bey<\/p>\n<p>O kadar m\u00fchim mi para doktor bey<\/p>\n<p>&nbsp;<\/p>\n<p>&nbsp;<\/p>\n<p>B\u00fcy\u00fck o\u011flum asker \u00f6teki \u00e7\u0131rak<\/p>\n<p>Han i\u00e7in param yok oteli b\u0131rak<\/p>\n<p>Mevsim k\u0131\u015f yollar sarp k\u00f6y\u00fcm \u00e7ok uzak<\/p>\n<p>Bir de\u011fil be\u015f de\u011fil yara doktor bey<\/p>\n<p>Bir de\u011fil be\u015f degil yara toxtor bey<\/p>\n<p>&nbsp;<\/p>\n<p>&nbsp;<\/p>\n<p>Hemi M\u00fcsl\u00fcman\u0131m, insan\u0131m hemi<\/p>\n<p>Halimi arz ettim dar\u0131lma emi<\/p>\n<p>\u0130\u00e7inde para yok g\u00f6rd\u00fcn torbam\u0131<\/p>\n<p>\u0130ster cebi mi de ara doktor bey<\/p>\n<p>&nbsp;<\/p>\n<p>&nbsp;<\/p>\n<p>Daha sayay\u0131m mi eksi\u011fi daha<\/p>\n<p>Yalvara yalvara t\u00fckendim aha<\/p>\n<p>Bu y\u00fczle mi \u00e7\u0131kacaks\u0131n Allah\u2019a<\/p>\n<p>Vallahi yanars\u0131n nara doktor bey<\/p>\n<p>Billahi yanars\u0131n nara doktor bey<\/p>\n<p>&nbsp;<\/p>\n<p>&nbsp;<\/p>\n<p>Qisey: A\u015f\u0131k Mahsuni \u015eerif<\/p>\n<p>Vati\u015f: Rencber Ez\u00eez<\/p>\n<p>De\u015f\u00eefrasyon: W. Zozan\u00ee<\/p>\n","protected":false},"excerpt":{"rendered":"<p>Ren\u00e7ber Ez\u00eez hunermendan\u00ea ma y\u00ea tewr namdaran re yew o. \u015ear\u00ea ma her tim lawikan\u00ea Ez\u00eez\u00ee go\u015fdar\u00ee keno. Ma yew lawika tirk\u00ee ke Ren\u00e7ber Ez\u00eez\u00ee vata \u00fb n\u00eazan\u00eeyena \u015fima r\u00ea pare ken\u00ea&#8230; &nbsp; DOKTOR BEY &nbsp; Avrat yegin sayr\u0131, benim karn\u0131m a\u00e7 Keyf i\u00e7in gelmedim, burya doktor bey Fakir taraf\u0131ndan yaz da bir ila\u00e7 Olsun &hellip;<\/p>\n","protected":false},"author":1,"featured_media":2873,"comment_status":"closed","ping_status":"open","sticky":false,"template":"","format":"standard","meta":{"footnotes":""},"categories":[52],"tags":[],"class_list":["post-2872","post","type-post","status-publish","format-standard","has-post-thumbnail","","category-kultur"],"_links":{"self":[{"href":"https:\/\/www.kirdki.com\/index.php?rest_route=\/wp\/v2\/posts\/2872","targetHints":{"allow":["GET"]}}],"collection":[{"href":"https:\/\/www.kirdki.com\/index.php?rest_route=\/wp\/v2\/posts"}],"about":[{"href":"https:\/\/www.kirdki.com\/index.php?rest_route=\/wp\/v2\/types\/post"}],"author":[{"embeddable":true,"href":"https:\/\/www.kirdki.com\/index.php?rest_route=\/wp\/v2\/users\/1"}],"replies":[{"embeddable":true,"href":"https:\/\/www.kirdki.com\/index.php?rest_route=%2Fwp%2Fv2%2Fcomments&post=2872"}],"version-history":[{"count":2,"href":"https:\/\/www.kirdki.com\/index.php?rest_route=\/wp\/v2\/posts\/2872\/revisions"}],"predecessor-version":[{"id":2875,"href":"https:\/\/www.kirdki.com\/index.php?rest_route=\/wp\/v2\/posts\/2872\/revisions\/2875"}],"wp:featuredmedia":[{"embeddable":true,"href":"https:\/\/www.kirdki.com\/index.php?rest_route=\/wp\/v2\/media\/2873"}],"wp:attachment":[{"href":"https:\/\/www.kirdki.com\/index.php?rest_route=%2Fwp%2Fv2%2Fmedia&parent=2872"}],"wp:term":[{"taxonomy":"category","embeddable":true,"href":"https:\/\/www.kirdki.com\/index.php?rest_route=%2Fwp%2Fv2%2Fcategories&post=2872"},{"taxonomy":"post_tag","embeddable":true,"href":"https:\/\/www.kirdki.com\/index.php?rest_route=%2Fwp%2Fv2%2Ftags&post=2872"}],"curies":[{"name":"wp","href":"https:\/\/api.w.org\/{rel}","templated":true}]}}