{"id":2865,"date":"2019-02-19T15:24:48","date_gmt":"2019-02-19T12:24:48","guid":{"rendered":"http:\/\/www.kirdki.com\/?p=2865"},"modified":"2023-02-14T00:39:06","modified_gmt":"2023-02-13T21:39:06","slug":"tepistise-sex-serifi","status":"publish","type":"post","link":"https:\/\/www.kirdki.com\/?p=2865","title":{"rendered":"Tepi\u015fti\u015f\u00ea \u015e\u00eax \u015eer\u00eef\u00ee"},"content":{"rendered":"<p>Ar\u015f\u00eev\u00ea rojnamey\u00ea Cumhur\u00eeyet\u00ee ra roja ke \u015e\u00eax \u015eer\u00eef ameyo tepi\u015fti\u015f xeber\u00eak vej\u00eeyaya.<\/p>\n<p>Ma na xebere pa fotograf\u00ee ya teqd\u00eem\u00ea \u015fima ken\u00ea.<\/p>\n<p><a href=\"http:\/\/www.kirdki.com\/wp-content\/uploads\/2019\/02\/\u015feyx-\u015fer\u00eef-25-may\u0131s-1925.jpg\"><img loading=\"lazy\" decoding=\"async\" class=\"aligncenter size-full wp-image-2867\" src=\"http:\/\/www.kirdki.com\/wp-content\/uploads\/2019\/02\/\u015feyx-\u015fer\u00eef-25-may\u0131s-1925.jpg\" alt=\"\u015feyx \u015fer\u00eef 25 may\u0131s 1925\" width=\"607\" height=\"1639\" srcset=\"https:\/\/www.kirdki.com\/wp-content\/uploads\/2019\/02\/\u015feyx-\u015fer\u00eef-25-may\u0131s-1925.jpg 607w, https:\/\/www.kirdki.com\/wp-content\/uploads\/2019\/02\/\u015feyx-\u015fer\u00eef-25-may\u0131s-1925-111x300.jpg 111w, https:\/\/www.kirdki.com\/wp-content\/uploads\/2019\/02\/\u015feyx-\u015fer\u00eef-25-may\u0131s-1925-379x1024.jpg 379w\" sizes=\"auto, (max-width: 607px) 100vw, 607px\" \/><\/a><\/p>\n<p><strong>\u015eeyh \u015eer\u00eef<\/strong><\/p>\n<p>\u00c7ap\u00e2k\u00e7\u00fbr civ\u00e2r\u0131nda bir ma\u011f\u00e2rada yakalanan \u00e2s\u00eelerin bu m\u00fchim re\u00eesinin resmi<\/p>\n<p>As\u00eelerin m\u00fchim reisi Elaz\u00eez cephesi kumandan\u0131 olup<\/p>\n<p>bir ma\u011farada derdest edilen<\/p>\n<p>\u015eeyh \u015eer\u00eef muh\u00e2f\u0131zlar\u0131 aras\u0131nda<\/p>\n<p>(Sa\u011f\u0131nda ve solunda Himmet ve \u015eer\u00eef \u00e7avu\u015flar)<\/p>\n<p>Bayram\u0131n birinci ve Nisan\u2019\u0131n yigirmi d\u00f6rd\u00fcnc\u00fc Cuma g\u00fcn\u00fc \u00c7ap\u00e2k\u00e7\u00fbr civ\u00e2r\u0131nda bir ma\u011farada alay 13-1 K 2 taraf\u0131ndan derdest edilen \u015eeyh \u015eer\u00eef\u2019in derdestini m\u00fcte\u00e2kib al\u0131nm\u0131\u015f ilk resmini yukar\u0131ya derc ediyoruz. Bu resim Elaz\u00eez\u2019de k\u00e2ri\u2019lerimizden (okurlar\u0131m\u0131zdan) Abdurrahman beg taraf\u0131ndan g\u00f6nderilmi\u015ftir. \u015eeyh \u015eer\u00eef \u00e2s\u00eelerin en az\u0131l\u0131 r\u00fces\u00e2s\u0131ndan biri, Elaz\u00eez \u00fczerine y\u00fcr\u00fcyen us\u00e2t\u0131n kumandan\u0131 idi. Merk\u00fbmun derdestinde on \u00fc\u00e7\u00fcnc\u00fc alay \u00fc\u00e7\u00fcnc\u00fc b\u00f6l\u00fck\u00fcn de himmeti ve fed\u00e2k\u00e2rl\u0131\u011f\u0131 sabket (ge\u00e7mi\u015f) etmi\u015ftir.<\/p>\n<p>Cumhuriyet Gazetesi<\/p>\n<p>25 May\u0131s 1925 Pazartesi tarihli n\u00fcsha<\/p>\n<p><a href=\"http:\/\/www.kirdki.com\/wp-content\/uploads\/2019\/02\/Ads\u0131z1.jpg\"><img loading=\"lazy\" decoding=\"async\" class=\"aligncenter size-full wp-image-2870\" src=\"http:\/\/www.kirdki.com\/wp-content\/uploads\/2019\/02\/Ads\u0131z1.jpg\" alt=\"Ads\u0131z\" width=\"535\" height=\"689\" srcset=\"https:\/\/www.kirdki.com\/wp-content\/uploads\/2019\/02\/Ads\u0131z1.jpg 535w, https:\/\/www.kirdki.com\/wp-content\/uploads\/2019\/02\/Ads\u0131z1-233x300.jpg 233w\" sizes=\"auto, (max-width: 535px) 100vw, 535px\" \/><\/a><\/p>\n","protected":false},"excerpt":{"rendered":"<p>Ar\u015f\u00eev\u00ea rojnamey\u00ea Cumhur\u00eeyet\u00ee ra roja ke \u015e\u00eax \u015eer\u00eef ameyo tepi\u015fti\u015f xeber\u00eak vej\u00eeyaya. Ma na xebere pa fotograf\u00ee ya teqd\u00eem\u00ea \u015fima ken\u00ea. \u015eeyh \u015eer\u00eef \u00c7ap\u00e2k\u00e7\u00fbr civ\u00e2r\u0131nda bir ma\u011f\u00e2rada yakalanan \u00e2s\u00eelerin bu m\u00fchim re\u00eesinin resmi As\u00eelerin m\u00fchim reisi Elaz\u00eez cephesi kumandan\u0131 olup bir ma\u011farada derdest edilen \u015eeyh \u015eer\u00eef muh\u00e2f\u0131zlar\u0131 aras\u0131nda (Sa\u011f\u0131nda ve solunda Himmet ve \u015eer\u00eef \u00e7avu\u015flar) &hellip;<\/p>\n","protected":false},"author":1,"featured_media":2866,"comment_status":"closed","ping_status":"open","sticky":false,"template":"","format":"standard","meta":{"footnotes":""},"categories":[53],"tags":[],"class_list":["post-2865","post","type-post","status-publish","format-standard","has-post-thumbnail","","category-tarix"],"_links":{"self":[{"href":"https:\/\/www.kirdki.com\/index.php?rest_route=\/wp\/v2\/posts\/2865","targetHints":{"allow":["GET"]}}],"collection":[{"href":"https:\/\/www.kirdki.com\/index.php?rest_route=\/wp\/v2\/posts"}],"about":[{"href":"https:\/\/www.kirdki.com\/index.php?rest_route=\/wp\/v2\/types\/post"}],"author":[{"embeddable":true,"href":"https:\/\/www.kirdki.com\/index.php?rest_route=\/wp\/v2\/users\/1"}],"replies":[{"embeddable":true,"href":"https:\/\/www.kirdki.com\/index.php?rest_route=%2Fwp%2Fv2%2Fcomments&post=2865"}],"version-history":[{"count":3,"href":"https:\/\/www.kirdki.com\/index.php?rest_route=\/wp\/v2\/posts\/2865\/revisions"}],"predecessor-version":[{"id":2871,"href":"https:\/\/www.kirdki.com\/index.php?rest_route=\/wp\/v2\/posts\/2865\/revisions\/2871"}],"wp:featuredmedia":[{"embeddable":true,"href":"https:\/\/www.kirdki.com\/index.php?rest_route=\/wp\/v2\/media\/2866"}],"wp:attachment":[{"href":"https:\/\/www.kirdki.com\/index.php?rest_route=%2Fwp%2Fv2%2Fmedia&parent=2865"}],"wp:term":[{"taxonomy":"category","embeddable":true,"href":"https:\/\/www.kirdki.com\/index.php?rest_route=%2Fwp%2Fv2%2Fcategories&post=2865"},{"taxonomy":"post_tag","embeddable":true,"href":"https:\/\/www.kirdki.com\/index.php?rest_route=%2Fwp%2Fv2%2Ftags&post=2865"}],"curies":[{"name":"wp","href":"https:\/\/api.w.org\/{rel}","templated":true}]}}