{"id":2827,"date":"2018-05-27T00:24:32","date_gmt":"2018-05-26T21:24:32","guid":{"rendered":"http:\/\/www.kirdki.com\/?p=2827"},"modified":"2023-02-14T00:39:08","modified_gmt":"2023-02-13T21:39:08","slug":"hey-feleka-bebext-ti-ze-destari-gerena-erjiyaye-sare-ma-tehnena","status":"publish","type":"post","link":"https:\/\/www.kirdki.com\/?p=2827","title":{"rendered":"Hey Feleka B\u00eabext! Ti Z\u00ea Destar\u00ee G\u00earena, Erj\u00eeyay\u00ea \u015ear\u00ea Ma Tehnena"},"content":{"rendered":"<div class=\"m_6744014896204394551entry\">\n<p style=\"text-align: right;\"><strong>Wisif Zozan\u00ee<\/strong><\/p>\n<p>\u00a0 \u00a0 \u00a0Azij\u00ee esl\u00ea xo yew ling\u00ea e\u015f\u00eer\u00ea Suweyd\u00eeyan \u00ea. Nizd\u00eey\u00ea \u00e7ar s\u00ea serr\u00ee cuwa ver mintiqay\u00ea Mistan-Bot\u00eeyan ra bar kerd\u00ee, amey\u00ee \u00c7ewl\u00eeg\u00ee. O wext de \u00c7ewl\u00eeg, dest\u00ea Ehmed\/Hemed Axay\u00ee de bi. Axay\u00ee dest\u00fbr n\u00eada azijan \u00fb esker\u00ea xo \u015fawit \u00eenan ser. \u00ca z\u00ee wedar b\u00ee \u015f\u00ee warey\u00ea Mene\u015fkurd\u00ee, m\u00eerey\u00ea Suweyd\u00eeyan Sil\u00eaman Beg\u00ee ra destegir\u00ee wa\u015ft. Sil\u00eaman Beg z\u00ee e\u015f\u00eer\u00ea Suweyd\u00eeyan ra bi \u00fb merdim\u00ea azijan bi. Azij\u00ee tewr\u00ea kalik\u00ea xo Mela B\u00earem\u00ee yew mude Mene\u015fkurd de mend\u00ee, dima Sil\u00eaman Beg\u00ee esker\u00ea xo ant\u00ee p\u00easer \u00fb ramit \u00c7ewl\u00eeg\u00ee ser. H\u00eer\u00ea \u015few\u00ee \u00fb h\u00eer\u00ea roj\u00ee esker\u00ea m\u00eerey\u00ee erzen\u00ea Madrag\u00ea Lotan ser. Peyn\u00ee de Ehmed\/Hemed Axa qas\u00fbdan er\u015faweno vano ma p\u00eeya b\u00ear\u00ee. Giragir\u00ea \u00c7ewl\u00eeg\u00ee kewen\u00ea beynatey\u00ea her di hetan, eyin p\u00eeya an\u00ea. Azij\u00ee tewr\u00ea e\u015f\u00eer\u00ea xo dew\u00ea Az, Sip\u00eeyeni \u00fb Wisifan gen\u00ea \u00fb t\u00eade nan\u00ea ro. A roje ra nat, h\u00ea dewan\u00ea \u00c7ewl\u00eeg de cuwiyen\u00ea. Label\u00ea wext\u00ea Osman\u00eeyan de \u00ea \u00fb hukmat \u00e7ir\u00ea z\u00ee p\u00eeye n\u00eaam\u00eane. Van\u00ea sebebo ke Mistan-Bot\u00eeyan ra wiri\u015ft\u00ee, yew tehs\u00eeldar\u00ea Osman\u00eeyan \u00eenan dest ra amebi ki\u015fti\u015f. Birayan\u00ea b\u00eenan vatbi \u015fima t\u00eeya ra n\u00ea\u015f\u00ear\u00ee hukmat ma n\u00eag\u00eareno. O ride ra \u00ea z\u00ee wedar b\u00eey\u00ea amey\u00ee \u00c7ewl\u00eeg.<\/p>\n<p>Van\u00ea peyn\u00eey\u00ea seserra newyesin de pad\u00ee\u015fah\u00ea Osman\u00eeyan Mehm\u00fbdo diyin welat\u00ea kurdan de terz\u00ea \u00eedarey\u00ee bedelneno \u00fb herinda m\u00eeret\u00ee de wilayetan nano p\u00eara \u00fb wal\u00ee yan z\u00ee muteserifan \u015faweno kurdan ser. M\u00eerey\u00ea kurdan vera ci vinden\u00ee \u00fb sere dar\u00ean weda. Mintiqaya \u00c7ewl\u00eeg, G\u00eenc \u00fb der \u00fb dorme de m\u00eerey\u00ea Suweyd\u00eeyan b\u00eeb\u00ee. Cabax\u00e7\u00fbr de keyey\u00ea Mitol\u00eeyan ra Sil\u00eaman Beg z\u00ee tewr\u00ea e\u015f\u00eer\u00ea Az \u00fb Pox\u00ee ya serra 1890 de vera \u00eedarey\u00ea Osman\u00eeyan vindert. \u00c7end serr\u00ee baj n\u00eada dewlete. Muteserif\u00ea \u00c7ewl\u00eeg\u00ee paytex\u00ea Osmaniyan r\u00ea telgraf ant \u00fb va Sil\u00eaman Beg\u00ee, e\u015f\u00eeran\u00ea Az \u00fb Poxe dormey\u00ea xo de ar\u00ee day\u00ee \u00fb ramit qonaxa hukmat\u00ee ser. Naye ser hukmat\u00ea osman\u00eeyan esker er\u015fawit \u00c7ewl\u00eeg \u00fb serewedarti\u015f\u00ea azijan \u00fb poxijan bertaraf kerd. Cuwa pey Sil\u00eaman beg tewr\u00ea keyey\u00ea ci er\u015fawit Xarp\u00eat sirg\u00fbn. \u00c7end serr\u00ee sirg\u00fbn de mend\u00ee \u00fb \u015feref\u00ea eyin pay\u00eemal bi. Telgrafo ke ameyo er\u015fawiti\u015f tede no metn esto:<\/p>\n<p><em>\u00a0 \u00a0 \u00a0Bitlis Vilayet-i Behiyyesine<\/em><\/p>\n<p><em>\u00a0 \u00a0 \u00a0\u00c7apak\u00e7ur kazas\u0131 m\u00fclhakat\u0131ndan olub yedi sekiz seneden beri da\u2019ire-i inkiyad ve ita\u2019atdan \u00e7\u0131km\u0131\u015f olan Az Nahiyesi\u2019nin harekat-\u0131 askeriye icras\u0131na hacet kalmaks\u0131z\u0131n sevk olunan kuvve-i zaptiye ile ne suretle arz-\u0131 dahalet ve istiman eylediklerine ve yine bu kabilden olan Po\u011f Nahiyesi ahalisinin dahi tedabir-i hakim\u00e2ne ile daire-i itaate idhaline te\u015febb\u00fcs edildi\u011fine ve teferruat\u0131na dair varid olan 24 Te\u015frin-i evvel 1306 tarih ve y\u00fcz d\u00f6rt numaral\u0131 tahrirat-\u0131 behiyyeleri m\u00fctalaa g\u00fczar-\u0131 acizi oldu\u011fu bu babda masruf olan himmet te\u2019min-i asayi\u015fe hizmet edecek asar-\u0131 me\u015fkureden olarak cidden \u015fayan-\u0131 takdir bulunma\u011fla hassaten beyan-\u0131 te\u015fekk\u00fcr ve mahzuziyete ibtidar k\u0131l\u0131nd\u0131 ol-babda. Tebyiz tarihi 12 Rabiu\u2019l-ahir 1308\/14 Te\u015frin-i sani 1306\/25 Kas\u0131m 1890<\/em>\u00a0(DH. MKT 1785\/19)<\/p>\n<p>Meseley\u00ea \u015e\u00eax Se\u00eed de azij\u00ee tewr\u00ea \u015e\u00eaxan\u00ea \u00c7an\u00ee, ewil\u00ee het\u00ea G\u00eax\u00ee ser \u015f\u00ee. Temran de kewt\u00ee pus\u00ee \u00e7end ten\u00ee b\u00ee b\u00eer\u00eendar. Cam\u00eardiy\u00ea\u00a0Mehemed S\u00eelem\u00fbn\u00ee Zuha\u00a0hama ra z\u00ee m\u00eeyan\u00ea azijan de p\u00ea qal bena. Cuwa p\u00ea tewr\u00ea \u015e\u00eax \u015eer\u00eef\u00ee \u015f\u00ee het\u00ea Xarp\u00eat\u00ee. Hetan\u00ea peyn\u00ee \u015f\u00eaxan ra ciya n\u00eab\u00ee. Meseley\u00ea \u015e\u00eaxan ra p\u00ea hukmat azijan ra xeyl\u00eak merdim\u00ee berd\u00ee xeneqnay\u00ee. Az\u00ea cor\u00ee ra S\u00eelem\u00fbn Emer\u00ee (Bozaba), Gov ra El\u00ee Hej\u00ee (Baylaz) \u00fb biray\u00ea ey Sil\u00eaman Hej\u00ee (Baylaz), Va\u015fk\u00een ra Ehmed \u00c7awu\u015f (Bulda\u011f), Wisifan ra Sil\u00eaman \u015eer\u00eef (Berdibek) \u00fb Ehmed \u015eer\u00eef (Berdibek), M\u00eerzan ra Mehemed (Burakgazi) berd\u00ee xeneqnay\u00ee. Xeyl\u00eak azij\u00ee z\u00ee \u015fawit\u00ee sirg\u00fbn. Hukmat bad\u00ea meseley\u00ea \u015e\u00eaxan dest e\u015ft n\u00ea keyeyan, qij \u00fb torn\u00ea \u00eenan guret\u00ee xo hete. Het\u00ea s\u00eeyaset\u00ee ya n\u00ea keyey\u00ee xes\u00eenay\u00ee. Keyey\u00ea Hej\u00ee Az, Wisifan \u00fb M\u00eerzan ra \u00e7end keyey\u00ee kerd\u00ee zey xo, berd\u00ee re\u00e7\u00ea xo ser. Kalikan xeneqnen\u00ea, torn\u00ea ci z\u00ee ben\u00ea fek\u00ea ber\u00ea xo de ken\u00ea xizmetkar\u00ea xo. Label\u00ea miyan\u00ea azijan de hewna z\u00ee tay merdim\u00ee peyda b\u00ee \u00fb vera hukmat\u00ee re\u00e7\u00ea bawkalan\u00ea xo ra \u015f\u00ee. Sey Se\u00eed El\u00e7\u00ee ke part\u00eeya demokrat\u00eek a Kurd\u00eestan nano ro. Meseley\u00ea 49an de z\u00ee ame mehkeme kerdi\u015f. Cuwa pey z\u00ee Kurdistan\u00ea Iraq de p\u00ea dest\u00ea merdiman\u00ea xay\u00eenan ame ki\u015fti\u015f. Her yew erzeno \u00ea b\u00een ser la ma naye hol zan\u00ea ke gi\u015ft\u00ea piyor\u00ea hetan tede esto. Van\u00ea wexto ke Se\u00eed El\u00e7\u00ee keweno qatilan\u00ea xo dest vano:\u00a0<em>Ero b\u00eabext\u00ean! Mi xo r\u00ea merg na bi ro. La mi \u015fik n\u00eakerd\u00een ez p\u00ea dest\u00ea milet\u00ea xo yeno ki\u015fti\u015f.<\/em>Welhasil kurdan\u00ea b\u00eabextan ser\u00ea Se\u00eed El\u00e7\u00ee werd. Se\u00eed dima warzay\u00ee azijan \u015eak\u00eer Hej Cemal vej\u00eeya \u00fb meseley\u00ea kurdan ser o gan\u00ee xo da. Ey dima Say\u00eem (Baluken) laj\u00ee Hej Se\u00eed Mala Emer\u00ee dewaya T\u00d6B-DER ra ceza guret \u00fb des serr\u00ee ra ziyed Mamak de heps de mend. Heps ra vera d\u00eeya, zaf derg n\u00eakerd n\u00eawe\u015f\u00eeya p\u00ees tede vej\u00eeya, \u015fi rehmet. Rencber Ez\u00eez (Berdibek) laj\u00ee Hej\u00ee F\u00eel\u00eet Dor\u00ea\u015f wext\u00ea \u00eeht\u00eelal\u00ea 12 \u00eal\u00fbl de p\u00ea lawikan\u00ea xo milet h\u00ee\u015far kerd. O z\u00ee rema \u015fi Ewropa \u00fbja de merd.<\/p>\n<p>Hemin ser ra s\u00eeyaset\u00ea kurdan de merdimo erjiyaye \u00cedr\u00ees (Baluken) laj\u00ee Se\u00eed Hej\u00ee Tajd\u00een yew hew \u00c7ewl\u00eeg de hewa b\u00een z\u00ee Diyarbekir de wek\u00eelt\u00ee kerd. Wexto tewr giran de bar\u00ea kurdan na xo pa\u015fta fedakar\u00eeya p\u00eel kerd. P\u00ea serran \u00c7ewl\u00eeg de doxtor\u00ee kerd. P\u00eel ra qij, c\u00een\u00ee ra c\u00fbmyerd p\u00eeyor \u015f\u00ee hete ey \u00fb muayene b\u00ee. Beynatey\u00ea serran\u00ea 2012-2015 de semed\u00ea a\u015fit\u00ee qasid\u00ee kerd. \u00cenke p\u00ea qerara s\u00eeyas\u00ee mehkema bi \u00fb 16 serr\u00ee 8 a\u015fm\u00ee ceza guret \u00fb Hepisxaney\u00ea S\u00eencan de gurete yo.Hukmat g\u00eareno qijan\u00ea azijan bixesno. Ey ke xesinay\u00ea berd\u00ea kerd\u00ea xizmetkar\u00ea xo, p\u00ea gureyan dan\u00ea kerdi\u015f. La ey ke n\u00eaamey\u00ee xes\u00eenayi\u015f ya ki\u015ft\u00ee yan z\u00ee e\u015ft\u00ee hepsan.<\/p>\n<p>B\u00eabexta felek, b\u00eeya destar\u00ea hukmat\u00ee her roj yew erjiyay\u00ea ma tehnena.<\/p>\n<\/div>\n","protected":false},"excerpt":{"rendered":"<p>Wisif Zozan\u00ee \u00a0 \u00a0 \u00a0Azij\u00ee esl\u00ea xo yew ling\u00ea e\u015f\u00eer\u00ea Suweyd\u00eeyan \u00ea. Nizd\u00eey\u00ea \u00e7ar s\u00ea serr\u00ee cuwa ver mintiqay\u00ea Mistan-Bot\u00eeyan ra bar kerd\u00ee, amey\u00ee \u00c7ewl\u00eeg\u00ee. O wext de \u00c7ewl\u00eeg, dest\u00ea Ehmed\/Hemed Axay\u00ee de bi. Axay\u00ee dest\u00fbr n\u00eada azijan \u00fb esker\u00ea xo \u015fawit \u00eenan ser. \u00ca z\u00ee wedar b\u00ee \u015f\u00ee warey\u00ea Mene\u015fkurd\u00ee, m\u00eerey\u00ea Suweyd\u00eeyan Sil\u00eaman Beg\u00ee &hellip;<\/p>\n","protected":false},"author":10,"featured_media":2829,"comment_status":"closed","ping_status":"open","sticky":false,"template":"","format":"standard","meta":{"footnotes":""},"categories":[46],"tags":[],"class_list":["post-2827","post","type-post","status-publish","format-standard","has-post-thumbnail","","category-keyepel"],"_links":{"self":[{"href":"https:\/\/www.kirdki.com\/index.php?rest_route=\/wp\/v2\/posts\/2827","targetHints":{"allow":["GET"]}}],"collection":[{"href":"https:\/\/www.kirdki.com\/index.php?rest_route=\/wp\/v2\/posts"}],"about":[{"href":"https:\/\/www.kirdki.com\/index.php?rest_route=\/wp\/v2\/types\/post"}],"author":[{"embeddable":true,"href":"https:\/\/www.kirdki.com\/index.php?rest_route=\/wp\/v2\/users\/10"}],"replies":[{"embeddable":true,"href":"https:\/\/www.kirdki.com\/index.php?rest_route=%2Fwp%2Fv2%2Fcomments&post=2827"}],"version-history":[{"count":2,"href":"https:\/\/www.kirdki.com\/index.php?rest_route=\/wp\/v2\/posts\/2827\/revisions"}],"predecessor-version":[{"id":2831,"href":"https:\/\/www.kirdki.com\/index.php?rest_route=\/wp\/v2\/posts\/2827\/revisions\/2831"}],"wp:featuredmedia":[{"embeddable":true,"href":"https:\/\/www.kirdki.com\/index.php?rest_route=\/wp\/v2\/media\/2829"}],"wp:attachment":[{"href":"https:\/\/www.kirdki.com\/index.php?rest_route=%2Fwp%2Fv2%2Fmedia&parent=2827"}],"wp:term":[{"taxonomy":"category","embeddable":true,"href":"https:\/\/www.kirdki.com\/index.php?rest_route=%2Fwp%2Fv2%2Fcategories&post=2827"},{"taxonomy":"post_tag","embeddable":true,"href":"https:\/\/www.kirdki.com\/index.php?rest_route=%2Fwp%2Fv2%2Ftags&post=2827"}],"curies":[{"name":"wp","href":"https:\/\/api.w.org\/{rel}","templated":true}]}}