{"id":2787,"date":"2017-07-25T12:55:14","date_gmt":"2017-07-25T09:55:14","guid":{"rendered":"http:\/\/www.kirdki.com\/?p=2787"},"modified":"2023-02-14T00:39:10","modified_gmt":"2023-02-13T21:39:10","slug":"hero-komunist","status":"publish","type":"post","link":"https:\/\/www.kirdki.com\/?p=2787","title":{"rendered":"Hero Komun\u00eest"},"content":{"rendered":"<p><strong>\u00a0<\/strong><\/p>\n<p style=\"text-align: right\"><strong>\u00a0 \u00a0 \u00a0 \u00a0 \u00a0 \u00a0 \u00a0 \u00a0 \u00a0 \u00a0 \u00a0 \u00a0 \u00a0 \u00a0 \u00a0 \u00a0 \u00a0 \u00a0 \u00a0 \u00a0 \u00a0 \u00a0 \u00a0 \u00a0 \u00a0 \u00a0 \u00a0 \u00a0 \u00a0 \u00a0 \u00a0 \u00a0\u00cesmet Bor<\/strong><\/p>\n<p><strong>\u00a0<\/strong><\/p>\n<p><strong>Ya\u015fer, yewo kot\u00ealkin, kilmek bi. Por\u00ea xui tim\u00fbtim kerd\u00ean h\u00eet \u00fb ki\u015fta \u00e7ep ser o \u015fane kerd\u00ean. Por\u00ea xo ra zaf hes kerd\u00ean. Por\u00ea xo hend \u015fane kerd\u00ean hend \u015fane kerd\u00ean, to vat\u00ean utu kerdo; muye, muye ser o edilnayeb\u00ee. Yew \u00ealego gowrik \u00fb \u00ee\u015fligo sip\u00ee piradayeb\u00ee. C\u00eab\u00ea \u00ee\u015flig\u00ea ey de \u015faney\u00ea ey \u00fb yew eyneyo p\u00ea suret\u00ea d\u00eek\u00eeya tim\u00fbtim amade b\u00ee. \u015eapik\u00ee ey z\u00ee keten \u00fb rengo gowrik ra b\u00ee. Sere \u00fb \u00e7im\u00ee ey zaf pak b\u00ee.\u00a0 Hend pak bi, suret\u00ea ey \u00fb por\u00ea ey sey eyney\u00ee bereq\u00eeyen\u00ee. Riy\u00ea ey tim\u00fbtim huyayi\u015f de b\u00ee la eke merdim\u00ee o biqehirn\u00ean\u00ee zaf b\u00eey\u00ean teng, mur\u00ea xo ard\u00ean p\u00easer, to kard\u00ee pira nay\u00eane \u00e7ilka gon\u00ee ci ra n\u00eaam\u00eane la zaf lez z\u00ee b\u00eey\u00ean a\u015ft. Hendo ke to bivat\u00ean: \u201c Ya\u015fer! Mi xo r\u00ea yar\u00ee kerd.\u201d Ca d\u2019 r\u00eey\u00ea ey kewt\u00ean huyay\u00ee\u015f \u00fb vat\u00ean: \u201cEz zana ti merdimo ba\u015f \u00ea. Ti xo r\u00ea yar\u00ee ken\u00ea.\u201d O n\u00eae\u015fkay\u00eane herfan\u00ea \u201c\u00c7\u201d \u00fb \u201c\u015e\u201d z\u00ee vajo. Herinda n\u00ea herfan de herfa \u201cS\u201c y\u00ee \u015fuxulnay\u00eane. Mesela n\u00eae\u015fkay\u00eane vajo; \u201c\u015eeker\u201d, vat\u00ean; \u201cSeker\u201c yan herinda \u201c\u00c7aye\u201d de vat\u00ean; \u201cSay\u201d.<\/strong><\/p>\n<p><strong>Ya\u015fer zaf zerr\u00eepak b\u00ee. Zerr\u00eepak\u00eeya ey day\u00ean r\u00eey\u00ea ey ro, r\u00eeye ey sey yew p\u00eeye\u00e7eke asay\u00eane. Wina b\u00eaguna. Deq \u00fb dolaban ra fam n\u00eakerd\u00eane. Kam\u00ee \u00e7i bivat\u00ean ca d\u2019 kewt\u00ean sare. Eke merdim\u00ee o tengzar bikerd\u00ean dima z\u00ee ci r\u00ea yew \u00e7ay bivat\u00ean yan cixaray\u00eak bid\u00ean ci, her \u00e7\u00ee xo v\u00eer ra kerd\u00ean. H\u00ears \u00fb her\u00eeday\u00ee\u015f \u00e7i yo, n\u00eazan\u00eane. Wina sey awa zelal pak \u00fb saf\u00eak b\u00ee. \u00c7\u00eey\u00eak zerra ey ser o \u00e7in b\u00ee.<\/strong><\/p>\n<p><strong>Xora merdim\u00ee bivat\u00ean \u201cYa\u015fer\u201d \u00e7ew\u00ee o n\u00easina\u015fnay\u00eane. To gera bivat\u00ean: \u201cQerpuz Ya\u015fer\u201d, hema merdim\u00ee zan\u00eane ti kam\u00ee ra behs ken\u00ea. \u00c7ira ey ra vat\u00ean \u201cQerpuz Ya\u015fer\u201d ez n\u00eazana.<\/strong><\/p>\n<p><strong>\u00a0<\/strong><\/p>\n<p><strong>Ez bawer kena serra 1991\u00ea b\u00ee. Ya\u015fer \u00fb \u00e7endna embaz\u00ea xo \u015few\u00ea ra bi heran\u00ea xo ya \u015fin\u00ee ko ra kol\u00eeyan b\u00eeyar\u00ee. Xebera \u00eenan tira \u00e7in\u00eek a esker vej\u00eeyayo operasyon. Esker n\u00eenan hes\u00eeyeno, nano pa. Rind v\u00eer\u00ea mi n\u00eeno, la ez bawer kena yew xort mireno \u00e7end ten\u00ee z\u00ee ben\u00ea bir\u00eendar. Bir\u00eedaran ra yew z\u00ee Ya\u015fer o. Her\u00ea Ya\u015fer\u00ee gewer beno \u00fb Ya\u015fer z\u00ee linga xo ra beno bir\u00eendar. Tim na linga xo ra leng\u00eane.<\/strong><\/p>\n<p><strong>Serra 1993\u00ea de ez YSE de sey xebatkar\u00ea demsal\u00ee(mevsimlik i\u015f\u00e7i) kewta gure. Ya\u015fer z\u00ee kewtbi gure. Ez be\u015fa muhasebe de xebit\u00eeyay\u00eane, Ya\u015fer\u00ee \u00e7i g\u00fbre kerd\u00ean ez n\u00eazana la ma eyn\u00ee qat de b\u00ee. Wexto ke mi mab\u00ean bid\u00eane Ya\u015fer am\u00eane ver\u00ee mi, ma p\u00eeya cixare \u00fb \u00e7ay \u015fimit\u00ean.<\/strong><\/p>\n<p><strong>Roj\u00eak ma reyna wina p\u00eeya \u00e7aye \u015fimen\u00ee \u00fb cixaraya xo pufnen\u00ea, kewt v\u00eer\u00ea mi ke Ya\u015fer ser o bir\u00eendarb\u00eeyay\u00ee\u015f\u00ea xo meselay\u00eak vano. Xora mesela yew\u00ee vista ey sare, ey z\u00ee bawer kerdo. Mi ey ra pers kerd \u00fb va: \u201c Ya\u015fer! Na linga to sen\u00ee wina b\u00eeya?\u201d<\/strong><\/p>\n<p><strong>Ey xo ant p\u00easer, tavr\u00ea xo kerd cidd\u00ee, mur\u00ea xo ard p\u00easer \u00fb va: \u201cLa qey ti n\u00eazan\u00ee?\u201d<\/strong><\/p>\n<p><strong>Mi va: \u201c N\u00ea. Ez n\u00eazana.\u201d<\/strong><\/p>\n<p><strong>Va: \u201cTi Saloy\u00ea filan kes\u00ee sina\u015fnen\u00ee?\u201d<\/strong><\/p>\n<p><strong>Mi va: \u201cN\u00ea\u201d.<\/strong><\/p>\n<p><strong>Va: \u201c Ti sen\u00ee Salo komun\u00eest\u00ee n\u00easina\u015fnen\u00ee! Salo ke keyey\u00ea ey\u00ee \u00c7ar\u015fuya War de yo.\u201d<\/strong><\/p>\n<p><strong>Mi va: \u201c Ez n\u00easina\u015fnena, \u00e7i elaqey\u00ea Saloy\u00ee \u00fb linga to p\u00eeya esto?\u201d<\/strong><\/p>\n<p><strong>Va: \u201c Mi her\u00ea Saloy\u00ee berd kol\u00eeyan, na feleke ame mi ser&#8230;\u201d<\/strong><\/p>\n<p><strong>Mi va: \u201c La qey? \u00c7i suc\u00ea her\u00ee \u00fb Saloy\u00ee esto?\u201d<\/strong><\/p>\n<p><strong>Va: \u201c Mi vat\u00ean ti baqil \u00ea! Salo komun\u00eest n\u00eeyo?\u201d<\/strong><\/p>\n<p><strong>Mi va: \u201c Gorey\u00ea vati\u015f\u00ea to komun\u00eest o.\u201d<\/strong><\/p>\n<p><strong>Ey va: \u201c E. Eke Sal komun\u00eest o, her\u00ee ey \u00e7\u00ee yo?\u201d<\/strong><\/p>\n<p><strong>Xora ez zana o \u00e7i semed a wina vano. Mi p\u00ea qestik\u00een a va:\u201dHer\u00ee ey, her o, la \u00e7\u00ee yo.\u201d<\/strong><\/p>\n<p><strong>Ey va: \u201c Willay ti ehmeq\u00eak \u00ea, mela ez to r\u00ea tek\u00fbtek p\u00earune lawa ker\u00ee. Eke Sal komun\u00eest bo, xora her\u00ee ey z\u00ee komun\u00eest n\u00eabeno!\u201d<\/strong><\/p>\n<p><strong>Mi va: \u201c Himm. Ee. La eskeran \u00e7ira na to ya?\u201d<\/strong><\/p>\n<p><strong>Ey wina h\u00ears ra va: \u201cTi n\u00eavan\u00ee, esker\u00ee Salo \u00fb her\u00ee ey p\u00eeya sina\u015fnen\u00ee. Ey zan\u00ee her di z\u00ee komun\u00eest \u00ea.\u00a0 La mi n\u00eazan\u00eane Sal komun\u00eest o. La qey \u00e7arey\u00ea ey a nuseno. Ez \u00e7a ra bizan\u00ee Sal komun\u00eest o. \u00ca, wexto ke Sal komun\u00eest bi, her\u00ee ey z\u00ee komun\u00eest o. Esker\u00ee qayil n\u00eab\u00ee min a n\u00ea. Eskeran na hero komun\u00eest\u00ee ya xora o gewer bi \u00fb yew gule z\u00ee xeleta gina korr\u00ea min ro.\u201d<\/strong><\/p>\n<p><strong>Xora serra 1994 de bi namey\u00ea ter\u00f6r yasasi Ya\u015fer gure ra vetbi. Hem kerdbi seqet hem z\u00ee teror\u00eest. Homa rehma xo ey bikero.<\/strong><\/p>\n<p><strong>\u00a0<\/strong><\/p>\n","protected":false},"excerpt":{"rendered":"<p>\u00a0 \u00a0 \u00a0 \u00a0 \u00a0 \u00a0 \u00a0 \u00a0 \u00a0 \u00a0 \u00a0 \u00a0 \u00a0 \u00a0 \u00a0 \u00a0 \u00a0 \u00a0 \u00a0 \u00a0 \u00a0 \u00a0 \u00a0 \u00a0 \u00a0 \u00a0 \u00a0 \u00a0 \u00a0 \u00a0 \u00a0 \u00a0 \u00a0\u00cesmet Bor \u00a0 Ya\u015fer, yewo kot\u00ealkin, kilmek bi. Por\u00ea xui tim\u00fbtim kerd\u00ean h\u00eet \u00fb ki\u015fta \u00e7ep ser o \u015fane kerd\u00ean. Por\u00ea xo ra &hellip;<\/p>\n","protected":false},"author":16,"featured_media":2789,"comment_status":"closed","ping_status":"open","sticky":false,"template":"","format":"standard","meta":{"footnotes":""},"categories":[1],"tags":[],"class_list":["post-2787","post","type-post","status-publish","format-standard","has-post-thumbnail","","category-gen"],"_links":{"self":[{"href":"https:\/\/www.kirdki.com\/index.php?rest_route=\/wp\/v2\/posts\/2787","targetHints":{"allow":["GET"]}}],"collection":[{"href":"https:\/\/www.kirdki.com\/index.php?rest_route=\/wp\/v2\/posts"}],"about":[{"href":"https:\/\/www.kirdki.com\/index.php?rest_route=\/wp\/v2\/types\/post"}],"author":[{"embeddable":true,"href":"https:\/\/www.kirdki.com\/index.php?rest_route=\/wp\/v2\/users\/16"}],"replies":[{"embeddable":true,"href":"https:\/\/www.kirdki.com\/index.php?rest_route=%2Fwp%2Fv2%2Fcomments&post=2787"}],"version-history":[{"count":1,"href":"https:\/\/www.kirdki.com\/index.php?rest_route=\/wp\/v2\/posts\/2787\/revisions"}],"predecessor-version":[{"id":2966,"href":"https:\/\/www.kirdki.com\/index.php?rest_route=\/wp\/v2\/posts\/2787\/revisions\/2966"}],"wp:featuredmedia":[{"embeddable":true,"href":"https:\/\/www.kirdki.com\/index.php?rest_route=\/wp\/v2\/media\/2789"}],"wp:attachment":[{"href":"https:\/\/www.kirdki.com\/index.php?rest_route=%2Fwp%2Fv2%2Fmedia&parent=2787"}],"wp:term":[{"taxonomy":"category","embeddable":true,"href":"https:\/\/www.kirdki.com\/index.php?rest_route=%2Fwp%2Fv2%2Fcategories&post=2787"},{"taxonomy":"post_tag","embeddable":true,"href":"https:\/\/www.kirdki.com\/index.php?rest_route=%2Fwp%2Fv2%2Ftags&post=2787"}],"curies":[{"name":"wp","href":"https:\/\/api.w.org\/{rel}","templated":true}]}}