{"id":2761,"date":"2017-06-06T23:40:48","date_gmt":"2017-06-06T20:40:48","guid":{"rendered":"http:\/\/www.kirdki.com\/?p=2761"},"modified":"2023-02-14T00:39:12","modified_gmt":"2023-02-13T21:39:12","slug":"xireto-dini-u-xireto-milli","status":"publish","type":"post","link":"https:\/\/www.kirdki.com\/?p=2761","title":{"rendered":"X\u00eereto\u00a0D\u00een\u00ee \u00fb X\u00eereto M\u00eell\u00ee"},"content":{"rendered":"<p style=\"text-align: right\"><strong>Wisif Zozan\u00ee<\/strong><\/p>\n<p>&nbsp;<\/p>\n<p>Bed\u00eeuzeman Se\u00eed\u00ea Kurd\u00ee\u00a0xo bi xo\u00a0pers ken \u00fb vano:\u00a0<em>\u201cX\u00eereto d\u00een\u00ee \u00fb x\u00eereto mill\u00ee ra kam yew \u00ea b\u00een ra ver o. Cewab<\/em><em>\u00ea<\/em><em>\u00a0xo z\u00ee bixo dano \u00fb vano, x\u00eereto d\u00een\u00ee \u00fb x\u00eereto mill\u00ee het\u00ea mah\u00eeyet\u00ee ra sey p<\/em><em>\u00ea<\/em><em>\u00a0y\u00ea \u00fb het\u00ea \u00eetibar\u00ee ra z\u00ee yew b\u00eenan ra c\u00eeya y\u00ea. X\u00eereto d\u00een\u00ee heme kurdan de peyda beno label\u00ea x\u00eereto mill\u00ee<\/em><em>,<\/em><em>\u00a0se ten\u00ee ra yew\u00ee de yan peyda beno yan n\u00eabeno.\u201d<\/em><\/p>\n<p>Ra\u015fta z\u00ee no vatey\u00ee Bed\u00eeuzeman semed\u00ea\u00a0ma kurdan a hama ra z\u00ee muteber o. Ma e\u015fken\u00ea vaj\u00ee\u00a0ke milet\u00ea\u00a0ma hama ra z\u00ee na mesela c\u00ea m\u00eeyan ra n\u00eaveta.\u00a0Ne\u00a0zanayey\u00ee may\u00ee ne z\u00ee nezan\u00ea may\u00ee na mesele de yew b\u00een ra c\u00eeya n\u00eey\u00ea.<\/p>\n<p>Meseleya\u00a0d\u00een\u00ee yew het\u00ea xo ra ewn\u00eeyena na dinya ra heto b\u00een ra z\u00ee ewn\u00eeyena dinyawa b\u00een ra. La meseleya mill\u00ee p\u00eeyor\u00ea ci na dinya ra eleqedar a. Merdim gereka \u00eenan t\u00eam\u00eeyan mekiro. Mi tim mereq kerd\u00een \u00e7ira hend\u00ea ra alim\u00ee \u00fb melay\u00ee amey\u00ee \u015f\u00eey\u00ee, na mesela qas\u00ee Bed\u00eeuzeman we\u015f \u00eezeh n\u00eakerda. Bad\u00ea c\u00fb mi ke nu\u015fte \u00fb r\u00eesaley\u00ea Bed\u00eeuzeman\u00ee wend\u00ee; mi d\u00ee ke seraser\u00ea nu\u015fteyan\u00ea ey di mantiq \u00fb muhakeme esto. Yew mesela ser wexto ke \u00e7\u00ee nu\u015fto, ewil\u00ee ewn\u00eeyo na mesela het\u00ea zat\u00ee yan\u00ee het\u00ea mah\u00eeyet\u00ea xo teqabul\u00ea\u00a0\u00e7itay\u00ee kena.\u00a0Dim ara z\u00ee aye gore \u00eezehet dayo. Eke mesela ay\u00ea dinya wa \u00eezehet\u00ea xo \u00fb qenaet\u00ea xo z\u00ee a gore vato. Meseleya d\u00een \u00fb dinya t\u00eam\u00eeyan n\u00eakerd\u00ee. No terz yew fikr\u00eeyay\u00ee\u015f, t\u00eana p\u00ea mantiq \u00fb muhakeme beno.<\/p>\n<p>Meseleya qirkerdi\u015f\u00ea\u00a0armen\u00eeyan ser o yi ra hol yew alim\u00ea \u00ea wext\u00ee \u015fahad\u00eeya heq n\u00eadawa.\u00a0Di\u00a0serr\u00ee ver\u00ea\u00a0qirkerdi\u015f\u00ee armen\u00eeyan z\u00ee yew nu\u015fte nu\u015fto \u00fb\u00a0kurd\u00ee h\u00ee\u015fyar kerd\u00ee, \u015f\u00eeret kerd\u00ee. Vato, ma qar\u015f\u00ea gureyan\u00ea dewlet\u00ee meb\u00ean. Ma n\u00eazan\u00ee ke dewlet na siyasete ra \u00e7i pawena. Ters\u00ea mi no yo ke na mesela de dewlete kurdan lekedar biko. Eman yeman ma kurdan ra \u00e7ew \u00e7iy\u00eado \u00eenayin n\u00eakero \u00fb vera\u00a0armen\u00eeyan kalme n\u00eaanco. Ewro kamo ke kalme anto, o kalme t\u00eenapey ag\u00eareno gineno mile t\u00fbtan\u00ea ci.<\/p>\n<p>Ewro ma r\u00ea no \u00eezehet normal eyseno. La wext\u00ea xo gore zaf qiymetdar o. Bed\u00eeuzeman Stenbol de \u00fb Kurd\u00eestan de m\u00eeyan\u00ea e\u015f\u00eeran\u00ea kurdan\u00ee ra g\u00earayo \u00fb \u00ea h\u00ee\u015fyar kerd\u00ee. Vato\u00a0armen\u00eey\u00ee c\u00eeran\u00ea ma y\u00ea. C\u00eerant\u00ee,\u00a0c\u00eeran\u00ea dostan\u00ee ya. Ma gera \u00eayin bipawi. N\u00ea p\u00eeyor\u00ea\u00a0armen\u00eeyan qirkerdi\u015f,\u00a0yew masum\u00ee ki\u015fti\u015f z\u00ee guney\u00eako zaf p\u00eel o.<\/p>\n<p>Bed\u00eeuzeman wexto ke n\u00ea vatey\u00ea xo vat\u00een, zaf melay\u00ee \u00fb \u015f\u00eax\u00ee Kurd\u00eestan\u00ee xo nayb\u00ee keran\u00ee\u00a0\u00fb go\u015f\u00ee \u00e7inayb\u00ee xo\u00a0r\u00ea. \u00c7iyo ke Bed\u00eeuzeman d\u00ee,\u00a0\u00e7ira \u00eenan n\u00ead\u00eey\u00ean. Ez vaj\u00ee\u00a0\u00e7unke mantiq \u00fb muhakemey\u00ea\u00a0Bed\u00eeuzeman \u00fb y\u00ea \u00ea b\u00eenan\u00a0yewb\u00eenanra c\u00eeya bi.<\/p>\n<p>Way\u00eer\u00ea hukmat\u00ee ke\u00a0no xusus de k\u00eaman\u00eey\u00ea kurdan zan\u00ean\u00ee, Bed\u00eeuzeman tim welat\u00ea\u00a0ci ra \u00fb milet\u00ea ci ra d\u00fbr vist\u00een. N\u00eaverd\u00ean b\u00eeyor m\u00eeyan\u00ea \u015far\u00ea xo \u00fb \u00eenan h\u00ee\u015fyar bikero. Heto b\u00een ra melay\u00ee yan z\u00ee \u015f\u00eax\u00ea ke p\u00ea n\u00eeyeto ba\u015f feqet p\u00ea mantiq \u00fb muhakemeyo \u015fa\u015f na mileta belengaz e\u015ft m\u00eeyan\u00ea\u00a0adir\u00ee \u00fb hama ra z\u00ee na milete ray\u00eero ra\u015ft n\u00eav\u00eenena.<\/p>\n<p>Bed\u00eeuzeman vano, n\u00eeyeto ba\u015f t\u00eana bes n\u00eeyo. Gera t\u00eag\u00earay\u00ee\u015f\u00a0z\u00ee ra\u015ft bo. Na a\u015fma bimbarek de ez e\u015fken waz \u00fb nes\u00eehet\u00ea d\u00een\u00ee biker\u00ee. La mi gore \u00eeht\u00eeyac\u00ee n\u00ea \u00e7in\u00ee ya. Milet\u00ea ma muhtac\u00ea d\u00een n\u00eeya, muhtac\u00ea mantiq \u00fb muhakemeyo ra\u015ft a. \u00cebn\u00ee\u00a0 Mulcemo ke Hezret\u00ee El\u00ee qetil kerd nimaj\u00ea\u00a0\u015few ver ser\u00ea\u00e7aqan\u00ea ey nasir gire dabi. La muhakeme \u00fb mantiq tede \u00e7in bi. O ride ra wiri\u015ft \u015fi merdimo zey Hezret\u00ee El\u00ee ki\u015ft.<\/p>\n<p>Yan\u00ee ez nay\u00ea vana,\u00a0merdim p\u00ea n\u00eeyeto ba\u015f zaf gureyan\u00ea xiraban keno. Malesef milet\u00ea ma meseleya d\u00een\u00ee de p\u00ea n\u00eeyeto pak zaf gureyan\u00ea\u00a0xiraban kena. Huma merdimo ke het\u00ea aqil\u00ee ra\u00a0sist o\u00a0muaf tepi\u015feno.\u00a0D\u00een ra mesul n\u00eatepi\u015feno. La ma merdiman n\u00ea gore n\u00eav\u00eejnen\u00ea. Merdim wexto ke sof\u00ee bi, ma ca de p\u00ea xap\u00eeyen\u00ea. Ma n\u00eaewn\u00eeyen\u00ea, no merdim way\u00eer\u00ea mantiq\u00ee yo yan n\u00ea.<\/p>\n<p>No xusus de Bed\u00eeuzeman hewna vano merdimo ke\u00a0tewr zaf zerar dano d\u00een, o merdimo ke het\u00ea manew\u00eeyat\u00ee ra xurt o label\u00ea het\u00ea aqil\u00ee ra k\u00eam o. Ra\u015fta ti wexto ke behs\u00ea manew\u00eeyat\u00ee milet\u00ea\u00a0ma r\u00ea ken\u00ea xora \u015fin\u00ea. La meseleya\u00a0dinya de aqil\u00ee \u00eenan vindeno, meseleya tewr qij c\u00ea m\u00eeyan ra n\u00eavejen\u00ea.<\/p>\n<p>Qala pey\u00een ez nay\u00ea vano: Ver\u00ea her \u00e7\u00ee ma gera mantiq \u00fb muhakeme bim\u00fbs \u00fb p\u00ea emel bikir\u2019. Merdimo ke aqil\u00ee ci \u00e7in o,\u00a0d\u00een\u00ea ci z\u00ee \u00e7in o. Homa vano merdimo ke aqil\u00ea ci esto p\u00eaxamber \u00fb kitab\u00a0ci n\u00eareso z\u00ee gera p\u00ea aqil\u00ea xo mi bisinasno \u00fb bizano. Aqil n\u00eemeto ke ba\u015f o. Merdim p\u00ea, hol \u00fb xirab c\u00ea m\u00eeyan ra keno. Aqil hol n\u00ea\u015fuxul\u00eeyo merdim p\u00ea manew\u00eeyat\u00ee t\u00eana hereket bikero zaf \u015fa\u015f\u00ee keno \u00fb beno di\u015fmen\u00ea nefs\u00ea\u00a0xo \u00fb namey\u00ea\u00a0d\u00een\u00ee ra di\u015fmenat\u00eey\u00ea milet\u00ea xo keno.<\/p>\n<p>Homa vere her \u00e7\u00ee aqil, zanay\u00ee\u015f, mantiq \u00fb muhakeme nas\u00eeb na milet\u00ea ma bikero.<\/p>\n<p><span style=\"text-decoration: underline\">\u00a0<\/span><\/p>\n","protected":false},"excerpt":{"rendered":"<p>Wisif Zozan\u00ee &nbsp; Bed\u00eeuzeman Se\u00eed\u00ea Kurd\u00ee\u00a0xo bi xo\u00a0pers ken \u00fb vano:\u00a0\u201cX\u00eereto d\u00een\u00ee \u00fb x\u00eereto mill\u00ee ra kam yew \u00ea b\u00een ra ver o. Cewab\u00ea\u00a0xo z\u00ee bixo dano \u00fb vano, x\u00eereto d\u00een\u00ee \u00fb x\u00eereto mill\u00ee het\u00ea mah\u00eeyet\u00ee ra sey p\u00ea\u00a0y\u00ea \u00fb het\u00ea \u00eetibar\u00ee ra z\u00ee yew b\u00eenan ra c\u00eeya y\u00ea. X\u00eereto d\u00een\u00ee heme kurdan de peyda &hellip;<\/p>\n","protected":false},"author":10,"featured_media":2762,"comment_status":"closed","ping_status":"open","sticky":false,"template":"","format":"standard","meta":{"footnotes":""},"categories":[1],"tags":[],"class_list":["post-2761","post","type-post","status-publish","format-standard","has-post-thumbnail","","category-gen"],"_links":{"self":[{"href":"https:\/\/www.kirdki.com\/index.php?rest_route=\/wp\/v2\/posts\/2761","targetHints":{"allow":["GET"]}}],"collection":[{"href":"https:\/\/www.kirdki.com\/index.php?rest_route=\/wp\/v2\/posts"}],"about":[{"href":"https:\/\/www.kirdki.com\/index.php?rest_route=\/wp\/v2\/types\/post"}],"author":[{"embeddable":true,"href":"https:\/\/www.kirdki.com\/index.php?rest_route=\/wp\/v2\/users\/10"}],"replies":[{"embeddable":true,"href":"https:\/\/www.kirdki.com\/index.php?rest_route=%2Fwp%2Fv2%2Fcomments&post=2761"}],"version-history":[{"count":1,"href":"https:\/\/www.kirdki.com\/index.php?rest_route=\/wp\/v2\/posts\/2761\/revisions"}],"predecessor-version":[{"id":2763,"href":"https:\/\/www.kirdki.com\/index.php?rest_route=\/wp\/v2\/posts\/2761\/revisions\/2763"}],"wp:featuredmedia":[{"embeddable":true,"href":"https:\/\/www.kirdki.com\/index.php?rest_route=\/wp\/v2\/media\/2762"}],"wp:attachment":[{"href":"https:\/\/www.kirdki.com\/index.php?rest_route=%2Fwp%2Fv2%2Fmedia&parent=2761"}],"wp:term":[{"taxonomy":"category","embeddable":true,"href":"https:\/\/www.kirdki.com\/index.php?rest_route=%2Fwp%2Fv2%2Fcategories&post=2761"},{"taxonomy":"post_tag","embeddable":true,"href":"https:\/\/www.kirdki.com\/index.php?rest_route=%2Fwp%2Fv2%2Ftags&post=2761"}],"curies":[{"name":"wp","href":"https:\/\/api.w.org\/{rel}","templated":true}]}}