{"id":2670,"date":"2016-03-22T23:06:28","date_gmt":"2016-03-22T21:06:28","guid":{"rendered":"http:\/\/www.kirdki.com\/?p=2670"},"modified":"2023-02-14T00:39:15","modified_gmt":"2023-02-13T21:39:15","slug":"yeling-vejiya","status":"publish","type":"post","link":"https:\/\/www.kirdki.com\/?p=2670","title":{"rendered":"Yeling Vej\u00eeya"},"content":{"rendered":"<p>Yelingo ke sey mijd\u00fbn\u00ea wisar\u00ee zan\u00eeyen \u00fb cayan\u00ea berzan de xo bi xo vej\u00eeyeno resa dezgeyan.<\/p>\n<p><a href=\"http:\/\/www.kirdki.com\/wp-content\/uploads\/2016\/03\/\u00c7\u0130R\u0130\u015e.jpg\"><img loading=\"lazy\" decoding=\"async\" class=\" size-large wp-image-2671 aligncenter\" src=\"http:\/\/www.kirdki.com\/wp-content\/uploads\/2016\/03\/\u00c7\u0130R\u0130\u015e-1024x682.jpg\" alt=\"\u00c7\u0130R\u0130\u015e\" width=\"620\" height=\"413\" srcset=\"https:\/\/www.kirdki.com\/wp-content\/uploads\/2016\/03\/\u00c7\u0130R\u0130\u015e-1024x682.jpg 1024w, https:\/\/www.kirdki.com\/wp-content\/uploads\/2016\/03\/\u00c7\u0130R\u0130\u015e-300x200.jpg 300w, https:\/\/www.kirdki.com\/wp-content\/uploads\/2016\/03\/\u00c7\u0130R\u0130\u015e.jpg 1600w\" sizes=\"auto, (max-width: 620px) 100vw, 620px\" \/><\/a><\/p>\n<p>\u00c7ewl\u00eeg de emser cayan\u00ea berzan de vewr zaf varabi. No rid ra hema \u00e7ewl\u00eeg\u00eej\u00ee yeling n\u00ead\u00eebi la bajaran\u00ea binan ra nebat\u00ea yeling\u00ee ame resa \u00c7ewl\u00eeg. Marketan \u00fb dezgeyan\u00ea seyaran de welat\u00eey\u00ee e\u015fken\u00ea yeling biherin\u00ee. Bitaybet\u00ee het\u00ea welat\u00eeyan ke dewan\u00ea koyan de cuyen\u00ea ra d\u00eeyeno ar\u00ea \u00fb bajar de yeno roti\u015f. M\u00eeyan\u00ea \u015far\u00ee de yeno zanay\u00ee\u015f ke yeling n\u00eawe\u015f\u00eeyan\u00ea zerr\u00eey\u00ee r\u00ea hal o.<\/p>\n<p><a href=\"http:\/\/www.kirdki.com\/wp-content\/uploads\/2016\/03\/yelingi.jpg\"><img loading=\"lazy\" decoding=\"async\" class=\"aligncenter size-full wp-image-2673\" src=\"http:\/\/www.kirdki.com\/wp-content\/uploads\/2016\/03\/yelingi.jpg\" alt=\"yelingi\" width=\"261\" height=\"193\" \/><\/a><\/p>\n","protected":false},"excerpt":{"rendered":"<p>Yelingo ke sey mijd\u00fbn\u00ea wisar\u00ee zan\u00eeyen \u00fb cayan\u00ea berzan de xo bi xo vej\u00eeyeno resa dezgeyan. \u00c7ewl\u00eeg de emser cayan\u00ea berzan de vewr zaf varabi. No rid ra hema \u00e7ewl\u00eeg\u00eej\u00ee yeling n\u00ead\u00eebi la bajaran\u00ea binan ra nebat\u00ea yeling\u00ee ame resa \u00c7ewl\u00eeg. Marketan \u00fb dezgeyan\u00ea seyaran de welat\u00eey\u00ee e\u015fken\u00ea yeling biherin\u00ee. Bitaybet\u00ee het\u00ea welat\u00eeyan ke dewan\u00ea &hellip;<\/p>\n","protected":false},"author":1,"featured_media":2672,"comment_status":"closed","ping_status":"open","sticky":false,"template":"","format":"standard","meta":{"footnotes":""},"categories":[52],"tags":[],"class_list":["post-2670","post","type-post","status-publish","format-standard","has-post-thumbnail","","category-kultur"],"_links":{"self":[{"href":"https:\/\/www.kirdki.com\/index.php?rest_route=\/wp\/v2\/posts\/2670","targetHints":{"allow":["GET"]}}],"collection":[{"href":"https:\/\/www.kirdki.com\/index.php?rest_route=\/wp\/v2\/posts"}],"about":[{"href":"https:\/\/www.kirdki.com\/index.php?rest_route=\/wp\/v2\/types\/post"}],"author":[{"embeddable":true,"href":"https:\/\/www.kirdki.com\/index.php?rest_route=\/wp\/v2\/users\/1"}],"replies":[{"embeddable":true,"href":"https:\/\/www.kirdki.com\/index.php?rest_route=%2Fwp%2Fv2%2Fcomments&post=2670"}],"version-history":[{"count":1,"href":"https:\/\/www.kirdki.com\/index.php?rest_route=\/wp\/v2\/posts\/2670\/revisions"}],"predecessor-version":[{"id":2674,"href":"https:\/\/www.kirdki.com\/index.php?rest_route=\/wp\/v2\/posts\/2670\/revisions\/2674"}],"wp:featuredmedia":[{"embeddable":true,"href":"https:\/\/www.kirdki.com\/index.php?rest_route=\/wp\/v2\/media\/2672"}],"wp:attachment":[{"href":"https:\/\/www.kirdki.com\/index.php?rest_route=%2Fwp%2Fv2%2Fmedia&parent=2670"}],"wp:term":[{"taxonomy":"category","embeddable":true,"href":"https:\/\/www.kirdki.com\/index.php?rest_route=%2Fwp%2Fv2%2Fcategories&post=2670"},{"taxonomy":"post_tag","embeddable":true,"href":"https:\/\/www.kirdki.com\/index.php?rest_route=%2Fwp%2Fv2%2Ftags&post=2670"}],"curies":[{"name":"wp","href":"https:\/\/api.w.org\/{rel}","templated":true}]}}