{"id":2641,"date":"2016-03-21T14:43:13","date_gmt":"2016-03-21T12:43:13","guid":{"rendered":"http:\/\/www.kirdki.com\/?p=2641"},"modified":"2023-02-14T00:39:17","modified_gmt":"2023-02-13T21:39:17","slug":"jiyan-tv-dest-bi-wesane-kirdkikirmancki-kerd","status":"publish","type":"post","link":"https:\/\/www.kirdki.com\/?p=2641","title":{"rendered":"JIYAN TV DEST BI WE\u015eAN\u00ca KIRDK\u00ce\/KIRMANCK\u00ce KERD.."},"content":{"rendered":"<p style=\"text-align: justify;\">Jiyan TV\u00a0ke rewna warey\u00ea we\u015fan\u00eeyey\u00ea kurd\u00ee de xebitiyena 21 Edar 2016 de dest bi we\u015fan\u00ea kirdk\u00ee\/kirmanck\u00ee kerd. Hewa ver\u00een a ke yew qanal\u00ea tv yew\u00a0nisbeto berzi de ca dana we\u015fanan\u00ea kirdk\u00ee\/kirmanck\u00ee. Otewr eyseno ke Jiyan TV\u00a0de se de\u00a0pancas ra z\u00eader program\u00ea bi\u00a0kirdk\u00ee\/kirmanck\u00ee y\u00ea. Reyna Jiyan TV de program\u00ea tirk\u00ee \u00fb kurmanck\u00ee z\u00ee ca gen\u00ea. Ma hev\u00ee ken\u00ea ke ameyoxe de t\u00eana Jiyan\u00a0TV bi\u00a0kirdk\u00ee\/kirmanck\u00ee\u00a0\u00a0biwe\u015fan\u00eeyo.<\/p>\n<p style=\"text-align: justify;\">Program\u00ea kirdk\u00ee\/kirmanck\u00ee ke\u00a0Jiyan\u00a0TV de y\u00ea:\u00a0Veng\u00ea \u015eewdiri, \u00a0Her Het Ra, \u00c7ewl\u00eeg ra, Dersim\u00ea Ma, H\u00fbner\u00ea Destan, Namdar\u00ea Kurdan, Veng\u00ea Domanan, Ver\u00ee We\u015f\u00eeye, V\u00eer \u00fb Ziwan, X\u00eaze \u00fb Xoza, Dem \u00fb Reng, Ders\u00ea Ziwan\u00ee&#8230;<\/p>\n<p>Hem\u00ea Kirdan r\u00ea xeyrin bo..<\/p>\n<p><strong>Frekans\u00ea JIYAN TVy\u00ee:\u00a0<\/strong><\/p>\n<p>Namey\u00ea Satel\u00eete: TURKSAT<\/p>\n<p>Frekans: 12422<\/p>\n<p>Polarizasyon: H \u2013 Yatay<\/p>\n<p>Sembol: 30000<\/p>\n<p>Fec: 3\/4<\/p>\n","protected":false},"excerpt":{"rendered":"<p>Jiyan TV\u00a0ke rewna warey\u00ea we\u015fan\u00eeyey\u00ea kurd\u00ee de xebitiyena 21 Edar 2016 de dest bi we\u015fan\u00ea kirdk\u00ee\/kirmanck\u00ee kerd. Hewa ver\u00een a ke yew qanal\u00ea tv yew\u00a0nisbeto berzi de ca dana we\u015fanan\u00ea kirdk\u00ee\/kirmanck\u00ee. Otewr eyseno ke Jiyan TV\u00a0de se de\u00a0pancas ra z\u00eader program\u00ea bi\u00a0kirdk\u00ee\/kirmanck\u00ee y\u00ea. Reyna Jiyan TV de program\u00ea tirk\u00ee \u00fb kurmanck\u00ee z\u00ee ca gen\u00ea. Ma &hellip;<\/p>\n","protected":false},"author":1,"featured_media":0,"comment_status":"closed","ping_status":"open","sticky":false,"template":"","format":"standard","meta":{"footnotes":""},"categories":[1],"tags":[],"class_list":["post-2641","post","type-post","status-publish","format-standard","","category-gen"],"_links":{"self":[{"href":"https:\/\/www.kirdki.com\/index.php?rest_route=\/wp\/v2\/posts\/2641","targetHints":{"allow":["GET"]}}],"collection":[{"href":"https:\/\/www.kirdki.com\/index.php?rest_route=\/wp\/v2\/posts"}],"about":[{"href":"https:\/\/www.kirdki.com\/index.php?rest_route=\/wp\/v2\/types\/post"}],"author":[{"embeddable":true,"href":"https:\/\/www.kirdki.com\/index.php?rest_route=\/wp\/v2\/users\/1"}],"replies":[{"embeddable":true,"href":"https:\/\/www.kirdki.com\/index.php?rest_route=%2Fwp%2Fv2%2Fcomments&post=2641"}],"version-history":[{"count":3,"href":"https:\/\/www.kirdki.com\/index.php?rest_route=\/wp\/v2\/posts\/2641\/revisions"}],"predecessor-version":[{"id":2644,"href":"https:\/\/www.kirdki.com\/index.php?rest_route=\/wp\/v2\/posts\/2641\/revisions\/2644"}],"wp:attachment":[{"href":"https:\/\/www.kirdki.com\/index.php?rest_route=%2Fwp%2Fv2%2Fmedia&parent=2641"}],"wp:term":[{"taxonomy":"category","embeddable":true,"href":"https:\/\/www.kirdki.com\/index.php?rest_route=%2Fwp%2Fv2%2Fcategories&post=2641"},{"taxonomy":"post_tag","embeddable":true,"href":"https:\/\/www.kirdki.com\/index.php?rest_route=%2Fwp%2Fv2%2Ftags&post=2641"}],"curies":[{"name":"wp","href":"https:\/\/api.w.org\/{rel}","templated":true}]}}