{"id":2636,"date":"2016-03-20T23:22:11","date_gmt":"2016-03-20T21:22:11","guid":{"rendered":"http:\/\/www.kirdki.com\/?p=2636"},"modified":"2023-02-14T00:39:17","modified_gmt":"2023-02-13T21:39:17","slug":"husen-efendi-u-mufetise-diyarbekiri","status":"publish","type":"post","link":"https:\/\/www.kirdki.com\/?p=2636","title":{"rendered":"HUS\u00caN EFEND\u00ce \u00db MUFET\u00ce\u015e\u00ca D\u00ceYARBEKIR\u00ce"},"content":{"rendered":"<p style=\"text-align: right;\"><strong>Ehmed\u00ea DIRIH\u00ce <\/strong><\/p>\n<p>\u00a0\u00a0\u00a0\u00a0\u00a0\u00a0\u00a0\u00a0\u00a0\u00a0\u00a0 Serr 1932 \u2013 1934 Hus\u00ean Efend\u00ee b\u00eeyo \u00eas\u00eer\u00ea zindan\u00ea D\u00eeyarbekir\u00ee. Burhaned\u00een Efend\u00ee dades serre cuwa ver, seba ney mi ra yew meseley\u00ea xo vabi:<br \/>\nRojek Mufett\u00ee\u015f\u00ea D\u00eeyarbekir\u00ee, \u0130brahim Tali \u015fino zindan de bab\u00ee mi v\u00eeneno\u00a0\u00fb \u00a0vano: \u201c\u015e\u00eax Evdireh\u00eem, birazay\u00ea tu Evdilhem\u00eed Efend\u00ee ra, zaf bawer o. Ti ey ra bivaci, wa b\u00eeyaro fesale \u00fb \u015e\u00eax Evdireh\u00eem biki\u015fo.Ti kam dew\u00ea D\u00eeyarbekir biwaz\u00ee, ma dan\u00ee tu. Kam ko\u015fk\u00ea bajar\u00ee wazen\u00ee, y\u00ea tu ya.Kah\u00eelan ra kah\u00eel bir\u00eed\u00ee y\u00ea tu y\u00ee\u2026&#8221;<br \/>\nBab\u00ee mi heto b\u00een a xeber geno, mufet\u00ee\u015f xeber \u015fawito sewb\u00eena f\u00eeraran z\u00ee. Evdirehman\u00ea Ben\u00ea ra xeber \u015fawito ke, wa Musa Axay\u00ea Mistan biki\u015fo \u00fb Musa Axay\u00ea ra z\u00ee xeber \u015fawito ke, wa Evdirehman\u00ea Ben\u00ea biki\u015fo.<br \/>\nBab\u00ee mi mi ra va: \u201c \u015eo xeber bidi ustay\u00ea diwar\u00ea d\u00easan o mistanic. Wa xeber bi\u015fawo Musa Axay\u00ee r\u00ea ke, Mera xu Evdirehman\u00ea Ben\u00ea ra bipawo.\u201d<br \/>\nMi Hemurt ustay\u00ee ra va, ey va: \u201cWa bo emr\u00ea bab\u00ee tu sare \u00fb \u00e7iman ser, mi vera ci persi.\u201d Peyn\u00eey\u00ea hewtey\u00ee de ez h\u00eana \u015f\u00eeya ustay\u00ee het, ey va: \u201cEz ta n\u00eaameya, la hewteyna \u015fina.\u201d Hewteyo b\u00een xeber b\u00ee vila ke Evdirehman, Musay\u00ea Mehmed El\u00ee \u00fb biray\u00ea ey Xel\u00eel, nizd\u00ea \u015eeqlat yew \u015fikeft\u00ea Feynter\u00ee de ki\u015fto.<br \/>\nEz \u015f\u00eeya z\u00eeyaret\u00ea bab\u00ee, bab\u00ee ez tem\u00ee kerd va ke \u201cTi \u015fin\u00ee ca de Evdilhem\u00eed Efend\u00ee v\u00eenen\u00ee \u00fb tira van\u00ee: Em\u015few cin\u00eey\u00ea xu z\u00ee b\u00eeyero xu het wa rado, \u015f\u00eeyoro Binxet !&#8221; Ez \u015f\u00eeya mi tira va, o a \u015fewe pa cin\u00eeya xu Ey\u015fa da ra \u015fi. Evdirehman\u00ea Ben\u00ee, n\u00eaftara D\u00eeyarbekir de bimano, \u015fi Binxet.<br \/>\n\u00c7end serre cuwa pey ageyra ame D\u00eeyarbekir. Laj\u00ea dezay\u00ea Musa axay\u00ee, Mih\u00ea Feq\u00ee Hesen\u00ee ( Mehmet Acar) kot Evdirehman dima. Vern\u00eey\u00ea M\u00eenara \u00c7arling de p\u00ea guley\u00ea deban\u00e7ey\u00ee napa, vist ard.Evdirehman\u00ea Ben\u00ea p\u00ea na darba fel\u00e7bi \u00fb hetan merd, bibi es\u00eer\u00ea do\u015feg\u00ee.<\/p>\n<p><strong>Hus\u00ean Efend\u00ee<\/strong> : Biray\u00ea \u015e\u00eax \u015eer\u00eef o.<br \/>\n<strong>\u015e\u00eax Evdireh\u00eem<\/strong> : Biray\u00ea \u015e\u00eax Se\u00eed o.<br \/>\n<strong>Evdilham\u00eed Efend\u00ee<\/strong> : Birazay\u00ea \u015e\u00eax \u015eer\u00eef o.<\/p>\n","protected":false},"excerpt":{"rendered":"<p>Ehmed\u00ea DIRIH\u00ce \u00a0\u00a0\u00a0\u00a0\u00a0\u00a0\u00a0\u00a0\u00a0\u00a0\u00a0 Serr 1932 \u2013 1934 Hus\u00ean Efend\u00ee b\u00eeyo \u00eas\u00eer\u00ea zindan\u00ea D\u00eeyarbekir\u00ee. Burhaned\u00een Efend\u00ee dades serre cuwa ver, seba ney mi ra yew meseley\u00ea xo vabi: Rojek Mufett\u00ee\u015f\u00ea D\u00eeyarbekir\u00ee, \u0130brahim Tali \u015fino zindan de bab\u00ee mi v\u00eeneno\u00a0\u00fb \u00a0vano: \u201c\u015e\u00eax Evdireh\u00eem, birazay\u00ea tu Evdilhem\u00eed Efend\u00ee ra, zaf bawer o. Ti ey ra bivaci, wa b\u00eeyaro &hellip;<\/p>\n","protected":false},"author":1,"featured_media":0,"comment_status":"closed","ping_status":"open","sticky":false,"template":"","format":"standard","meta":{"footnotes":""},"categories":[1],"tags":[],"class_list":["post-2636","post","type-post","status-publish","format-standard","","category-gen"],"_links":{"self":[{"href":"https:\/\/www.kirdki.com\/index.php?rest_route=\/wp\/v2\/posts\/2636","targetHints":{"allow":["GET"]}}],"collection":[{"href":"https:\/\/www.kirdki.com\/index.php?rest_route=\/wp\/v2\/posts"}],"about":[{"href":"https:\/\/www.kirdki.com\/index.php?rest_route=\/wp\/v2\/types\/post"}],"author":[{"embeddable":true,"href":"https:\/\/www.kirdki.com\/index.php?rest_route=\/wp\/v2\/users\/1"}],"replies":[{"embeddable":true,"href":"https:\/\/www.kirdki.com\/index.php?rest_route=%2Fwp%2Fv2%2Fcomments&post=2636"}],"version-history":[{"count":3,"href":"https:\/\/www.kirdki.com\/index.php?rest_route=\/wp\/v2\/posts\/2636\/revisions"}],"predecessor-version":[{"id":2640,"href":"https:\/\/www.kirdki.com\/index.php?rest_route=\/wp\/v2\/posts\/2636\/revisions\/2640"}],"wp:attachment":[{"href":"https:\/\/www.kirdki.com\/index.php?rest_route=%2Fwp%2Fv2%2Fmedia&parent=2636"}],"wp:term":[{"taxonomy":"category","embeddable":true,"href":"https:\/\/www.kirdki.com\/index.php?rest_route=%2Fwp%2Fv2%2Fcategories&post=2636"},{"taxonomy":"post_tag","embeddable":true,"href":"https:\/\/www.kirdki.com\/index.php?rest_route=%2Fwp%2Fv2%2Ftags&post=2636"}],"curies":[{"name":"wp","href":"https:\/\/api.w.org\/{rel}","templated":true}]}}