{"id":2551,"date":"2015-12-16T11:25:43","date_gmt":"2015-12-16T09:25:43","guid":{"rendered":"http:\/\/www.kirdki.com\/?p=2551"},"modified":"2023-02-14T00:39:20","modified_gmt":"2023-02-13T21:39:20","slug":"sirete-bediuzzeman-seide-kurdi-2","status":"publish","type":"post","link":"https:\/\/www.kirdki.com\/?p=2551","title":{"rendered":"\u015e\u00ceRET\u00ca BED\u00ceUZZEMAN SE\u00ceD\u00ca KURD\u00ce"},"content":{"rendered":"<p>Ey Millet\u00eaKurd!*<\/p>\n<p>\u00cett\u00eefaq di qewet, \u00eett\u00eehad di heyat, birayey di se\u2019adet, huk\u00fbmat di selamet esto.<\/p>\n<p>Hin biker\u00ee \u00eett\u00eehad \u00fb \u015fer\u00eet\u00ea muhabbet\u00ee p\u00eat big\u00ear\u00ee ki wa \u015fima z\u00ee bela ra bixelisno.<\/p>\n<p>Rind go\u015f\u00ea xu bid\u00ee, ez go\u015fi ma r\u00ea \u00e7\u00eey\u00eak vaja. \u015eima bizan\u00ee ki h\u00eer\u00ea cewher\u00ea ma est\u00ee, hifz\u00ea xu ma ra wazen\u00ee:<\/p>\n<p>Yew \u00eeslam\u00eeyet o, ki hezar-hezar gu\u00eena \u015feh\u00eedan vayey\u00ea (vaya) ey daya,<\/p>\n<p>\u00ca d\u00eeyin\u00ee \u00eensan\u00eeyet o, lazim o ki ma xu \u00e7im\u00ea \u015far\u00ee di p\u00ea xizmeto aql\u00ee, ciwanm\u00earey \u00fb \u00eensanetey xu n\u00ee\u015fan\u00ea \u00eenan bid\u00ee.<\/p>\n<p>\u00ca h\u00eer\u00ean\u00ee mill\u00eeyet\u00ea ma yo, ki mez\u00eeyet dayo ma, ver\u00ean\u00ea ma ki bi holeya xu we\u015f\u00ee. Ma kar\u00ea xu reyra, hifz\u00ea milleta xu [kerdi\u015f] reyra, ruh\u00ea \u00eenan tirba \u00eenan di \u015fad biker\u00ee.<\/p>\n<p>N\u00eenan ra dima h\u00eer\u00ea di\u015fmen\u00ee ma est\u00ee, ki ma ken\u00ee xirab (ma p\u00ea \u00eenan xirab ben\u00ee):<\/p>\n<p>Yew tira feq\u00eerey a. \u00c7ewres hezar hemal\u00ea Istanbol\u00ee del\u00eel\u00ea naye yo.<\/p>\n<p>\u00ca d\u00eeyin\u00ee cahaletey\/cah\u00eeley \u00fb n\u00eawendi\u015f o, del\u00eel\u00ea ey no yo ki m\u00eeyan\u00ea ma di hezaran ra yew, n\u00ea\u015fno\/n\u00eae\u015fkeno rojname biwano.<\/p>\n<p>\u00ca h\u00eer\u00ean\u00ee di\u015fmeney \u00fb \u00eext\u00eelaf o, ki no \u2018edawet qewet\u00ea ma keno v\u00eend\u00ee \u00fb ma keno musteheq\u00ea terb\u00eeye, \u00fb huk\u00fbmat z\u00ee b\u00ea\u00eensaf\u00eeya xu ra zilm bi ma keno.<\/p>\n<p>Eke \u015fima n\u00eenan e\u015fnawit\u00ee, bizan\u00ea \u00e7arey\u00ea ma no yo ki; ma[gan\u00ee] h\u00eer\u00ea \u015fim\u015f\u00ear\u00ea elmasan big\u00ear\u00ee dest\u00ea xu, ta ki ma heme h\u00eer\u00ea cewheran\u00ea xu, xu dest ra n\u00eavej\u00ee, heme h\u00eer\u00ea di\u015fmenan\u00ea xu z\u00ee xu sera wedar\u00ee.<\/p>\n<p>\u015eim\u015fero ewil tehs\u00eel \u00fb wendi\u015f o.<\/p>\n<p>O d\u00eeyin\u00ee tt\u00eefaq \u00fb muhabbet o mill\u00ee yo.<\/p>\n<p>O h\u00eer\u00ean \u00eensan bixu, gurey\u00ea xu biko \u00fb sey sef\u00eelan qudret\u00ea \u015far\u00ee ra h\u00eav\u00ee n\u00eakero \u00fb pa\u015fta xu n\u00eado \u00eenan.<\/p>\n<p>Wes\u00eeyeto pey\u00ean:<\/p>\n<p>Wendi\u015f, wendi\u015f, wendi\u015f.<\/p>\n<p>Dest\u00eayewb\u00eenangiroti\u015f, dest\u00eayewb\u00eenangiroti\u015f, dest\u00eayewb\u00eenangiroti\u015f.<\/p>\n<p><a href=\"http:\/\/www.nubiharder.org\/editor.asp?id=19\"><strong>Se\u00eed\u00ea Kurd\u00ee<\/strong><\/a><\/p>\n<p>* Bed\u00eeuzzeman, seba cah\u00eeley ra xelisnay\u00ee\u015f\u00ea kurdan \u00fb heme milletan\u00ea bisilmanan \u00fb seba zanayeb\u00eeyay\u00ee\u015f\u00ea \u00eenan gelek cehd kerdo \u00fb epey meqaley\u00ea tirk\u00ee \u00fb kirdask\u00ee nu\u015ft\u00ee, \u00eenan ra yew rojnamey\u00ea \u201cK\u00fcrt Teav\u00fcn ve Terakki Gazetesi\u201d di 1908 de we\u015fan\u00eeyayo. Ma na meqaleya kirdask\u00ee kitab\u00ea \u201c\u0130\u00e7tima\u00ee Dersler R\u00eepel; 509 We\u015fan\u00ean Zehra \u201c ra girot \u00fb a\u00e7arna kirdk\u00ee\/zazak\u00ee. (A\u00e7arnayox: Serdar Bedirxan)<\/p>\n","protected":false},"excerpt":{"rendered":"<p>Ey Millet\u00eaKurd!* \u00cett\u00eefaq di qewet, \u00eett\u00eehad di heyat, birayey di se\u2019adet, huk\u00fbmat di selamet esto. Hin biker\u00ee \u00eett\u00eehad \u00fb \u015fer\u00eet\u00ea muhabbet\u00ee p\u00eat big\u00ear\u00ee ki wa \u015fima z\u00ee bela ra bixelisno. Rind go\u015f\u00ea xu bid\u00ee, ez go\u015fi ma r\u00ea \u00e7\u00eey\u00eak vaja. \u015eima bizan\u00ee ki h\u00eer\u00ea cewher\u00ea ma est\u00ee, hifz\u00ea xu ma ra wazen\u00ee: Yew \u00eeslam\u00eeyet o, &hellip;<\/p>\n","protected":false},"author":1,"featured_media":2552,"comment_status":"closed","ping_status":"open","sticky":false,"template":"","format":"standard","meta":{"footnotes":""},"categories":[1],"tags":[],"class_list":["post-2551","post","type-post","status-publish","format-standard","has-post-thumbnail","","category-gen"],"_links":{"self":[{"href":"https:\/\/www.kirdki.com\/index.php?rest_route=\/wp\/v2\/posts\/2551","targetHints":{"allow":["GET"]}}],"collection":[{"href":"https:\/\/www.kirdki.com\/index.php?rest_route=\/wp\/v2\/posts"}],"about":[{"href":"https:\/\/www.kirdki.com\/index.php?rest_route=\/wp\/v2\/types\/post"}],"author":[{"embeddable":true,"href":"https:\/\/www.kirdki.com\/index.php?rest_route=\/wp\/v2\/users\/1"}],"replies":[{"embeddable":true,"href":"https:\/\/www.kirdki.com\/index.php?rest_route=%2Fwp%2Fv2%2Fcomments&post=2551"}],"version-history":[{"count":4,"href":"https:\/\/www.kirdki.com\/index.php?rest_route=\/wp\/v2\/posts\/2551\/revisions"}],"predecessor-version":[{"id":2557,"href":"https:\/\/www.kirdki.com\/index.php?rest_route=\/wp\/v2\/posts\/2551\/revisions\/2557"}],"wp:featuredmedia":[{"embeddable":true,"href":"https:\/\/www.kirdki.com\/index.php?rest_route=\/wp\/v2\/media\/2552"}],"wp:attachment":[{"href":"https:\/\/www.kirdki.com\/index.php?rest_route=%2Fwp%2Fv2%2Fmedia&parent=2551"}],"wp:term":[{"taxonomy":"category","embeddable":true,"href":"https:\/\/www.kirdki.com\/index.php?rest_route=%2Fwp%2Fv2%2Fcategories&post=2551"},{"taxonomy":"post_tag","embeddable":true,"href":"https:\/\/www.kirdki.com\/index.php?rest_route=%2Fwp%2Fv2%2Ftags&post=2551"}],"curies":[{"name":"wp","href":"https:\/\/api.w.org\/{rel}","templated":true}]}}