{"id":2509,"date":"2015-10-07T14:17:41","date_gmt":"2015-10-07T11:17:41","guid":{"rendered":"http:\/\/www.kirdki.com\/?p=2509"},"modified":"2023-02-14T00:39:22","modified_gmt":"2023-02-13T21:39:22","slug":"humara-45in-e-kovara-vate-veciya","status":"publish","type":"post","link":"https:\/\/www.kirdki.com\/?p=2509","title":{"rendered":"Humara 45in \u00ea kovara Vate vec\u00eeya!"},"content":{"rendered":"<p>Kovara Vatey\u00ee bi yew tedey\u00eeyo dewlemend reyna bi wendoxan a. Na humare de n\u00ea nu\u015ftey\u00ee est\u00ee.<\/p>\n<p>Wendoxan r\u00ea<\/p>\n<p>Derheq\u00ea Kirmanck\u00ee De Komb\u00eeyay\u00ee\u015f\u00ea V\u00eest \u00fb Pancine Yew Roja \u00calule De Romans\u00eak <strong>J. \u00cehsan Espar<\/strong><\/p>\n<p>Estor\u00ea Kalik\u00ea Mi <strong>Ugur Serm\u00eeyan<\/strong><\/p>\n<p>M\u00eamana Xer\u00eebe \u00fb Soz\u00ea Cam\u00eardan <strong>Al\u00ee Buyukkaya<\/strong><\/p>\n<p>Qerar <strong>Hemze Esmer<\/strong><\/p>\n<p>Meselay\u00ea Kara Domates\u00fbn Ow Qi\u015fq\u00fbney\u00ee Mi <strong>Sev\u00eem \u015eah\u00eene<\/strong><\/p>\n<p>Mar <strong>Den\u00eez Gunduz<\/strong><\/p>\n<p>Derheq\u00ea K\u0131rmanck\u00ee De Komb\u00eeyay\u00ee\u015f\u00ea V\u00eest \u00db \u015ee\u015fin<\/p>\n<p>Yew Bi Yew <strong>Newzat Val\u00ear\u00ee<\/strong><\/p>\n<p>Kenger\u00ea Ver\u00ea Vay\u00ee <strong>Murad Can\u015fad<\/strong><\/p>\n<p>Rojava De <strong>Xidir\u00ea Ba\u015f\u00ee<\/strong><\/p>\n<p>Nu\u015ftoxe Bedr\u00eeye Topa\u00e7e Reyde Roportaj Roportajkerdox: <strong>Ugur Serm\u00eeyan<\/strong><\/p>\n<p>Hewro G\u0131ran <strong>Polat Ayd\u0131n<\/strong><\/p>\n<p>Mamosta Mihr\u00eebane Reyde Roportaj Roportajkerdox: <strong>Mehmud N\u00ea\u015fite<\/strong><\/p>\n<p>Tay\u00ea N\u00eawe\u015f\u00eey\u00ea Domanan Nad\u00eere Gunta\u015f Aldatmaz Day\u00eeke \u00db Dele <strong>Doxan Karasu<\/strong><\/p>\n<p>Ripale Kitaban<\/p>\n","protected":false},"excerpt":{"rendered":"<p>Kovara Vatey\u00ee bi yew tedey\u00eeyo dewlemend reyna bi wendoxan a. Na humare de n\u00ea nu\u015ftey\u00ee est\u00ee. Wendoxan r\u00ea Derheq\u00ea Kirmanck\u00ee De Komb\u00eeyay\u00ee\u015f\u00ea V\u00eest \u00fb Pancine Yew Roja \u00calule De Romans\u00eak J. \u00cehsan Espar Estor\u00ea Kalik\u00ea Mi Ugur Serm\u00eeyan M\u00eamana Xer\u00eebe \u00fb Soz\u00ea Cam\u00eardan Al\u00ee Buyukkaya Qerar Hemze Esmer Meselay\u00ea Kara Domates\u00fbn Ow Qi\u015fq\u00fbney\u00ee Mi Sev\u00eem &hellip;<\/p>\n","protected":false},"author":1,"featured_media":2513,"comment_status":"closed","ping_status":"open","sticky":false,"template":"","format":"standard","meta":{"footnotes":""},"categories":[52],"tags":[],"class_list":["post-2509","post","type-post","status-publish","format-standard","has-post-thumbnail","","category-kultur"],"_links":{"self":[{"href":"https:\/\/www.kirdki.com\/index.php?rest_route=\/wp\/v2\/posts\/2509","targetHints":{"allow":["GET"]}}],"collection":[{"href":"https:\/\/www.kirdki.com\/index.php?rest_route=\/wp\/v2\/posts"}],"about":[{"href":"https:\/\/www.kirdki.com\/index.php?rest_route=\/wp\/v2\/types\/post"}],"author":[{"embeddable":true,"href":"https:\/\/www.kirdki.com\/index.php?rest_route=\/wp\/v2\/users\/1"}],"replies":[{"embeddable":true,"href":"https:\/\/www.kirdki.com\/index.php?rest_route=%2Fwp%2Fv2%2Fcomments&post=2509"}],"version-history":[{"count":1,"href":"https:\/\/www.kirdki.com\/index.php?rest_route=\/wp\/v2\/posts\/2509\/revisions"}],"predecessor-version":[{"id":2511,"href":"https:\/\/www.kirdki.com\/index.php?rest_route=\/wp\/v2\/posts\/2509\/revisions\/2511"}],"wp:featuredmedia":[{"embeddable":true,"href":"https:\/\/www.kirdki.com\/index.php?rest_route=\/wp\/v2\/media\/2513"}],"wp:attachment":[{"href":"https:\/\/www.kirdki.com\/index.php?rest_route=%2Fwp%2Fv2%2Fmedia&parent=2509"}],"wp:term":[{"taxonomy":"category","embeddable":true,"href":"https:\/\/www.kirdki.com\/index.php?rest_route=%2Fwp%2Fv2%2Fcategories&post=2509"},{"taxonomy":"post_tag","embeddable":true,"href":"https:\/\/www.kirdki.com\/index.php?rest_route=%2Fwp%2Fv2%2Ftags&post=2509"}],"curies":[{"name":"wp","href":"https:\/\/api.w.org\/{rel}","templated":true}]}}