{"id":2435,"date":"2015-05-27T23:38:29","date_gmt":"2015-05-27T20:38:29","guid":{"rendered":"http:\/\/www.kirdki.com\/?p=2435"},"modified":"2023-02-14T00:39:24","modified_gmt":"2023-02-13T21:39:24","slug":"resam-adil-bazencir-huner-bi-peroyi-mihalif-o","status":"publish","type":"post","link":"https:\/\/www.kirdki.com\/?p=2435","title":{"rendered":"Resam Ad\u00eel Bazenc\u00eer, Huner bi p\u00earoy\u00ee mihal\u00eef o."},"content":{"rendered":"<p style=\"text-align: right;\"><strong>Roportaj: Sey\u00eedxan Kurij<\/strong><\/p>\n<p>Resam Ad\u00eel Bazenc\u00eer \u00c7ol\u00eeg di ameyo dinya. Yi mektebo ver\u00een, y\u00ea orte \u00fb mekteb\u00ee mamostat\u00ee \u00c7ol\u00eeg di wend. 1974 Ad\u00eel Bazenc\u00eer Fakultey\u00ee Perwerde y\u00ea Gaz\u00ee qedna \u00fb Zaningeh\u00ee Anadolu di l\u00eesans\u00ee xwi kerd tem\u00fbm. Yi zaf\u00a0 bajar \u00fb qezayan di mekteban\u00ee dewlet \u00fb y\u00ea husus\u00ee di mamostat\u00eey\u00ea huner\u00ee kerd. Nika zi wi Mers\u00een di kar\u00ea xwi y\u00ea huner\u00ee r\u00fbmneno.<\/p>\n<p><strong>Sey\u00eedxan Kurij: Ti \u00e7i wext \u00fb sen\u00ee dest bi vira\u015fti\u015f\u00ee resiman kerd?<\/strong><\/p>\n<p><strong>Ad\u00eel Bazenc\u00eer:<\/strong> Wexto ki mi dest bi wendi\u015f\u00ee mekteb\u00ee kerd, sey zaf\u00ea \u00fbmbaz\u00fbn\u00ee xwi mi zi tirk\u00ee niz\u00fbnay\u00eani. Mexl\u00eem\u00fbn ders day\u00eani, la mi qalkerdi\u015f\u00ee yin ra tiway f\u00fbm nikerd\u00eani. No rid ra mi pel\u00fbn\u00ee defter\u00fbn\u00ee xwi di resim \u00e7\u00eez-v\u00eez kerd\u00eani. Cuwa pey mi d\u00eey ki in\u00ee\u00a0 \u00e7\u00eez\u2013v\u00eez\u00fbn ra \u00e7\u00eey\u00ee rind vec\u00eeyay\u00ee werte. \u00dbmbaz\u00ee mi zi in\u00ee resim\u00fbn mi qay\u00eel b\u00een\u00ee. Bac\u00ea mereq\u00ee mino resimvira\u015fti\u015f h\u00eana bi zaf. No rid ra mi zaningeh di qisim\u00ee resim\u00ee terc\u00eeh kerd \u00fb qisim\u00ee huner\u00ee wend.<\/p>\n<p><a href=\"http:\/\/www.kirdki.com\/wp-content\/uploads\/2015\/05\/AdilB2.jpg\"><img loading=\"lazy\" decoding=\"async\" class=\"aligncenter size-full wp-image-2436\" src=\"http:\/\/www.kirdki.com\/wp-content\/uploads\/2015\/05\/AdilB2.jpg\" alt=\"AdilB2\" width=\"720\" height=\"405\" srcset=\"https:\/\/www.kirdki.com\/wp-content\/uploads\/2015\/05\/AdilB2.jpg 720w, https:\/\/www.kirdki.com\/wp-content\/uploads\/2015\/05\/AdilB2-300x169.jpg 300w\" sizes=\"auto, (max-width: 720px) 100vw, 720px\" \/><\/a><\/p>\n<p><strong>Sey\u00eedxan Kurij: <\/strong>Cemaat ma di resimvira\u015fti\u015f zaf edet n\u00eabi, her wendox\u00ee wa\u015ft\u00eani muhend\u00ees bo, doktor bo, \u00e7i tu mot\u00eeve kerd ke ti resiman viraz\u00ee?<\/p>\n<p><strong>Ad\u00eel Bazenc\u00eer: <\/strong>Cemaat\u00ee ma di terc\u00eeh\u00ee qic\u00fbn h\u00eana zaf dad\u00ee- bab\u00ee yin tesp\u00eet ken\u00ee. Cemaat\u00fbn\u00ee bindest \u00fb tep\u00eeya menday\u00fbn di sebeb\u00ee terc\u00eeh\u00fbn sosyal\u2013ekonom\u00eek o. Yew zi cemaat\u00fbn\u00ee mihafazakaran di verba huner\u00ee yew redkerdi\u015f esto. No rid ra h\u00eana zaf doktorey, muhend\u00eesey, mexlimey yena terc\u00eeh kerdi\u015f, \u00e7unke in\u00ee g\u00fbr\u00fbn qezenc\u00ee yin esto, \u00eensan\u00ee e\u015fken\u00ee p\u00ea pere qezenc biker\u00ee \u00fb xwiser\u00eey\u00ea xwi y\u00ea het\u00ee ekonom\u00eek bigir\u00ee dest\u00ee xwi. Welat\u00ee ma di hal\u00ee huner\u00ee \u00fb hunermend\u00fbn\u00ee c\u00eeya yo, wexto ki tu wa\u015ft hunermend b\u00eey, ti r\u00eesk gen\u00ee. Mi resim vira\u015fti\u015f ra zaf hes kerd\u00ean. Wexto ki mi qisim\u00ee resim qedna, mi sey mexlim\u00ee resim dest bi kar kerd. N\u00ea sebeb\u00fbn ra ez resim virazena.<\/p>\n<p><strong>Sey\u00eedxan Kurij: Ti sen\u00ee resiman virazen\u00ee? Yan\u00ee malzemey\u00ee tu \u00e7iko? Ti e\u015fken\u00ee merhaleyan\u00ee resam\u00ea xwi sero ma agahdar bik\u00ee? Yan\u00ee kam merhaleyan ra v\u00eeyart\u00ee? Tu ver\u00ee sen\u00ee resim vira\u015ften\u00ee? Nika sen\u00ee resiman viraz\u00ean\u00ee?<\/strong><\/p>\n<p><strong>Ad\u00eel Bazenc\u00eer: <\/strong>Ez h\u00eana zaf v\u00eer ra xebat\u00fbn virazena. Temay\u00ee resim\u00fbn\u00ee mi duarmareyo ki ma tede ciw\u00eeyen\u00ee y\u00ee, hed\u00eesey\u00ee ki ma ciw\u00eeyay\u00ee y\u00ee \u00fb b\u00eeyayey\u00ee sosyal \u00fb s\u00eeyasal \u00ee. Hunermend wexto ki \u00e7\u00ee ard meyd\u00fbn, e\u015fkeno xwi verd bero. Hunermend\u00ee ver\u00ee duarmarey\u00ee xwi yo nizd\u00ee di, bac\u00ea welato ki tede ciw\u00eeyen\u00ee di \u00fb cuwa pey \u00e7ap\u00ee dinya di yan\u00ee bi yew v\u00eenayeyo evren\u00ee xwi n\u00ee\u015f\u00fbn d\u00fbn\u00ee. \u00ceta di ez wazena vac\u00ee ki gereka hunermend hem mintiqay\u00ee, hem netew\u00ee, hem zi evren\u00ee bo. Ez zi xebit\u00eeyena ki ina rota di yo r\u00eeye ra \u015f\u00eeyer\u00ee.<\/p>\n<p><a href=\"http:\/\/www.kirdki.com\/wp-content\/uploads\/2015\/05\/EzuAdil2.jpg\"><img loading=\"lazy\" decoding=\"async\" class=\"aligncenter size-full wp-image-2437\" src=\"http:\/\/www.kirdki.com\/wp-content\/uploads\/2015\/05\/EzuAdil2.jpg\" alt=\"EzuAdil2\" width=\"688\" height=\"516\" srcset=\"https:\/\/www.kirdki.com\/wp-content\/uploads\/2015\/05\/EzuAdil2.jpg 688w, https:\/\/www.kirdki.com\/wp-content\/uploads\/2015\/05\/EzuAdil2-300x225.jpg 300w\" sizes=\"auto, (max-width: 688px) 100vw, 688px\" \/><\/a><\/p>\n<p><strong>Sey\u00eedxan Kurij: Kurdan di yew trad\u00eets\u00eeyon\u00fb (gelenek) resim esto? Yew hunermendo kurdo hemdem e\u015fkeno \u00e7imeyan\u00ee tar\u00eex\u00ee y\u00ea kurdan ra \u00eest\u00eefade biko \u00fb \u00eenan sero huner\u00ee xo verd bero?<\/strong><\/p>\n<p><strong>Ad\u00eel Bazenc\u00eer: <\/strong>Semedo ki hunermend bie\u015fko xwi \u00eefade biko, bireso yew serkoti\u015fo netew\u00ee \u00fb evren\u00ee, q\u00eemet\u00fbn\u00ee xwi y\u00ea otant\u00eek bero biresno war\u00ee evren\u00ee, gereka o cemaat ki wi tede ciw\u00eeyeno, o cemaat azad \u00fb serbest bo. Taye faktor\u00ee ki yo cemaat di trad\u00eets\u00eeyon\u00ee huner\u00ee \u00fbn\u00ee meyd\u00fbn est\u00ee. In\u00ee faktor\u00ee bawer\u00eeyeya d\u00een\u00ee ya, hal\u00ee perwerdey\u00ee \u00fb abor\u00eey\u00ea cemaat a.<\/p>\n<p>Kurd yo mileta qad\u00eem a. Kurd\u00fbn zi destan\u00ea Gilgami\u015f ra nat sey Kawa yo Asinkar, Mem \u00fb Z\u00een, S\u00eeyebend \u00fb Xec\u00ea destan\u00ee \u00eenan \u00fb sey Feq\u00eey\u00ea Teyran, Evdal\u00ea Zeynik\u00ea \u015fa\u00eer \u00fb dengbej\u00ee yin est\u00ee. In\u00ee q\u00eemet\u00ee kurd\u00fbn y\u00ea utop\u00eek \u00ee. Yo hunermendo hemdem e\u015fkeno in\u00ee q\u00eemet\u00fbn\u00ee utop\u00eek ra \u00fb cografyaya kurdan ya gird ra xwi w\u00eeye biko.<\/p>\n<p><strong>Sey\u00eedxan Kurij:<\/strong>Huner semed\u00ea xwi\u00eefadekerdi\u015f\u00ee ya yo hacet o, gelo huner\u00ee res\u00eem semed\u00ea xwi \u00eefadekerdi\u015f a hol yo hacet hesibyeno?<\/p>\n<p><a href=\"http:\/\/www.kirdki.com\/wp-content\/uploads\/2015\/05\/AdiluMahsun1.jpg\"><img loading=\"lazy\" decoding=\"async\" class=\"aligncenter size-full wp-image-2438\" src=\"http:\/\/www.kirdki.com\/wp-content\/uploads\/2015\/05\/AdiluMahsun1.jpg\" alt=\"AdiluMahsun1\" width=\"960\" height=\"720\" srcset=\"https:\/\/www.kirdki.com\/wp-content\/uploads\/2015\/05\/AdiluMahsun1.jpg 960w, https:\/\/www.kirdki.com\/wp-content\/uploads\/2015\/05\/AdiluMahsun1-300x225.jpg 300w\" sizes=\"auto, (max-width: 960px) 100vw, 960px\" \/><\/a><\/p>\n<p><strong>Ad\u00eel Bazenc\u00eer: <\/strong>Vero ki nu\u015fte \u00eecad bo,\u00eensanan \u00e7\u00eey\u00ee teb\u00eeet bi resim\u00fbn ard\u00ean\u00ee z\u00fbn, in\u00ee resim bac\u00ea b\u00eey\u00ee sembol \u00fb \u00eena z\u00fbn\u00ee nu\u015fti\u015f ame meyd\u00fbn. C\u00eeya c\u00eeya cografyay\u00ee dinya di c\u00eeya c\u00eeya cemat\u00fbn alafabey\u00ee xwi \u00eecad kerd\u00ee \u00fb z\u00fbn\u00ee xwi y\u00ea nu\u015fti\u015f ard meyd\u00fbn. Na p\u00eavajo tar\u00eex\u00ee meden\u00eeyet\u00fbn di, verd\u015f\u00eeyayi\u015f\u00ee cemaat di zaf muh\u00eem yo ca girot. Cuwa pey qisim\u00fbn\u00ee resim, heykel, t\u00eeyatro \u00fb muz\u00eek di zi verd\u015f\u00eeyayi\u015f\u00ee muh\u00eem b\u00eey \u00fb heta ruej\u00ee ma amey: \u00cena yo v\u00eenayey\u00ee huner\u00eeyo hemdem vec\u00eeya werte. Hett\u00fbn dinya bibo teknoloj\u00ee verd \u015f\u00eeyero, huner\u00ee di meyil\u00ee estet\u00eek c\u00eeya c\u00eeya vec\u00ee vern\u00eey\u00ea ma.<\/p>\n<p><strong>Sey\u00eedxan Kurij: Zaf\u00ea resaman mitoloj\u00ee ya zaf alaqadar \u00ee, benatey m\u00eetoloj\u00ee \u00fb resim di \u00e7i alaqa esta?<\/strong><\/p>\n<p><strong>Ad\u00eel Bazenc\u00eer: <\/strong>M\u00eetoloj\u00ee, b\u00eeyayi\u015f\u00ee \u00fb mehnay\u00ee m\u00eet\u00fbn sero xebityeno. Sonik\u00ee \u015far\u00ee bi yo \u015feklo trad\u00eets\u00eeyon bi tes\u00eer\u00ee hezo heyal\u00ee \u015fekil bedilnen\u00ee \u00fb yo vati\u015f\u00ee yino alegor\u00eek esto. In\u00ee sonik\u00ee hafizay cemaat di ca gen\u00ee. Hunermend\u00ee bi \u015foxilnayi\u015f\u00ee temay\u00fbn\u00ee m\u00eetoloj\u00eek y\u00ea cemaat xwi, bi\u00a0 het\u00ee v\u00eenayi\u015f \u00fb e\u015fnawiti\u015f a estet\u00eezekerdi\u015f\u00ee yin, yo hafizaya cemaatk\u00ee vecen\u00ee werte. Z\u00fbnardi\u015f\u00ee m\u00eetoloj\u00ee di z\u00fbno tor tes\u00eerin z\u00fbn\u00ee huner\u00ee yo, no rid ra hunermend\u00ee zaf ray sar\u00ea d\u00fbn\u00ee inay ri.<\/p>\n<p><strong>Sey\u00eedxan Kurij:Zaf\u00ea hunermend\u00ee kurd b\u00eaalaqay\u00ea ra gere ken\u00ee, gelo kurd\u00ee \u00e7iqas alaqa myecnen\u00ee huner\u00ee resim\u00ee? Ti e\u015fken\u00ee no derheq di se vac\u00ee? <\/strong><\/p>\n<p><strong>Ad\u00eel Bazenc\u00eer: <\/strong>F\u00fbmkerdi\u015f\u00ee huner\u00ee \u00fb hunermend\u00ee sev\u00eeyey\u00ee f\u00fbmkerdi\u015f\u00ee estet\u00eek y\u00ea cemaat a giredaye yo. Yo cemaat het\u00ee sosyal\u2013ekonom\u00eek a, het\u00ee perwerdeb\u00eeyayi\u015f a \u00e7iqas verd \u015f\u00eeyero, f\u00fbmkerdi\u015f\u00ee yi y\u00ea huner\u00ee ehend zy\u00ead beno \u00fb huner\u00eeya alaqay\u00ee yi bena zaf. Ez semedo ki bie\u015fk\u00ee xwi cemaat\u00ee xwi di bid\u00ee sinasnayi\u015f, hewl d\u00fbna ki h\u00eana zaf eseran\u00ee xwi biresn\u00ee yin.<\/p>\n<p>Cemaat\u00ee kurdan bi p\u00earoy\u00ee biney mihafazakar o. Tay\u00ea qisim\u00ee huner\u00ee (resim, heykel) sey gune yen\u00ee hesibnayi\u015f. Ini rid ra\u00a0 kurd in\u00ee huner\u00fbn ra dur vinden\u00ee. Cemaat ma di \u00e7end kes est\u00ee ki eseran\u00ee huner\u00ee ken\u00ee koleks\u00eeyon? \u00c7end hunerheskerdox\u00ee ma est\u00ee? Sponsor\u00ee hunermendan est\u00ee? Kam \u00eedareyo mehall\u00ee y\u00ea kurdan, yo komxebat\u00ea hunermend\u00fbn organ\u00eeze kerda? Ez no het ra \u00fbn\u00eeyena alaqay\u00ea cemmat ma \u00fb hunermend\u00fbn\u00ee kurd ra.<\/p>\n<p><strong>Sey\u00eedxan Kurij:Ti Tirk\u00eeye di her wext serg\u00eeyan aken\u00ee, sey yew kurd \u00e7i problem\u00ee tu est\u00ee? <\/strong><\/p>\n<p><strong>Ad\u00eel Bazenc\u00eer: <\/strong>Z\u00fbn\u00ee huner\u00ee evren\u00ee yo. Yo cemaat di semed\u00ee in\u00ee z\u00fbna tehemul \u00e7\u00eenye bo, o cemmat di merdim ni\u015fkeno behs\u00ea demokras\u00ee \u00fb heq\u00ee merdim\u00fbn bikero. Wexto ki ma p\u00ea kam\u00eeye xwi ya vec\u00eeyen\u00ee werte, k\u00eam bo zi ma biney diskr\u00eem\u00eene ben\u00ee.<\/p>\n<p><strong>\u00a0<a href=\"http:\/\/www.kirdki.com\/wp-content\/uploads\/2015\/05\/AdilB3.jpg\"><img loading=\"lazy\" decoding=\"async\" class=\"aligncenter size-full wp-image-2439\" src=\"http:\/\/www.kirdki.com\/wp-content\/uploads\/2015\/05\/AdilB3.jpg\" alt=\"AdilB3\" width=\"531\" height=\"720\" srcset=\"https:\/\/www.kirdki.com\/wp-content\/uploads\/2015\/05\/AdilB3.jpg 531w, https:\/\/www.kirdki.com\/wp-content\/uploads\/2015\/05\/AdilB3-221x300.jpg 221w\" sizes=\"auto, (max-width: 531px) 100vw, 531px\" \/><\/a><\/strong><\/p>\n<p><strong>Sey\u00eedxan Kurij:Ti xerc\u00ee resim yewna war\u00ee huner di tiway ken\u00ee?<\/strong><\/p>\n<p><strong>Ad\u00eel Bazenc\u00eer:<\/strong> Ez biney muz\u00eek di me\u015fgul beno, biney saz c\u00eenena.<\/p>\n<p><strong>Sey\u00eedxan Kurij: Ti e\u015fken\u00ee alaqay\u00ea benatey pol\u00eet\u00eeka \u00fb huner\u00ee sero f\u00eek\u00eer\u00ee xwi vaci, v\u00eenay\u00ea hunermend\u00ee y\u00ea pol\u00eet\u00eek huner\u00ee yi sero \u00e7iqas tes\u00eer keno?<\/strong><\/p>\n<p><strong>Ad\u00eel Bazenc\u00eer: <\/strong>Yo kar\u00ee huner\u00ee zi iniyo ki pers\u00fbn\u00ee cemaat sero vindero, in\u00ee pers\u00fbn b\u00eeyaro z\u00fbn. Huner bi p\u00earoy\u00ee mihal\u00eef o. Dinya ra \u00fbn\u00eeyayi\u015f\u00ee hunermend\u00ee, v\u00eenay\u00ea s\u00eeyas\u00ee y\u00ea hunermend\u00ee no c\u00eehet di huner\u00ee y\u00ee sero zi tes\u00eer keno.<\/p>\n<p>Not: No roportaj kovar\u00ea \u201cVATE\u201d h\u00fbmar\u00ea 43. ameyo ne\u015firkerdi\u015f.<\/p>\n<p>&nbsp;<\/p>\n<p>&nbsp;<\/p>\n","protected":false},"excerpt":{"rendered":"<p>Roportaj: Sey\u00eedxan Kurij Resam Ad\u00eel Bazenc\u00eer \u00c7ol\u00eeg di ameyo dinya. Yi mektebo ver\u00een, y\u00ea orte \u00fb mekteb\u00ee mamostat\u00ee \u00c7ol\u00eeg di wend. 1974 Ad\u00eel Bazenc\u00eer Fakultey\u00ee Perwerde y\u00ea Gaz\u00ee qedna \u00fb Zaningeh\u00ee Anadolu di l\u00eesans\u00ee xwi kerd tem\u00fbm. Yi zaf\u00a0 bajar \u00fb qezayan di mekteban\u00ee dewlet \u00fb y\u00ea husus\u00ee di mamostat\u00eey\u00ea huner\u00ee kerd. Nika zi wi &hellip;<\/p>\n","protected":false},"author":1,"featured_media":2440,"comment_status":"closed","ping_status":"open","sticky":false,"template":"","format":"standard","meta":{"footnotes":""},"categories":[52],"tags":[],"class_list":["post-2435","post","type-post","status-publish","format-standard","has-post-thumbnail","","category-kultur"],"_links":{"self":[{"href":"https:\/\/www.kirdki.com\/index.php?rest_route=\/wp\/v2\/posts\/2435","targetHints":{"allow":["GET"]}}],"collection":[{"href":"https:\/\/www.kirdki.com\/index.php?rest_route=\/wp\/v2\/posts"}],"about":[{"href":"https:\/\/www.kirdki.com\/index.php?rest_route=\/wp\/v2\/types\/post"}],"author":[{"embeddable":true,"href":"https:\/\/www.kirdki.com\/index.php?rest_route=\/wp\/v2\/users\/1"}],"replies":[{"embeddable":true,"href":"https:\/\/www.kirdki.com\/index.php?rest_route=%2Fwp%2Fv2%2Fcomments&post=2435"}],"version-history":[{"count":4,"href":"https:\/\/www.kirdki.com\/index.php?rest_route=\/wp\/v2\/posts\/2435\/revisions"}],"predecessor-version":[{"id":2444,"href":"https:\/\/www.kirdki.com\/index.php?rest_route=\/wp\/v2\/posts\/2435\/revisions\/2444"}],"wp:featuredmedia":[{"embeddable":true,"href":"https:\/\/www.kirdki.com\/index.php?rest_route=\/wp\/v2\/media\/2440"}],"wp:attachment":[{"href":"https:\/\/www.kirdki.com\/index.php?rest_route=%2Fwp%2Fv2%2Fmedia&parent=2435"}],"wp:term":[{"taxonomy":"category","embeddable":true,"href":"https:\/\/www.kirdki.com\/index.php?rest_route=%2Fwp%2Fv2%2Fcategories&post=2435"},{"taxonomy":"post_tag","embeddable":true,"href":"https:\/\/www.kirdki.com\/index.php?rest_route=%2Fwp%2Fv2%2Ftags&post=2435"}],"curies":[{"name":"wp","href":"https:\/\/api.w.org\/{rel}","templated":true}]}}