{"id":2391,"date":"2015-04-25T00:23:59","date_gmt":"2015-04-24T21:23:59","guid":{"rendered":"http:\/\/www.kirdki.com\/?p=2391"},"modified":"2023-02-14T00:39:25","modified_gmt":"2023-02-13T21:39:25","slug":"cewlig-de-ziyafete-muziki","status":"publish","type":"post","link":"https:\/\/www.kirdki.com\/?p=2391","title":{"rendered":"\u00c7ewl\u00eeg de Z\u00eeyafet\u00ea Muz\u00eek\u00ee"},"content":{"rendered":"<p>H\u00fbnermendan\u00ea ma y\u00ea erj\u00eeyayeyan ra Mehmet Atli, Mucah\u00eet Goker, Ahmet T\u00eerg\u00eel \u00fb Serdar Kesk\u00een 6 Gulane 2015 de Merkez\u00ea Kultur\u00ee y\u00ea \u00c7ewl\u00eeg\u00ee de konser\u00eak dan\u00ee. Kes\u00ea ke wazen\u00ee go\u015f bid\u00ea n\u00ea h\u00fbnermendan wa b\u00eeletan\u00ea xo nika ra big\u00ear\u00ee.<\/p>\n<p><a href=\"http:\/\/www.kirdki.com\/wp-content\/uploads\/2015\/04\/konser.jpg\"><img loading=\"lazy\" decoding=\"async\" class=\"aligncenter size-full wp-image-2392\" src=\"http:\/\/www.kirdki.com\/wp-content\/uploads\/2015\/04\/konser.jpg\" alt=\"konser\" width=\"679\" height=\"960\" srcset=\"https:\/\/www.kirdki.com\/wp-content\/uploads\/2015\/04\/konser.jpg 679w, https:\/\/www.kirdki.com\/wp-content\/uploads\/2015\/04\/konser-212x300.jpg 212w\" sizes=\"auto, (max-width: 679px) 100vw, 679px\" \/><\/a><\/p>\n<p>&nbsp;<\/p>\n<p>&nbsp;<\/p>\n<p>&nbsp;<\/p>\n<p>&nbsp;<\/p>\n<p>&nbsp;<\/p>\n","protected":false},"excerpt":{"rendered":"<p>H\u00fbnermendan\u00ea ma y\u00ea erj\u00eeyayeyan ra Mehmet Atli, Mucah\u00eet Goker, Ahmet T\u00eerg\u00eel \u00fb Serdar Kesk\u00een 6 Gulane 2015 de Merkez\u00ea Kultur\u00ee y\u00ea \u00c7ewl\u00eeg\u00ee de konser\u00eak dan\u00ee. Kes\u00ea ke wazen\u00ee go\u015f bid\u00ea n\u00ea h\u00fbnermendan wa b\u00eeletan\u00ea xo nika ra big\u00ear\u00ee. &nbsp; &nbsp; &nbsp; &nbsp; &nbsp;<\/p>\n","protected":false},"author":1,"featured_media":2401,"comment_status":"closed","ping_status":"open","sticky":false,"template":"","format":"standard","meta":{"footnotes":""},"categories":[52],"tags":[],"class_list":["post-2391","post","type-post","status-publish","format-standard","has-post-thumbnail","","category-kultur"],"_links":{"self":[{"href":"https:\/\/www.kirdki.com\/index.php?rest_route=\/wp\/v2\/posts\/2391","targetHints":{"allow":["GET"]}}],"collection":[{"href":"https:\/\/www.kirdki.com\/index.php?rest_route=\/wp\/v2\/posts"}],"about":[{"href":"https:\/\/www.kirdki.com\/index.php?rest_route=\/wp\/v2\/types\/post"}],"author":[{"embeddable":true,"href":"https:\/\/www.kirdki.com\/index.php?rest_route=\/wp\/v2\/users\/1"}],"replies":[{"embeddable":true,"href":"https:\/\/www.kirdki.com\/index.php?rest_route=%2Fwp%2Fv2%2Fcomments&post=2391"}],"version-history":[{"count":5,"href":"https:\/\/www.kirdki.com\/index.php?rest_route=\/wp\/v2\/posts\/2391\/revisions"}],"predecessor-version":[{"id":2397,"href":"https:\/\/www.kirdki.com\/index.php?rest_route=\/wp\/v2\/posts\/2391\/revisions\/2397"}],"wp:featuredmedia":[{"embeddable":true,"href":"https:\/\/www.kirdki.com\/index.php?rest_route=\/wp\/v2\/media\/2401"}],"wp:attachment":[{"href":"https:\/\/www.kirdki.com\/index.php?rest_route=%2Fwp%2Fv2%2Fmedia&parent=2391"}],"wp:term":[{"taxonomy":"category","embeddable":true,"href":"https:\/\/www.kirdki.com\/index.php?rest_route=%2Fwp%2Fv2%2Fcategories&post=2391"},{"taxonomy":"post_tag","embeddable":true,"href":"https:\/\/www.kirdki.com\/index.php?rest_route=%2Fwp%2Fv2%2Ftags&post=2391"}],"curies":[{"name":"wp","href":"https:\/\/api.w.org\/{rel}","templated":true}]}}