{"id":2376,"date":"2015-04-07T00:26:44","date_gmt":"2015-04-06T21:26:44","guid":{"rendered":"http:\/\/www.kirdki.com\/?p=2376"},"modified":"2023-02-14T00:39:25","modified_gmt":"2023-02-13T21:39:25","slug":"ni-xil-mend-ni-xel-est","status":"publish","type":"post","link":"https:\/\/www.kirdki.com\/?p=2376","title":{"rendered":"N\u00ee xil mend n\u00ee Xel est!"},"content":{"rendered":"<p>H\u00eat S\u00eayf\u00fbn ser, yow m\u00eeyerik feq\u00eer yow xil virazen. V\u00fbn, ez in\u00ea ben rue\u015fen, p\u00ea bena z\u00eang\u00een. Xil\u00ea xui yow \u00e7uwa ken pa, erzen xo s\u00ear kift. Yow kef ra \u015fin, v\u00fbn ez ina xil rue\u015fena. Ez p\u00ea di heb biz\u00fbn gena. Ay b\u00eez b\u00ean dilot, \u00e7arlot. Zaf b\u00eez b\u00ean. Bena wahar yow qefl\u00ea biz\u00fb. Ez ay biz\u00fb rue\u015fena, z\u00eawj\u00eeyena. Mi r\u2019 yow laj ben. Ez num\u00ea yi nuna pa Xel. \u00db Xel ben p\u00eel. Ez ruej\u00eak yena. Eg\u2019 s\u00eawir\u00fbn xar X\u00eal kerd. Ez v\u00fbna, w\u00eah ez baw\u00eey\u00ea X\u00eal a. \u015eima s\u00ean\u00ee Xel kuw\u00ean? D\u00east xui verden ra. Xil p\u00ea gina erd. Reqq, \u015f\u00eekena. Wexti g\u2019 \u00fbn\u00eeyen xui \u00eer hema cehdi ra w\u2019 \u00fbn\u00eeyen k\u00ee n\u00ee xil mend n\u00ee Xel est!<\/p>\n<p>&nbsp;<\/p>\n","protected":false},"excerpt":{"rendered":"<p>H\u00eat S\u00eayf\u00fbn ser, yow m\u00eeyerik feq\u00eer yow xil virazen. V\u00fbn, ez in\u00ea ben rue\u015fen, p\u00ea bena z\u00eang\u00een. Xil\u00ea xui yow \u00e7uwa ken pa, erzen xo s\u00ear kift. Yow kef ra \u015fin, v\u00fbn ez ina xil rue\u015fena. Ez p\u00ea di heb biz\u00fbn gena. Ay b\u00eez b\u00ean dilot, \u00e7arlot. Zaf b\u00eez b\u00ean. Bena wahar yow qefl\u00ea biz\u00fb. &hellip;<\/p>\n","protected":false},"author":1,"featured_media":2378,"comment_status":"closed","ping_status":"open","sticky":false,"template":"","format":"standard","meta":{"footnotes":""},"categories":[52],"tags":[],"class_list":["post-2376","post","type-post","status-publish","format-standard","has-post-thumbnail","","category-kultur"],"_links":{"self":[{"href":"https:\/\/www.kirdki.com\/index.php?rest_route=\/wp\/v2\/posts\/2376","targetHints":{"allow":["GET"]}}],"collection":[{"href":"https:\/\/www.kirdki.com\/index.php?rest_route=\/wp\/v2\/posts"}],"about":[{"href":"https:\/\/www.kirdki.com\/index.php?rest_route=\/wp\/v2\/types\/post"}],"author":[{"embeddable":true,"href":"https:\/\/www.kirdki.com\/index.php?rest_route=\/wp\/v2\/users\/1"}],"replies":[{"embeddable":true,"href":"https:\/\/www.kirdki.com\/index.php?rest_route=%2Fwp%2Fv2%2Fcomments&post=2376"}],"version-history":[{"count":2,"href":"https:\/\/www.kirdki.com\/index.php?rest_route=\/wp\/v2\/posts\/2376\/revisions"}],"predecessor-version":[{"id":2380,"href":"https:\/\/www.kirdki.com\/index.php?rest_route=\/wp\/v2\/posts\/2376\/revisions\/2380"}],"wp:featuredmedia":[{"embeddable":true,"href":"https:\/\/www.kirdki.com\/index.php?rest_route=\/wp\/v2\/media\/2378"}],"wp:attachment":[{"href":"https:\/\/www.kirdki.com\/index.php?rest_route=%2Fwp%2Fv2%2Fmedia&parent=2376"}],"wp:term":[{"taxonomy":"category","embeddable":true,"href":"https:\/\/www.kirdki.com\/index.php?rest_route=%2Fwp%2Fv2%2Fcategories&post=2376"},{"taxonomy":"post_tag","embeddable":true,"href":"https:\/\/www.kirdki.com\/index.php?rest_route=%2Fwp%2Fv2%2Ftags&post=2376"}],"curies":[{"name":"wp","href":"https:\/\/api.w.org\/{rel}","templated":true}]}}