{"id":2354,"date":"2015-03-03T00:18:21","date_gmt":"2015-03-02T22:18:21","guid":{"rendered":"http:\/\/www.kirdki.com\/?p=2354"},"modified":"2023-02-14T00:39:27","modified_gmt":"2023-02-13T21:39:27","slug":"aversiyayise-kirmancki-de-role-ciniyan","status":"publish","type":"post","link":"https:\/\/www.kirdki.com\/?p=2354","title":{"rendered":"Aver\u015f\u00eeyay\u00ee\u015f\u00ea Kirmanck\u00ee De Rol\u00ea Cin\u00eeyan"},"content":{"rendered":"<p style=\"text-align: right\">Mehmud N\u00ea\u015fite<\/p>\n<p>\u00a0 \u00a0 \u00a0 \u00a0N\u00ea serren\u00ea pey\u00eanan de qas\u00ee ke keyf\u00ea ma ci r\u00ea b\u00earo \u00fb qas\u00ee ke ma p\u00ea \u015fa bib\u00ea kirmanck\u00ee\/kirdk\u00eeya ma het\u00ea nu\u015ftek\u00ee ra aver \u015f\u00eeya. Nu\u015ftox\u00ea ma z\u00eeyade b\u00eey \u00fb roje bir roje z\u00ee z\u00eeyade ben\u00ea. Gorey\u00ea z\u00eeyadeb\u00eeyay\u00ee\u015f\u00ea nu\u015ftoxan\u00ea ma \u00fb gorey\u00ea z\u00eeyadeb\u00eeyay\u00ee\u015f\u00ea kirmnck\u00eeya ma ya nu\u015ftek\u00ee z\u00ee kitab\u00ea ma z\u00ee z\u00ead\u00eey\u00ea \u00fb z\u00ead\u00eeyen\u00ea. Paralel\u00ea n\u00ea aver\u015f\u00eeyay\u00ee\u015f\u00ee de z\u00ee s\u00eete, keyepel, kovar \u00fb rojnamey\u00ea ma z\u00ee z\u00eeyade ben\u00ea.<\/p>\n<p>Reyna bi no \u015fekil sen\u00ee n\u00ea materyal\u00ee z\u00eeyade b\u00eey eyn\u00ee qayde z\u00ee wendox\u00ea ma z\u00ee z\u00eeyade b\u00eey \u00fb ben\u00ea. Bad\u00ea ke het\u00ea nu\u015ftek\u00ee ra kirmanck\u00eeya ma ya xatune w\u00eena aver \u015fina tes\u00eer\u00ea kirmanck\u00eeya fek\u00ee z\u00ee kerda. \u00cad\u00ee \u015far\u00ea ma zaf\u00ear z\u00ee ciwan\u00ea ma y\u00ea ke he\u015far b\u00eey \u00fb bi ziwan\u00ea day\u00eeka xo qise ken\u00ea \u00fb n\u00ea mater\u00eeyalan wanen\u00ea \u00ead\u00ee gorey\u00ea kirmanck\u00eeya nu\u015ftek\u00ee qise ken\u00ea. \u00a0Coka yo eke ma \u015fukur ken\u00ea ke bi kirmanck\u00eey\u00eaka rindeke ma e\u015feken\u00ea qise biker\u00ea.<\/p>\n<p>Label\u00ea na sew\u00eeye q\u00eem\u00ea kirmanck\u00eeya ma n\u00eakena. Het\u00ea mintiqaya ma de van\u00ea; \u201cBawo xover bide ha yo pey ra beno we\u015f\u00ee!\u201d Lajek \u00fb p\u00eey\u00ea xo teber\u00ea dewe de xebet\u00eeyen\u00ea. Rey\u00ee guren\u00ee varay\u00ee\u015f dest p\u00eakeno. Ca de her ca beno varayi\u015f \u00fb laser\u00ee p\u00eal dan\u00ea. W\u00eena beno ke laser \u00fb varay\u00ee\u015f p\u00eey\u00ea g\u00ean\u00ea ben\u00ea. P\u00ee m\u00eeyan\u00ea laser\u00ee de seba ke xo bixelisno \u00e7eperyeno. La hal tede n\u00eamaneno. Laj\u00ea ey pey ra q\u00eereno n\u00ea vatey\u00ea vano. (Bawo xover bide ha yo pey ra beno we\u015f\u00ee.)<\/p>\n<p>Nika kirmanck\u00eeya ma z\u00ee w\u00eena b\u00eeya. \u201cHey ziwan\u00ea ma xover bi de ha yo pey ra bena we\u015f\u00ee!\u201d<\/p>\n<p>Bel\u00ea kirmanck\u00eeya ma aver \u015fina label\u00ea ma pawit\u00ea agunay\u00ee\u015f\u00ea varay\u00ee\u015f\u00eey\u00ea ke vind\u00ea ro \u00fb bibo we\u015f\u00ee \u00fb n\u00ea tofan\u00ea laser\u00ee ra kirmanck\u00ee ya ma n\u00eafetis\u00eeyo.<\/p>\n<p>Ez n\u00ea z\u00eeyadeb\u00eeyay\u00ee\u015f\u00ea nu\u015ftoxan\u00ea ma ra n\u00eazana ke \u00e7end ten\u00ee tira cin\u00ee y\u00ea-k\u00eana y\u00ea \u00e7end z\u00ee cam\u00eard \u00ea. Label\u00ea n\u00ea \u00e7\u00eeyan ra ez ba\u015f zana ke aver\u015f\u00eeyay\u00ee\u015f\u00ea kirmanck\u00eeya ma de rol \u00fb tes\u00eer\u00ea cin\u00eeyan\u00ea ma h\u00eena zaf o. Ewro belk\u00ee embaz\u00ea ke ked \u00fb renca xo dan\u00ea kirmanck\u00eeya ma zaf\u00ear\u00ea \u00eenan cam\u00eard \u00ea. Label\u00ea eke cin\u00ee qas\u00ee n\u00ea embazan\u00ea ma y\u00ea cam\u00eardan bi sen\u00een\u00eeye (n\u00eetel\u00eek) bixebetiy\u00eane ez w\u00eena bawer kena, nika kirmanck\u00eeya ma di qat-h\u00eer\u00ea qat do aver de bib\u00eey\u00eane.<\/p>\n<p>Yan z\u00ee eke ewro cin\u00ee \u00fb k\u00eanek\u00ea ma dest p\u00ea bik\u00ea \u00fb bizman\u00ea (panc\u00ea) xo bi\u015femern\u00ea \u00fb bixebet\u00eey\u00ea kirmanck\u00eeya ma do h\u00eena zaf \u00fb leze aver \u015fora. \u00c7unke cin\u00ee seba cins\u00eeyet\u00ea xo way\u00eer\u00ea awantaj\u00eako p\u00eel\u00ea.<\/p>\n<p>Nika ma van\u00ea \u201cZiwan\u00ea Day\u00eeke\u201d; \u00e7unke ziwano ke tut\u00ee maya\/day\u00eeka xo ra musan\u00ea \u00fb bi y\u00ea ziwan\u00ee qise ken\u00ea ma \u00ea ziwan\u00ee ra van\u00ea ziwan\u00ea day\u00eeke. Yan z\u00ee bi vati\u015f\u00eako b\u00een ziwano ke tut\u00ee day\u00eekan\u00ea xo ra musen\u00ea ma \u00ea ziwan\u00ee ra van\u00ea \u201cZiwan\u00ea day\u00eeke.\u201d Ewro cin\u00ee y\u00ea xebatkar\u00ea ziwan\u00ea ma \u00e7end zaf\u00ee b\u00ea, kirmanck\u00eeya ma r\u00ea hende hol o. (Meselaya ziwan\u00ea day\u00eeke, xoser yew mesela ya. Ez n\u00eawazena n\u00ea nu\u015ftey\u00ea xo de na mesela ser o derg\u00fbdila vinder\u00ee.)<\/p>\n<p>Cin\u00eeya ke bi ziwan\u00ea xo hol qise kena, tut\u00ea aye hem qe\u00e7ek\u00ee ra ziwan\u00ea xo musen\u00ea \u00fb hem z\u00ee ziwan\u00eako fes\u00eeh \u00fb rast musen\u00ea. No het\u00eak ra faydey\u00eako zaf p\u00eel o. Het\u00eako b\u00een ra z\u00ee cin\u00ee \u00fb k\u00eanay\u00ea \u00a0ma eke biwaz\u00ea \u00e7\u00eey\u00ea ma y\u00ea folklor\u00eek\u00ee y\u00ea ke b\u00eey\u00ea vind\u00ee e\u015fken\u00ea cam\u00eardan ra h\u00eena rew\u00ear biv\u00een\u00ea. Yan z\u00ee e\u015fken\u00ea \u00eenan ver de bib\u00ea asteng \u00fb n\u00eaverd\u00ea vind\u00ee bib\u00ea.<\/p>\n<p><a href=\"http:\/\/www.kirdki.com\/wp-content\/uploads\/2015\/03\/Kurdish_woman_daughters.jpg\"><img loading=\"lazy\" decoding=\"async\" class=\" size-medium wp-image-2355 alignleft\" src=\"http:\/\/www.kirdki.com\/wp-content\/uploads\/2015\/03\/Kurdish_woman_daughters-234x300.jpg\" alt=\"Kurdish_woman_daughters\" width=\"234\" height=\"300\" srcset=\"https:\/\/www.kirdki.com\/wp-content\/uploads\/2015\/03\/Kurdish_woman_daughters-234x300.jpg 234w, https:\/\/www.kirdki.com\/wp-content\/uploads\/2015\/03\/Kurdish_woman_daughters.jpg 500w\" sizes=\"auto, (max-width: 234px) 100vw, 234px\" \/><\/a><\/p>\n<p>Ez bi xo wazena ke ez \u015fora dewan\u00ea ma kirmancan \u00fb tay \u00e7\u00eey\u00ea qe\u00e7ekan\/tutan \u00ea folklor\u00eek\u00ee ar\u00ea bida. Ez e\u015fkena \u015fora dew\u00eake, label\u00ea ez\u00ea sen\u00ee \u015fora m\u00eeyan\u00ea cin\u00ee \u00fb veyvekan\u00ea way\u00eer\u00ea tutan de roni\u015fa \u00fb go\u015ftar\u00ee \u00eenan bikera \u00fb tay\u00ea \u00e7\u00eeyan \u00eenan ra bipersa! Nimune: Ewro ma dest de lor\u00eey\u00ea tutan \u00ea ke maya tutan, tutan\u00ea xo ra van\u00ea \u00fb \u00eenan p\u00ea ken\u00ea hewn hende \u00e7in\u00ee. Sewb\u00eena, \u00e7\u00eey\u00ea ke tutan eleqe ken\u00ea; werdi\u015f \u00fb \u015fimiti\u015f\u00ea \u00eenan, pakkerdi\u015f\u00ea bin\u00ea \u00eenan, \u015fuweti\u015f\u00ea \u00eenan, namey\u00ea kinc\u00ea \u00eenan\u2026 \u00fb hema zaf \u00e7\u00eey\u00ea \u00eenan yew cam\u00eard ra zaf\u00ear cin\u00eey\u00ee h\u00eena e\u015fken\u00ea n\u00ea \u00e7\u00eeyan asan peyda biker\u00ea, cin\u00eeyan ra bipers\u00ea.<\/p>\n<p>Ez wazena vaja ke wa k\u00eanay\u00ea ma \u00fb cin\u00eey\u00ea ma heme xusus\u00eeyetan\u00ea ziwan\u00ea ma h\u00eena zaf rind bimus\u00ea. \u00c7unke k\u00eanek\u00ea ma namzet\u00ea dayikan \u00ea. Siba roj heme do bib\u00ea day\u00eek\u00ee. \u00a0Ewro keyna y\u00ea, label\u00ea siba ben\u00ea day\u00eeke. Siba tut\u00ea \u00eenan do \u00eenan ra ziwan\u00ea day\u00eeke bimus\u00ea. N\u00ea keynay\u00ea ma do siba bi tutan\u00ea xo rey de kay bik\u00ea. Cin\u00eey\u00ea ke kirmanck\u00ee rind n\u00eazan\u00ea do bi qe\u00e7ekan\u00ea xo reyde sen\u00ee bi kirmanck\u00ee kay bik\u00ea? \u00cenan r\u00ea do sen\u00ee lor\u00ee bike? Do sen\u00ee \u00eenan r\u00ea estenekan\u00ea ma vaj\u00ea? Do sen\u00ee mertelan bipers\u00ea?&#8230;do sen\u00ee.. sen\u00ee.. \u00a0sen\u00ee\u2026<\/p>\n<p>Ewro zaf cayan de ciwan\u00ea ma yen\u00ea t\u00ea het, ben\u00ea gr\u00fbb\u00ee \u00fb kirmanck\u00ee ser o xebet\u00eeyen\u00ea. N\u00ea gr\u00fbb\u00ee gan\u00ee xo biresn\u00ea keynekan\u00ea ciwanan \u00fb \u00eenan be\u015fdar\u00ea n\u00ea xebetan bik\u00ee. Bel\u00ea ciwan\u00ea ma p\u00earo h\u00eav\u00eey\u00ea ma y\u00ea. Label\u00ea ez vana k\u00eanek\u00ea ma \u00e7end zaf\u00ee b\u00ea ma do hende leze bires\u00ea hedef\u00ea xo.<\/p>\n<p>&nbsp;<\/p>\n<p>&nbsp;<\/p>\n<p>&nbsp;<\/p>\n","protected":false},"excerpt":{"rendered":"<p>Mehmud N\u00ea\u015fite \u00a0 \u00a0 \u00a0 \u00a0N\u00ea serren\u00ea pey\u00eanan de qas\u00ee ke keyf\u00ea ma ci r\u00ea b\u00earo \u00fb qas\u00ee ke ma p\u00ea \u015fa bib\u00ea kirmanck\u00ee\/kirdk\u00eeya ma het\u00ea nu\u015ftek\u00ee ra aver \u015f\u00eeya. Nu\u015ftox\u00ea ma z\u00eeyade b\u00eey \u00fb roje bir roje z\u00ee z\u00eeyade ben\u00ea. Gorey\u00ea z\u00eeyadeb\u00eeyay\u00ee\u015f\u00ea nu\u015ftoxan\u00ea ma \u00fb gorey\u00ea z\u00eeyadeb\u00eeyay\u00ee\u015f\u00ea kirmnck\u00eeya ma ya nu\u015ftek\u00ee z\u00ee kitab\u00ea ma &hellip;<\/p>\n","protected":false},"author":1,"featured_media":2356,"comment_status":"closed","ping_status":"open","sticky":false,"template":"","format":"standard","meta":{"footnotes":""},"categories":[52],"tags":[],"class_list":["post-2354","post","type-post","status-publish","format-standard","has-post-thumbnail","","category-kultur"],"_links":{"self":[{"href":"https:\/\/www.kirdki.com\/index.php?rest_route=\/wp\/v2\/posts\/2354","targetHints":{"allow":["GET"]}}],"collection":[{"href":"https:\/\/www.kirdki.com\/index.php?rest_route=\/wp\/v2\/posts"}],"about":[{"href":"https:\/\/www.kirdki.com\/index.php?rest_route=\/wp\/v2\/types\/post"}],"author":[{"embeddable":true,"href":"https:\/\/www.kirdki.com\/index.php?rest_route=\/wp\/v2\/users\/1"}],"replies":[{"embeddable":true,"href":"https:\/\/www.kirdki.com\/index.php?rest_route=%2Fwp%2Fv2%2Fcomments&post=2354"}],"version-history":[{"count":1,"href":"https:\/\/www.kirdki.com\/index.php?rest_route=\/wp\/v2\/posts\/2354\/revisions"}],"predecessor-version":[{"id":2357,"href":"https:\/\/www.kirdki.com\/index.php?rest_route=\/wp\/v2\/posts\/2354\/revisions\/2357"}],"wp:featuredmedia":[{"embeddable":true,"href":"https:\/\/www.kirdki.com\/index.php?rest_route=\/wp\/v2\/media\/2356"}],"wp:attachment":[{"href":"https:\/\/www.kirdki.com\/index.php?rest_route=%2Fwp%2Fv2%2Fmedia&parent=2354"}],"wp:term":[{"taxonomy":"category","embeddable":true,"href":"https:\/\/www.kirdki.com\/index.php?rest_route=%2Fwp%2Fv2%2Fcategories&post=2354"},{"taxonomy":"post_tag","embeddable":true,"href":"https:\/\/www.kirdki.com\/index.php?rest_route=%2Fwp%2Fv2%2Ftags&post=2354"}],"curies":[{"name":"wp","href":"https:\/\/api.w.org\/{rel}","templated":true}]}}