{"id":2326,"date":"2015-02-11T09:49:14","date_gmt":"2015-02-11T07:49:14","guid":{"rendered":"http:\/\/www.kirdki.com\/?p=2326"},"modified":"2023-02-14T00:39:28","modified_gmt":"2023-02-13T21:39:28","slug":"derheqe-kirdan-zazayan-de-yew-programe-televizyoni-ser-o","status":"publish","type":"post","link":"https:\/\/www.kirdki.com\/?p=2326","title":{"rendered":"Derheq\u00ea Kirdan\/Zazayan de Yew Program\u00ea Telev\u00eezyon\u00ee Ser O"},"content":{"rendered":"<p style=\"text-align: right\"><strong>Wisif Zozan\u00ee<\/strong><\/p>\n<p>&nbsp;<\/p>\n<p>6 Sibate 2015 roja yeni (\u00eene) de yew qenal\u00ea telev\u00eezyona Tirk\u00eeya de derheq\u00ea zazayan de program\u00eak viraz\u00eeya. P\u00ea hay\u00eegkerdi\u015f\u00ea dezay\u00ea xo mi no program heta peyn\u00ee tema\u015fa kerd. \u015ee\u015f heb\u00ee merdiman no program de ca guret \u00fb xeber day\u00ee. N\u00ea merdim\u00ee di grube b\u00ee. Gruba yewin vat\u00ean zazay\u00ee kurd \u00ea. Gruba b\u00een z\u00ee vat\u00ean zazay\u00ee kurd n\u00eey\u00ea, xo ser yew milet \u00ea.<\/p>\n<p>Her yew merdim xo gore zanaye bi, fikir\u00ea xo ard\u00ean ziwan. Heq\u00ea her yew z\u00ee esto ke derheq\u00ea zazayan de xeber bid\u00ea. \u00c7unke piyor\u00ea \u00eenan zazay b\u00ee \u00fb bar\u00ea xo vera e\u015fken\u00ea xeber bid\u00ea. Label\u00ea namey\u00ea yew \u015far\u00ee ya xeberday\u00ee\u015f, mi gore biney cesaret \u00fb curet wazeno. Eke merdim no mewzu de xo hol n\u00earasnayo bin ra n\u00eabeno. \u00ca ke \u00ee\u015ft\u00eerak kerd\u00ee b\u00ee \u00eenan ra t\u00eana yew merdim ar\u015f\u00eeva osman\u00eeyan de xebetiy\u00eano yan\u00ee way\u00eer\u00ea yew \u00eext\u00eesas\u00ee bi. \u00ca b\u00een\u00ee hesbelqeder meseley\u00ea zazayan de eleqedar b\u00ee. Her yew qeyb\u00ea \u00eedd\u00eeayan\u00ea xo melumat\u00ea ke resay\u00ee ci ard\u00ean ziwan.<\/p>\n<p>Nika \u00e7i mesele bena wa bibo ez naye zana, merdim derheq\u00ea a mesele de gera way\u00eer\u00ea melumato xore \u00fb h\u00eera bo, hama fikir\u00ea xo vajo.\u00a0 Xebatkar\u00ea telev\u00eezyon\u00ee \u00fb medyay\u00ee h\u00eena zaf ewn\u00eeyen\u00ea gelo no program ser ra reyt\u00eeng viraz\u00eeyeno yan ney. No c\u00eehet ra derd\u00ea kes\u00ee z\u00ee rast\u00ee \u00fb heq\u00eeqet resay\u00ee\u015f n\u00eeyo.<\/p>\n<p>No program de merdim zan\u00ean\u00ee ke her yew ho ay\u00ea xo vano. \u00c7ew go\u015fdar\u00eey\u00ea \u00ea b\u00een n\u00eakeno. Kes z\u00ee t\u00eana p\u00ea aqil \u00fb melumat\u00ea xo kal\u00ee n\u00eakeno, muheqeq hiss\u00eeyat\u00ea xo keno m\u00eeyan\u00ea xeberday\u00ee\u015f\u00ee.<\/p>\n<p>Bel\u00ea, eke yew meseleya magaz\u00een\u00ee bib\u00ean, heq\u00ea herkes\u00ee esto ke ser o qal bikero. Label\u00ea meseley\u00ea esil, neseb \u00fb tar\u00eex\u00ee yew \u015far\u00ee ser o xeberday\u00ee\u015f mi gore ehende rehet n\u00eeyo. Merdim gera p\u00ea cid\u00eeyet hereket bikero. Heq\u00ea kes\u00ee \u00e7in o wina bikero. Meseley\u00ea d\u00een \u00fb mil\u00eeyet\u00ee mi gore no terz munaqe\u015fe n\u00eaben\u00ea.<\/p>\n<p>Gureyo tewr eceb vira\u015ftox\u00ea program\u00ee z\u00ee zaza bi, label\u00ea \u00ea bi xo z\u00ee d\u00eeqet\u00ea naye n\u00eakerd. To vat\u00ean qey d\u00eek\u00ee ard\u00ee t\u00eahet \u00fb ho d\u00eekan verdeno p\u00ea. Hergo vat\u00ean<em> d\u00eek mi filankes, d\u00eek mi b\u00eawankes, ha d\u00eeko, ha d\u00eeko! D\u00eeko \u015firvir, d\u00eeko \u015firvir&#8230;<\/em><\/p>\n<p>Heyf \u00e7i heyf hal\u00ea ma zazayan. Ma h\u00ea p\u00ea meseleyan\u00ea xo y\u00ea muh\u00eeman q\u00ear\u00ea \u015far\u00ee an\u00ee. Meseley\u00ea ilm\u00ee gera het\u00ea ehl\u00ea ci b\u00ear\u00ea munaqe\u015fekerdi\u015f \u00fb dima e\u015fkere bib\u00ee. Heq\u00ea kes\u00ee \u00e7in o ke p\u00ea n\u00eamcet\u00eeya xo ya sar\u00ea \u00eensan\u00ee ma t\u00eam\u00eeyan do. \u015eek \u00fb \u015fuphe bierzo ma m\u00eeyan.<\/p>\n<p>Ewil\u00ee, merdim yew mesele ser o xo hol resnen \u00fb dima vej\u00eeyen ver\u00ea \u015far\u00ee \u00fb melumat\u00ea xo teqd\u00eem\u00ea \u015far\u00ee keno. P\u00ea his\u00eeyat, s\u00eeyaset meseley\u00ea \u00eelm\u00ee munaqe\u015fe n\u00eaben\u00ea. Merdim ewil\u00ee sar\u00ea xo de mesele zelal kero bad\u00ea c\u00fb \u015far\u00ee de qal bikero.<\/p>\n<p>Kam qal kerd\u00ean ge d\u00ean\u00ee nale ro ge d\u00ean\u00ee mix ro. Xo m\u00eeyan de kewt\u00ean tezad\u00ee. Behs\u00ea Ewl\u00eeya \u00c7eleb\u00ee ame kerdi\u015f. Ez bawer kena, yew z\u00ee or\u00eejinal\u00ea \u00ea metn\u00ee n\u00eawendo, wendo z\u00ee fehm n\u00eakerdo. Behs\u00ea \u015eerefnamey\u00ee beno, kes n\u00eazano metn\u00eako klas\u00eek \u00e7i qeyde anal\u00eez beno \u00fb ci ra \u00e7i melumat vej\u00eeyeno. Yan\u00ee metn\u00ea kahan\u00ee p\u00ea metod\u00ea hermon\u00eet\u00eek\u00ee yen\u00ea fehmkerdi\u015f\u00ee.<\/p>\n<p>Heto b\u00een ra tay merdiman, p\u00ea teor\u00eey\u00ea s\u00eeyaseto esr\u00ee \u00fb terman\u00ea modernan v\u00eeyertey\u00ea zazayan ser o qal\u00ee kerd\u00ean. Xelet\u00eeya tewr p\u00eel z\u00ee na ya. Ma \u00e7iqas \u015far\u00eako b\u00eataleh \u00ea. \u015ear, dinya alem gurey\u00ea xo \u00e7i qeyde ken\u00ea, meseleyan\u00ea xo p\u00ea \u00e7i usul c\u00ea m\u00eeyan ra vec\u00ean\u00ee, ma h\u00ea se ken\u00ea?<\/p>\n<p>Ma \u00eetya ra eleqadaran\u00ea n\u00ea terz gureyan ra van\u00ea bin\u00ea p\u00ea c\u00eed\u00eeyet \u00fb d\u00eesipl\u00eeno \u00eelm\u00ee hereket biker\u00een. N\u00ea meseleyan ser o xeberday\u00ee\u015f kay\u00ea qijan n\u00eeyo. Heq\u00ea \u015fima \u00e7in o \u015fima wina biker\u00ee. Ya sey merdim\u00ee gure biker\u00een yan z\u00ee gureyo ke \u015fima ker ra n\u00eayen\u00ea m\u00eeyan mekur\u00een.<\/p>\n<p>&nbsp;<\/p>\n<p>&nbsp;<\/p>\n<p>&nbsp;<\/p>\n<p>&nbsp;<\/p>\n","protected":false},"excerpt":{"rendered":"<p>Wisif Zozan\u00ee &nbsp; 6 Sibate 2015 roja yeni (\u00eene) de yew qenal\u00ea telev\u00eezyona Tirk\u00eeya de derheq\u00ea zazayan de program\u00eak viraz\u00eeya. P\u00ea hay\u00eegkerdi\u015f\u00ea dezay\u00ea xo mi no program heta peyn\u00ee tema\u015fa kerd. \u015ee\u015f heb\u00ee merdiman no program de ca guret \u00fb xeber day\u00ee. N\u00ea merdim\u00ee di grube b\u00ee. Gruba yewin vat\u00ean zazay\u00ee kurd \u00ea. Gruba b\u00een &hellip;<\/p>\n","protected":false},"author":10,"featured_media":2327,"comment_status":"closed","ping_status":"open","sticky":false,"template":"","format":"standard","meta":{"footnotes":""},"categories":[52],"tags":[],"class_list":["post-2326","post","type-post","status-publish","format-standard","has-post-thumbnail","","category-kultur"],"_links":{"self":[{"href":"https:\/\/www.kirdki.com\/index.php?rest_route=\/wp\/v2\/posts\/2326","targetHints":{"allow":["GET"]}}],"collection":[{"href":"https:\/\/www.kirdki.com\/index.php?rest_route=\/wp\/v2\/posts"}],"about":[{"href":"https:\/\/www.kirdki.com\/index.php?rest_route=\/wp\/v2\/types\/post"}],"author":[{"embeddable":true,"href":"https:\/\/www.kirdki.com\/index.php?rest_route=\/wp\/v2\/users\/10"}],"replies":[{"embeddable":true,"href":"https:\/\/www.kirdki.com\/index.php?rest_route=%2Fwp%2Fv2%2Fcomments&post=2326"}],"version-history":[{"count":2,"href":"https:\/\/www.kirdki.com\/index.php?rest_route=\/wp\/v2\/posts\/2326\/revisions"}],"predecessor-version":[{"id":2329,"href":"https:\/\/www.kirdki.com\/index.php?rest_route=\/wp\/v2\/posts\/2326\/revisions\/2329"}],"wp:featuredmedia":[{"embeddable":true,"href":"https:\/\/www.kirdki.com\/index.php?rest_route=\/wp\/v2\/media\/2327"}],"wp:attachment":[{"href":"https:\/\/www.kirdki.com\/index.php?rest_route=%2Fwp%2Fv2%2Fmedia&parent=2326"}],"wp:term":[{"taxonomy":"category","embeddable":true,"href":"https:\/\/www.kirdki.com\/index.php?rest_route=%2Fwp%2Fv2%2Fcategories&post=2326"},{"taxonomy":"post_tag","embeddable":true,"href":"https:\/\/www.kirdki.com\/index.php?rest_route=%2Fwp%2Fv2%2Ftags&post=2326"}],"curies":[{"name":"wp","href":"https:\/\/api.w.org\/{rel}","templated":true}]}}