{"id":2308,"date":"2015-01-30T22:05:34","date_gmt":"2015-01-30T20:05:34","guid":{"rendered":"http:\/\/www.kirdki.com\/?p=2308"},"modified":"2020-03-25T19:35:06","modified_gmt":"2020-03-25T16:35:06","slug":"ma-qale-sireti-ra-xu-keni","status":"publish","type":"post","link":"https:\/\/www.kirdki.com\/?p=2308","title":{"rendered":"Ma qal\u00ea \u015f\u00eeret\u00ee ra x\u00fb ken\u00ee"},"content":{"rendered":"<p style=\"text-align: right\"><strong>W.Zozan\u00ee<\/strong><\/p>\n<p style=\"text-align: left\">\u00a0 \u00a0 \u00a0 \u00a0Vatey\u00ea ver\u00eenan, c\u00fbyay\u00ee\u015f\u00ea \u00eensanan r\u00ea serasan\u00ee \u00fb serfiraz\u00ee an\u00ee. Zaf rey ma xeberday\u00ee\u015f\u00ea xo de vatey\u00ea ver\u00eenan \u015fuxulnen\u00ee, label\u00ea ma p\u00ea emel n\u00eaken\u00ee. N\u00ea vatey\u00ea ver\u00eenan ra yew z\u00ee \u015f\u00eeret\u00ee ser a. Merdimo ke qay\u00eel o yew\u00ee xo qijyer\u00ee \u015f\u00eeret bikiro, p\u00ea feknerm a ci ra vano. Eke wet\u00een n\u00ea \u015f\u00eeret\u00ee qebul n\u00eakerd, ci r\u00ea van\u00ee qal\u00ea \u015f\u00eeret\u00ee ci n\u00eayena, ca verd wa \u015fiyor(\u015foro). Ra\u015fta z\u00ee ma, kurd\u00ee \u015f\u00eeret n\u00eayen\u00ee. Yew ma p\u00eelyer wexto ke ma ra yew qal\u00ea nes\u00eehet\u00ee vano, ti van\u00ea ho ma r\u00ea nengan \u00e7\u00eeneno. Ma ca de xelet tawil dan\u00ea (anlamak, yorumlamak) na qale \u00fb h\u00ears ben\u00ea. Halbik hal ma gera p\u00ea we\u015f bo \u00fb p\u00ea na qal\u00ea \u00ea merdim\u00ee p\u00eel\u00ee emel biker. P\u00eelan\u00ea ma dinya d\u00eeya, xo ser ra zaf gurey\u00ee v\u00eeyarnay\u00ee, n\u00ea cerib\u00ea xo p\u00ea qalan \u00fb vateyan xo ra dim verdey\u00ee. Ma nesla new\u00ee z\u00ee gera go\u015f bidi n\u00ea vateyan \u00fb p\u00ea emel biker.<\/p>\n<p style=\"text-align: left\">\u00a0 \u00a0 \u00a0 Beno ke p\u00eel\u00ea ma yan z\u00ee yew zanaye, rey rey semed\u00ea yew xirab\u00eeya ma z\u00ee ma \u015f\u00eeret bikero, hewna z\u00ee ma gera h\u00ears meb\u00ee \u00fb go\u015f\u00ea xo bid\u00ee a qale. Ez bawer a ke \u015far\u00ea Ewropa, p\u00ea n\u00ea exlaq\u00ea xo ehend\u00ea ra ver de \u015f\u00eey\u00ea. Wexto ke to yew gurey\u00ea ewrupayij\u00ee began n\u00eakerd \u00fb to k\u00eamas\u00eey\u00ea ey ci ra va, ca verde h\u00earsb\u00eeyay\u00ee\u015f\u00ee, ag\u00earen to r\u00ea te\u015fekur keno \u00fb vano, to n\u00ea k\u00eamas\u00eey\u00ea mi mi ra va, to ez h\u00ee\u015fyar kerda. P\u00ea na qala \u015f\u00eeret\u00ee to emel keno \u00fb a k\u00eamas\u00eeya xo ra qed\u00eeyeno.<\/p>\n<p style=\"text-align: left\">\u00a0 \u00a0 \u00a0 \u00a0Ma xo m\u00eeyan de wexto ke yew gureyo \u00e7ewt d\u00ee \u00fb yew k\u00eamas\u00ee ma ard ziwan, way\u00eer\u00ea \u00ea gurey\u00ee ca de xo wa geno \u00fb vano to mi r\u00ea heqaret kerd. Ti gurey\u00ee r\u00ea van\u00ea, o xo r\u00ea hesibneno \u00fb to ra h\u00ears beno. A k\u00eamas\u00ee z\u00ee herinda xo de manena. P\u00ea n\u00ea exlaq\u00ee verde\u015f\u00eeyay\u00ee\u015f gelo \u00e7iqas mumkin o?<\/p>\n<p style=\"text-align: left\">\u00a0 \u00a0 \u00a0 \u00a0Mi gore krit\u00eekkerdi\u015f\u00ea yew gurey\u00ee, yew fikir\u00ee gera merdim \u015fexs\u00ee n\u00eahesibno \u00fb \u015fexs\u00ea xo r\u00ea z\u00ee qebul n\u00eakero. Temam, gurey\u00ea rind\u00ee \u00fb fikir\u00ee ba\u015f\u00ee \u00eensan ra sadir ben\u00ee label\u00ea p\u00ea \u015f\u00eeret z\u00ee h\u00eena hol ben\u00ea.<\/p>\n<p style=\"text-align: left\">\u00a0 \u00a0 \u00a0 \u00a0Ez qay\u00eel a peyn\u00eeya nu\u015ftey\u00ea xo de mesela bin\u00eana zelal biker\u00ee. Meseleya ziwan\u00ee sey meseleyan\u00ea \u015fexs\u00eeyan n\u00eeya \u00fb n\u00eabena z\u00ee. Ziwan mal\u00ea yew milet o, her yew ferd\u00ea a milet\u00ee tede \u015fir\u00eek o. Ma ewro v\u00eenen\u00ea m\u00eeyan\u00ea ma kirdan\/zazayan de c\u00eeya c\u00eeya firqey\u00ee \u00fb grub\u00ee ziwan\u00ea ma ser o xebat ken\u00ee. Her yew gorey\u00ea xo xizmet z\u00ee kerdo label\u00ea b\u00eak\u00eamas\u00ee n\u00eey\u00ea.<\/p>\n<p style=\"text-align: left\">\u00a0 \u00a0 \u00a0 \u00a0\u00c7iqas xebat bena wa bibo, \u00e7iqas kitab\u00ee nus\u00eeyen\u00ee wa binus\u00eey\u00ea heta ziwan m\u00eeyan\u00ea \u015far\u00ee de gan\u00ee n\u00eabi, n\u00ea xebat\u00ee cay\u00ea xo n\u00eagen\u00ea. Ancax ben\u00ea me\u015fxaley\u00ea yew gruba qijkek\u00ee. \u00ca p\u00ea keyfwe\u015f ben\u00ea \u00fb xo tatm\u00een ken\u00ea.<\/p>\n<p style=\"text-align: left\">\u00a0 \u00a0 \u00a0 \u00a0Ma naye van\u00ea, xebatan\u00ea akadem\u00eek\u00ee r\u00ea \u00eet\u00eeraz\u00ee ma \u00e7in o. Bin\u00ea z\u00ee \u015far m\u00eeyan de \u2018n\u00eawendeyan\u2019! m\u00eeyan de xebat biker\u00een. \u015ear\u00ea ma piyor, p\u00ea kitaban ziwan\u00ea xo n\u00eamusayo. H\u00eav\u00eey\u00ea ma na wa ke xebatkar\u00ea ziwan\u00ea zazak\u00ee, bin\u00ea z\u00ee het\u00ea xo bid\u00ea \u015far\u00ea xo wa \u00eenan de qisey biker\u00ee. D\u00ea \u015far ho vano se? \u015e\u00eeret\u00ee \u015far\u00ea xo ra z\u00ee wa xo n\u00eaker\u00ee.<\/p>\n<p style=\"text-align: left\">\n","protected":false},"excerpt":{"rendered":"<p>W.Zozan\u00ee \u00a0 \u00a0 \u00a0 \u00a0Vatey\u00ea ver\u00eenan, c\u00fbyay\u00ee\u015f\u00ea \u00eensanan r\u00ea serasan\u00ee \u00fb serfiraz\u00ee an\u00ee. Zaf rey ma xeberday\u00ee\u015f\u00ea xo de vatey\u00ea ver\u00eenan \u015fuxulnen\u00ee, label\u00ea ma p\u00ea emel n\u00eaken\u00ee. N\u00ea vatey\u00ea ver\u00eenan ra yew z\u00ee \u015f\u00eeret\u00ee ser a. Merdimo ke qay\u00eel o yew\u00ee xo qijyer\u00ee \u015f\u00eeret bikiro, p\u00ea feknerm a ci ra vano. Eke wet\u00een n\u00ea \u015f\u00eeret\u00ee &hellip;<\/p>\n","protected":false},"author":10,"featured_media":2309,"comment_status":"closed","ping_status":"open","sticky":false,"template":"","format":"standard","meta":{"footnotes":""},"categories":[52],"tags":[],"class_list":["post-2308","post","type-post","status-publish","format-standard","has-post-thumbnail","","category-kultur"],"_links":{"self":[{"href":"https:\/\/www.kirdki.com\/index.php?rest_route=\/wp\/v2\/posts\/2308","targetHints":{"allow":["GET"]}}],"collection":[{"href":"https:\/\/www.kirdki.com\/index.php?rest_route=\/wp\/v2\/posts"}],"about":[{"href":"https:\/\/www.kirdki.com\/index.php?rest_route=\/wp\/v2\/types\/post"}],"author":[{"embeddable":true,"href":"https:\/\/www.kirdki.com\/index.php?rest_route=\/wp\/v2\/users\/10"}],"replies":[{"embeddable":true,"href":"https:\/\/www.kirdki.com\/index.php?rest_route=%2Fwp%2Fv2%2Fcomments&post=2308"}],"version-history":[{"count":4,"href":"https:\/\/www.kirdki.com\/index.php?rest_route=\/wp\/v2\/posts\/2308\/revisions"}],"predecessor-version":[{"id":2313,"href":"https:\/\/www.kirdki.com\/index.php?rest_route=\/wp\/v2\/posts\/2308\/revisions\/2313"}],"wp:featuredmedia":[{"embeddable":true,"href":"https:\/\/www.kirdki.com\/index.php?rest_route=\/wp\/v2\/media\/2309"}],"wp:attachment":[{"href":"https:\/\/www.kirdki.com\/index.php?rest_route=%2Fwp%2Fv2%2Fmedia&parent=2308"}],"wp:term":[{"taxonomy":"category","embeddable":true,"href":"https:\/\/www.kirdki.com\/index.php?rest_route=%2Fwp%2Fv2%2Fcategories&post=2308"},{"taxonomy":"post_tag","embeddable":true,"href":"https:\/\/www.kirdki.com\/index.php?rest_route=%2Fwp%2Fv2%2Ftags&post=2308"}],"curies":[{"name":"wp","href":"https:\/\/api.w.org\/{rel}","templated":true}]}}