{"id":2302,"date":"2015-01-18T15:25:51","date_gmt":"2015-01-18T13:25:51","guid":{"rendered":"http:\/\/www.kirdki.com\/?p=2302"},"modified":"2020-03-25T19:35:06","modified_gmt":"2020-03-25T16:35:06","slug":"universiteya-artuklu-ya-merdini-ra-kurse-kirdki","status":"publish","type":"post","link":"https:\/\/www.kirdki.com\/?p=2302","title":{"rendered":"Un\u00eevers\u00eeteya Artuklu ya M\u00eard\u00een\u00ee ra Kurs\u00ea Kirdk\u00ee"},"content":{"rendered":"<p>Hin\u00ee \u015fima n\u00eae\u015fken\u00ee vaj\u00ee: \u201cAnliyorum ama konu\u015famiyorum!\u201d<\/p>\n<p>Un\u00eevers\u00eeteya Artuklu ya M\u00eard\u00een\u00ee de bi perwerdeyo d\u00fbr\u00ee kurs\u00ea kirdk\u00ee dest p\u00eakeno. Malumato ke keyepel\u00ea un\u00eevers\u00eete de d\u00eeyayo; kurs h\u00eer\u00ea a\u015fm\u00ee rameno. Hewte de di roj\u00ee \u00fb roje de di saet\u00ee yo. Kurs, di darax\u00ee(sew\u00eeye) ra yeno p\u00ea. Daraxo yewin de semed\u00ea \u00ea kesan\u00ea ke qet kirdk\u00ee n\u00eazan\u00ee r\u00ea, daraxo d\u00eeyin de z\u00ee \u00ea kesan\u00ea ke kirdk\u00ee zan\u00ee r\u00ea derse yena day\u00ee\u015f.<\/p>\n<p>Ders\u00ee het\u00ea mamosta Mutlu Can\u00ee ra yen\u00ea dayene.<\/p>\n<p>Kes\u00ea ke wazen\u00ee kirdk\u00ee bimus\u00ea r\u00ea \u00eemkan\u00eako zaf erj\u00eeyaye yo. \u00a0Hin\u00ee \u00e7ew\u00ee n\u00eae\u015fkeno vajo, ez wazena ziwan\u00ea xo bimus\u00ee la cay\u00eak \u00e7in o ez bimus\u00ee yan z\u00ee \u201cAnliyorum ama konu\u015famiyorum!\u201d<\/p>\n<p>Seba muracat\u00ee: <a href=\"http:\/\/mauzem.artuklu.edu.tr\/duyurular\/page-online-sertifikali-zazaki-dil-kursu.aspx\">http:\/\/mauzem.artuklu.edu.tr\/duyurular\/page-online-sertifikali-zazaki-dil-kursu.aspx<\/a><\/p>\n","protected":false},"excerpt":{"rendered":"<p>Hin\u00ee \u015fima n\u00eae\u015fken\u00ee vaj\u00ee: \u201cAnliyorum ama konu\u015famiyorum!\u201d Un\u00eevers\u00eeteya Artuklu ya M\u00eard\u00een\u00ee de bi perwerdeyo d\u00fbr\u00ee kurs\u00ea kirdk\u00ee dest p\u00eakeno. Malumato ke keyepel\u00ea un\u00eevers\u00eete de d\u00eeyayo; kurs h\u00eer\u00ea a\u015fm\u00ee rameno. Hewte de di roj\u00ee \u00fb roje de di saet\u00ee yo. Kurs, di darax\u00ee(sew\u00eeye) ra yeno p\u00ea. Daraxo yewin de semed\u00ea \u00ea kesan\u00ea ke qet kirdk\u00ee n\u00eazan\u00ee &hellip;<\/p>\n","protected":false},"author":1,"featured_media":2303,"comment_status":"closed","ping_status":"open","sticky":false,"template":"","format":"standard","meta":{"footnotes":""},"categories":[56],"tags":[],"class_list":["post-2302","post","type-post","status-publish","format-standard","has-post-thumbnail","","category-ziwan-2"],"_links":{"self":[{"href":"https:\/\/www.kirdki.com\/index.php?rest_route=\/wp\/v2\/posts\/2302","targetHints":{"allow":["GET"]}}],"collection":[{"href":"https:\/\/www.kirdki.com\/index.php?rest_route=\/wp\/v2\/posts"}],"about":[{"href":"https:\/\/www.kirdki.com\/index.php?rest_route=\/wp\/v2\/types\/post"}],"author":[{"embeddable":true,"href":"https:\/\/www.kirdki.com\/index.php?rest_route=\/wp\/v2\/users\/1"}],"replies":[{"embeddable":true,"href":"https:\/\/www.kirdki.com\/index.php?rest_route=%2Fwp%2Fv2%2Fcomments&post=2302"}],"version-history":[{"count":2,"href":"https:\/\/www.kirdki.com\/index.php?rest_route=\/wp\/v2\/posts\/2302\/revisions"}],"predecessor-version":[{"id":2305,"href":"https:\/\/www.kirdki.com\/index.php?rest_route=\/wp\/v2\/posts\/2302\/revisions\/2305"}],"wp:featuredmedia":[{"embeddable":true,"href":"https:\/\/www.kirdki.com\/index.php?rest_route=\/wp\/v2\/media\/2303"}],"wp:attachment":[{"href":"https:\/\/www.kirdki.com\/index.php?rest_route=%2Fwp%2Fv2%2Fmedia&parent=2302"}],"wp:term":[{"taxonomy":"category","embeddable":true,"href":"https:\/\/www.kirdki.com\/index.php?rest_route=%2Fwp%2Fv2%2Fcategories&post=2302"},{"taxonomy":"post_tag","embeddable":true,"href":"https:\/\/www.kirdki.com\/index.php?rest_route=%2Fwp%2Fv2%2Ftags&post=2302"}],"curies":[{"name":"wp","href":"https:\/\/api.w.org\/{rel}","templated":true}]}}