{"id":2293,"date":"2014-12-23T23:08:21","date_gmt":"2014-12-23T21:08:21","guid":{"rendered":"http:\/\/www.kirdki.com\/?p=2293"},"modified":"2020-03-25T19:35:07","modified_gmt":"2020-03-25T16:35:07","slug":"ziwane-ma-gone-ma-wo","status":"publish","type":"post","link":"https:\/\/www.kirdki.com\/?p=2293","title":{"rendered":"ZIWAN\u00ca MA GON\u00ca MA WO"},"content":{"rendered":"<p style=\"text-align: right;\">Emrullah Kaya<\/p>\n<p style=\"text-align: right;\">Wendekar\u00ea Ziwan \u00fb Edeb\u00eeyat\u00ea Kirmanck\u00ee-1<\/p>\n<p style=\"text-align: right;\">Un\u00eevers\u00eeteya D\u00earsim<\/p>\n<p>\u00a0 \u00a0 \u00a0 \u00a0Ziwan\u00ea ma gon\u00ea ma wo. \u00c7i waxt ma ziwan\u00ea xo ra v\u00eeyer\u00ea, ma qisey n\u00eakerd \u00fb\u00a0 way\u00eer n\u00eavec\u00eey\u00ea ma b\u00eac\u00eef manen\u00ea, gon dan\u00ea \u00fb karm\u00ee le\u015f\u00ea ma wen\u00ea. \u00censon p\u00ea ziwan\u00ea xo esto. No \u00e7\u00eeyo ma h\u00ees ken\u00ea,ser\u00a0 fikir\u00eeyen\u00ea, kultur\u00ee xo ser qisey ken\u00ea, gerek ma p\u00ea ziwan\u00ea xo qisey biker wa b\u00eeyer fehmkerdi\u015f. Yew \u00e7\u00ee ma h\u00ees biker la ma ey, p\u00ea ziwan\u00ea xo n\u00ea, p\u00ea yewn\u00ea ziwan b\u00eeyar \u00eefadekerdi\u015f no \u00e7\u00ee, hol fehm n\u00eabeno. B\u00eamana maneno. Ez s\u00eeyin(s\u00ean\u00ee) n\u00eae\u015fkena b\u00ea fikir yew behs sero qisey biker\u00ee, n\u00eae\u015fkena b\u00ea ziwan z\u00ee xo bid\u00ea \u00eefadekerdi\u015f. Ez \u00e7end\u00eak ziwan\u00ea xo ra d\u00fbr\u00ee biman\u00ee z\u00ee dad\u00eey\u00ea mi, bav\u00eey\u00ea mi p\u00ea ziwan\u00ea mi, mi kerdo p\u00eel \u00fb heta wext\u00ea dibistan\u00ee ez p\u00ea ziwan\u00ea xo ciw\u00eeyaya, mi her \u00e7\u00ee p\u00ea ziwan\u00ea xo fehm kerd. Ez m\u00eeyan\u00ea no ziwan\u00ee de b\u00eeya p\u00eel. Ziwan\u00ea dad\u00eey\u00ea mi qey mi, zey ast\u00fbn\u00ea bon\u00ee yo. Teyna qey mi n\u00ea, \u00ea embaz\u00ee ke zey min \u00ea qey yin\u00ee z\u00ee no qeyde yo. Ma nika heta e\u015fken\u00ea p\u00ea yewn\u00ea ziwan qisey biker, xo nata \u00fb weta bidi, la m\u00eazg\u00ee ma zey yew h\u00eagay\u00ee, hema felemend o. No jehr hema n\u00earasayo kok\u00ea ma. Ma binate di mend \u00ea \u00fb rey\u00ea xo xelitnayo. N\u00eemek\u00ea qiseyan\u00ea ma ziwan\u00ea ma de yo, n\u00eemeyo b\u00een z\u00ee yewn\u00ea ziwan de yo. No sebeb ra ma n\u00eae\u015fken\u00ea fikr\u00ea xo, h\u00ees\u00ea xo b\u00eeyar \u00eefadekerdi\u015f.<\/p>\n<p>Fikr\u00ea \u00eenson, h\u00eeskerdi\u015f\u00ea \u00eenson, waxto ke n\u00eaami \u00eefadekerdi\u015f, \u00eenson her waxt k\u00eam maneno, n\u00eae\u015fkeno yew cumleya rast qiseybikero, xo bido \u015finasnay\u00ee\u015f \u00fb tercumeye zerr\u00eey\u00ea xo bikero. Her \u00e7\u00ee zerrey\u00ea yi di maneno. La no waxt zerrey\u00ea ma di yew zelezele viraz\u00eeyeno, her \u00e7\u00ee mij \u00fb dumon di maneno. La ma \u00e7irey n\u00eazon\u00ee no \u00e7ira zerr\u00ea ma di mendo. Ma b\u00eaziwan mend\u00ee hay\u00eey\u00ea ma p\u00ea \u00e7\u00een\u00ee ya. Seyn\u00ee \u00eenson b\u00ea ziwan\u00ea dad\u00eey\u00ea xo, b\u00eakam\u00eeye maneno, b\u00ea ziwan\u00eed\u00ee z\u00ee mireno la hay\u00eey\u00ea yi p\u00ea \u00e7\u00een\u00eeya.<\/p>\n<p>Dewlet\u00ea tirkan yew nesl\u00ea kurdan b\u00ea ziwan\u00ea dad\u00ee \u00fb b\u00ea ziwan verda. No nesil nesl\u00ea 1980\u00ee \u00fb 1990\u00ee yo.\u00a0 No nesil n\u00eae\u015fkeno ziwan\u00ea xo \u00fb ziwan\u00ea tirkan tom qisey bikero, her \u00e7\u00ee yi vilab\u00eeyaye wo. Nesl\u00ea n\u00ea serran ra pey z\u00ee teyna p\u00ea ziwan\u00ea tirk\u00ee qisey ken\u00ea. Dewlet zey yew h\u00eaga no nesl felekendno . Ey, millet\u00ea ey ra zey gil\u00ea dar pa qila\u015fno \u00fb \u015far\u00ea ey ra d\u00fbr\u00ee verdo.<\/p>\n<p>&nbsp;<\/p>\n<p>&nbsp;<\/p>\n<p><strong>felekendi\u015f (n):<\/strong> Tarla s\u00fcrerken karasaban\u0131n giremedi\u011fi ve dolay\u0131s\u0131yla s\u00fcr\u00fclemeyen, ancak kazma ile kazmak veya bellemek suretiyle ekin ekilebilen engebeli yeri kaz\u0131p\/belleyip ekme<\/p>\n<p><strong>tedefelemendi\u015f (n)<\/strong>: Tarla s\u00fcrerken karasaban\u0131n giremedi\u011fi engebeli yerin s\u00fcr\u00fclemeden kalmas\u0131<\/p>\n<p>&nbsp;<\/p>\n<p>&nbsp;<\/p>\n","protected":false},"excerpt":{"rendered":"<p>Emrullah Kaya Wendekar\u00ea Ziwan \u00fb Edeb\u00eeyat\u00ea Kirmanck\u00ee-1 Un\u00eevers\u00eeteya D\u00earsim \u00a0 \u00a0 \u00a0 \u00a0Ziwan\u00ea ma gon\u00ea ma wo. \u00c7i waxt ma ziwan\u00ea xo ra v\u00eeyer\u00ea, ma qisey n\u00eakerd \u00fb\u00a0 way\u00eer n\u00eavec\u00eey\u00ea ma b\u00eac\u00eef manen\u00ea, gon dan\u00ea \u00fb karm\u00ee le\u015f\u00ea ma wen\u00ea. \u00censon p\u00ea ziwan\u00ea xo esto. No \u00e7\u00eeyo ma h\u00ees ken\u00ea,ser\u00a0 fikir\u00eeyen\u00ea, kultur\u00ee xo ser qisey &hellip;<\/p>\n","protected":false},"author":1,"featured_media":2295,"comment_status":"closed","ping_status":"open","sticky":false,"template":"","format":"standard","meta":{"footnotes":""},"categories":[56],"tags":[],"class_list":["post-2293","post","type-post","status-publish","format-standard","has-post-thumbnail","","category-ziwan-2"],"_links":{"self":[{"href":"https:\/\/www.kirdki.com\/index.php?rest_route=\/wp\/v2\/posts\/2293","targetHints":{"allow":["GET"]}}],"collection":[{"href":"https:\/\/www.kirdki.com\/index.php?rest_route=\/wp\/v2\/posts"}],"about":[{"href":"https:\/\/www.kirdki.com\/index.php?rest_route=\/wp\/v2\/types\/post"}],"author":[{"embeddable":true,"href":"https:\/\/www.kirdki.com\/index.php?rest_route=\/wp\/v2\/users\/1"}],"replies":[{"embeddable":true,"href":"https:\/\/www.kirdki.com\/index.php?rest_route=%2Fwp%2Fv2%2Fcomments&post=2293"}],"version-history":[{"count":1,"href":"https:\/\/www.kirdki.com\/index.php?rest_route=\/wp\/v2\/posts\/2293\/revisions"}],"predecessor-version":[{"id":2294,"href":"https:\/\/www.kirdki.com\/index.php?rest_route=\/wp\/v2\/posts\/2293\/revisions\/2294"}],"wp:featuredmedia":[{"embeddable":true,"href":"https:\/\/www.kirdki.com\/index.php?rest_route=\/wp\/v2\/media\/2295"}],"wp:attachment":[{"href":"https:\/\/www.kirdki.com\/index.php?rest_route=%2Fwp%2Fv2%2Fmedia&parent=2293"}],"wp:term":[{"taxonomy":"category","embeddable":true,"href":"https:\/\/www.kirdki.com\/index.php?rest_route=%2Fwp%2Fv2%2Fcategories&post=2293"},{"taxonomy":"post_tag","embeddable":true,"href":"https:\/\/www.kirdki.com\/index.php?rest_route=%2Fwp%2Fv2%2Ftags&post=2293"}],"curies":[{"name":"wp","href":"https:\/\/api.w.org\/{rel}","templated":true}]}}