{"id":2285,"date":"2014-12-20T12:12:07","date_gmt":"2014-12-20T10:12:07","guid":{"rendered":"http:\/\/www.kirdki.com\/?p=2285"},"modified":"2020-03-25T19:35:07","modified_gmt":"2020-03-25T16:35:07","slug":"cewlig-de-konser-2","status":"publish","type":"post","link":"https:\/\/www.kirdki.com\/?p=2285","title":{"rendered":"\u00c7ewl\u00eeg de Z\u00eeyafet\u00ea Muz\u00eek\u00ee"},"content":{"rendered":"<p>\u00c7ewl\u00eeg de hunermendan\u00ea ma y\u00ea erj\u00eeyayeyan ra Mucah\u00eet Goker, bi H\u00eevron \u00fb Jeladet&#8217;s Band a konser\u00eak dano. Konser, 20 Kanune 2014 de saete 17:30 de Merkez\u00ea Kultur\u00ee y\u00ea \u00c7ewl\u00eeg\u00ee de yo.<\/p>\n<p><a href=\"http:\/\/www.kirdki.com\/wp-content\/uploads\/2014\/12\/konsermucahit2.jpg\"><img loading=\"lazy\" decoding=\"async\" class=\"aligncenter size-full wp-image-2290\" src=\"http:\/\/www.kirdki.com\/wp-content\/uploads\/2014\/12\/konsermucahit2.jpg\" alt=\"konsermucahit2\" width=\"480\" height=\"678\" srcset=\"https:\/\/www.kirdki.com\/wp-content\/uploads\/2014\/12\/konsermucahit2.jpg 480w, https:\/\/www.kirdki.com\/wp-content\/uploads\/2014\/12\/konsermucahit2-212x300.jpg 212w\" sizes=\"auto, (max-width: 480px) 100vw, 480px\" \/><\/a><\/p>\n","protected":false},"excerpt":{"rendered":"<p>\u00c7ewl\u00eeg de hunermendan\u00ea ma y\u00ea erj\u00eeyayeyan ra Mucah\u00eet Goker, bi H\u00eevron \u00fb Jeladet&#8217;s Band a konser\u00eak dano. Konser, 20 Kanune 2014 de saete 17:30 de Merkez\u00ea Kultur\u00ee y\u00ea \u00c7ewl\u00eeg\u00ee de yo.<\/p>\n","protected":false},"author":1,"featured_media":2291,"comment_status":"closed","ping_status":"open","sticky":false,"template":"","format":"standard","meta":{"footnotes":""},"categories":[52],"tags":[],"class_list":["post-2285","post","type-post","status-publish","format-standard","has-post-thumbnail","","category-kultur"],"_links":{"self":[{"href":"https:\/\/www.kirdki.com\/index.php?rest_route=\/wp\/v2\/posts\/2285","targetHints":{"allow":["GET"]}}],"collection":[{"href":"https:\/\/www.kirdki.com\/index.php?rest_route=\/wp\/v2\/posts"}],"about":[{"href":"https:\/\/www.kirdki.com\/index.php?rest_route=\/wp\/v2\/types\/post"}],"author":[{"embeddable":true,"href":"https:\/\/www.kirdki.com\/index.php?rest_route=\/wp\/v2\/users\/1"}],"replies":[{"embeddable":true,"href":"https:\/\/www.kirdki.com\/index.php?rest_route=%2Fwp%2Fv2%2Fcomments&post=2285"}],"version-history":[{"count":4,"href":"https:\/\/www.kirdki.com\/index.php?rest_route=\/wp\/v2\/posts\/2285\/revisions"}],"predecessor-version":[{"id":2292,"href":"https:\/\/www.kirdki.com\/index.php?rest_route=\/wp\/v2\/posts\/2285\/revisions\/2292"}],"wp:featuredmedia":[{"embeddable":true,"href":"https:\/\/www.kirdki.com\/index.php?rest_route=\/wp\/v2\/media\/2291"}],"wp:attachment":[{"href":"https:\/\/www.kirdki.com\/index.php?rest_route=%2Fwp%2Fv2%2Fmedia&parent=2285"}],"wp:term":[{"taxonomy":"category","embeddable":true,"href":"https:\/\/www.kirdki.com\/index.php?rest_route=%2Fwp%2Fv2%2Fcategories&post=2285"},{"taxonomy":"post_tag","embeddable":true,"href":"https:\/\/www.kirdki.com\/index.php?rest_route=%2Fwp%2Fv2%2Ftags&post=2285"}],"curies":[{"name":"wp","href":"https:\/\/api.w.org\/{rel}","templated":true}]}}