{"id":2276,"date":"2014-12-05T22:32:35","date_gmt":"2014-12-05T20:32:35","guid":{"rendered":"http:\/\/www.kirdki.com\/?p=2276"},"modified":"2020-03-25T19:35:07","modified_gmt":"2020-03-25T16:35:07","slug":"in-hali-ma-se-beno","status":"publish","type":"post","link":"https:\/\/www.kirdki.com\/?p=2276","title":{"rendered":"In Hal\u00ee Ma Se Beno?"},"content":{"rendered":"<p style=\"text-align: right\">W. Zozan\u00ee<\/p>\n<p>&nbsp;<\/p>\n<p>Mudey\u00eako derg esto ke mi tubay n\u00eanu\u015ft, ez bin\u00eak\u00eak arisyawa. H\u00eav\u00eey\u00ea mi na b\u00ee, mi vat\u00ean c\u00eewan \u00fb xort\u00ea ma y\u00ea kirdan hin\u00ee dest bi xebata zazak\u00ee kerda \u00fb bar\u00ea ma b\u00eeyo \u015fenik. Sey cityeran \u00fb tirpan\u00e7\u00eeyan ma qefel\u00eey\u00ea b\u00ee \u00fb ma xo da bi ki\u015ft, bin\u00ea yew dar\u00ea valyer\u00ee. Ma va, wa refo b\u00eeno ke ma dima wo b\u00eeyoro ma biv\u00eeyero. La ma pabe vindert\u00ee n\u00eavindert\u00ee \u00e7ew b\u00eeyor \u00e7in o. Gelo ma xiyali d\u00ee, ma va ref\u00eako gird ho ma dim a. Henzar bar \u015fikir ke ma rew b\u00ee h\u00ee\u015far \u00fb ma zana ke \u00e7ew ma dim a n\u00eano. Bar ma hewna ma r\u00ea mend. Ma pancey\u00ea xo \u015famarnay\u00ee we, tirpan\u00ea xo guret xo dest \u00fb ver kerd ci, ma h\u00ea zirat\u00ea xo \u00e7\u00eenen\u00ea, xo dim a z\u00ee n\u00eaewn\u00eeyen\u00ea. H\u00eav\u00eey\u00ea ma ma dim ra \u00e7in a la xo wa ver esta, esta?<\/p>\n<p>Van\u00ea Mela Ehmed\u00ea Xas\u00ee rik ra Mewlido Kird\u00ee nu\u015fto. Meseley\u00ea Osman Efend\u00eeyo Babij\u00ee eyn\u00ee ya. Ey z\u00ee rik ra mewlid\u00ea xo nu\u015fto. Yan\u00ee \u00e7ew\u00ee, xo ver ra n\u00eavato ma p\u00ea ziwan\u00ea xo binus. Gurey\u00ea ecebo ke nesla newe rik ra z\u00ee bo n\u00eanusena. No wext de fikr\u00ea miliyetperwer\u00ee\u00a0 vila b\u00eeyo, h\u00eena zaf merdim\u00ea ke tede no fikir viraz\u00eeyo, \u00ea qiymet dan\u00ea ziwan \u00fb kultur\u00ea xo. P\u00ea ziwan\u00ea xo nusen\u00ea, wanen\u00ea \u00fb musen\u00ea. No \u00e7iy\u00eado ba\u015f \u00fb we\u015f o. La \u00e7i heyf ke no fikir herkes\u00ee de peyda n\u00eabeno. Ma zazayan de bin ra peyda n\u00eabeno, ma n\u00eazan\u00ee \u00e7i ra? \u00c7i ciwan\u00ea ma \u00e7i xort\u00ea ma y\u00ea wende est\u00ea ez geno xo hete p\u00ea saetan ci r\u00ea vana vana vana\u2026 Ez vana, \u015fima wende y\u00ea hi\u015fyar b\u00eey\u00ean. \u00ca ver\u00eenan n\u00eazan\u00ean, qebahet\u00ea \u00eenan n\u00eabi. La nesla new\u00ee wende ya, zana ya. Gera xo ver n\u00ea \u00e7\u00eeyan aqil biker \u00fb no bar wedar, ser\u00ea pa\u015ft\u00ee xo ya n\u2019. La ti kam\u00ee ra van\u00ea, kami e\u015fnaweno. Her tim ma n\u00eae\u015fken\u00ea \u00eensan\u00ea xo zixt biker. Gera merdim xo ver aqil bikero. Ez b\u00ea umud n\u00eeya. Label\u00ea ez naye zaf hol zana ke hetan miyan\u00ea ma zazayan de fikr\u00ea hember\u00ee miliyetperwer\u00ee n\u00eaviraz\u00eeyo, x\u00eeyreto mil\u00ee ma de aya n\u00eabo, ma hama zaf pey de manen\u00ea. Gelo no hal\u00ea ma se beno \u015far\u00ea ma?<\/p>\n","protected":false},"excerpt":{"rendered":"<p>W. Zozan\u00ee &nbsp; Mudey\u00eako derg esto ke mi tubay n\u00eanu\u015ft, ez bin\u00eak\u00eak arisyawa. H\u00eav\u00eey\u00ea mi na b\u00ee, mi vat\u00ean c\u00eewan \u00fb xort\u00ea ma y\u00ea kirdan hin\u00ee dest bi xebata zazak\u00ee kerda \u00fb bar\u00ea ma b\u00eeyo \u015fenik. Sey cityeran \u00fb tirpan\u00e7\u00eeyan ma qefel\u00eey\u00ea b\u00ee \u00fb ma xo da bi ki\u015ft, bin\u00ea yew dar\u00ea valyer\u00ee. Ma va, &hellip;<\/p>\n","protected":false},"author":10,"featured_media":2277,"comment_status":"closed","ping_status":"open","sticky":false,"template":"","format":"standard","meta":{"footnotes":""},"categories":[52],"tags":[],"class_list":["post-2276","post","type-post","status-publish","format-standard","has-post-thumbnail","","category-kultur"],"_links":{"self":[{"href":"https:\/\/www.kirdki.com\/index.php?rest_route=\/wp\/v2\/posts\/2276","targetHints":{"allow":["GET"]}}],"collection":[{"href":"https:\/\/www.kirdki.com\/index.php?rest_route=\/wp\/v2\/posts"}],"about":[{"href":"https:\/\/www.kirdki.com\/index.php?rest_route=\/wp\/v2\/types\/post"}],"author":[{"embeddable":true,"href":"https:\/\/www.kirdki.com\/index.php?rest_route=\/wp\/v2\/users\/10"}],"replies":[{"embeddable":true,"href":"https:\/\/www.kirdki.com\/index.php?rest_route=%2Fwp%2Fv2%2Fcomments&post=2276"}],"version-history":[{"count":2,"href":"https:\/\/www.kirdki.com\/index.php?rest_route=\/wp\/v2\/posts\/2276\/revisions"}],"predecessor-version":[{"id":2279,"href":"https:\/\/www.kirdki.com\/index.php?rest_route=\/wp\/v2\/posts\/2276\/revisions\/2279"}],"wp:featuredmedia":[{"embeddable":true,"href":"https:\/\/www.kirdki.com\/index.php?rest_route=\/wp\/v2\/media\/2277"}],"wp:attachment":[{"href":"https:\/\/www.kirdki.com\/index.php?rest_route=%2Fwp%2Fv2%2Fmedia&parent=2276"}],"wp:term":[{"taxonomy":"category","embeddable":true,"href":"https:\/\/www.kirdki.com\/index.php?rest_route=%2Fwp%2Fv2%2Fcategories&post=2276"},{"taxonomy":"post_tag","embeddable":true,"href":"https:\/\/www.kirdki.com\/index.php?rest_route=%2Fwp%2Fv2%2Ftags&post=2276"}],"curies":[{"name":"wp","href":"https:\/\/api.w.org\/{rel}","templated":true}]}}