{"id":2266,"date":"2014-10-30T21:43:25","date_gmt":"2014-10-30T19:43:25","guid":{"rendered":"http:\/\/www.kirdki.com\/?p=2266"},"modified":"2020-03-25T19:35:07","modified_gmt":"2020-03-25T16:35:07","slug":"bi-perwerdeye-duri-kurse-kurdki","status":"publish","type":"post","link":"https:\/\/www.kirdki.com\/?p=2266","title":{"rendered":"Bi Perwerdey\u00ea D\u00fbr\u00ee Kurs\u00ea Kurdk\u00ee"},"content":{"rendered":"<p><strong>UN\u00ceVERS\u00ceTEYA ARTUKLUY\u00ce YA M\u00caRD\u00ceN\u00ce DE, BI PERWERDEY\u00ca D\u00dbR\u00ce KURS\u00ca KURDK\u00ce DEST P\u00caKEN\u00ca<\/strong><\/p>\n<p>&nbsp;<\/p>\n<p>Un\u00eevers\u00eeteya Artukluy\u00ee ya M\u00eard\u00een\u00ee ke Tirk\u00eeya de be\u015fa tewr ver\u00ean y\u00ea kurdoloj\u00eey\u00ee akerda \u00fb bi serkewti\u015fan\u00ea xo y\u00ea ke \u00a0n\u00ea warey\u00ee de musnaya(mota), namey\u00ea xo ra dana qalkerdi\u015f, na rey z\u00ee bi kursan\u00ea xo y\u00ea ke het\u00ea Merkez\u00ea xo y\u00ea Perwerdey\u00ea D\u00fbr\u00ee ra, do bido. Wina, tena Tirk\u00eeya de ney Dinya de yew ver\u00ean\u00ee r\u00ea amadekar\u00eeye kena.<\/p>\n<p>Gorey\u00ea melumat\u00ea ke het\u00ea Merkez\u00ea Perwerdey\u00ea D\u00fbr\u00ee, Cig\u00earay\u00ee\u015f \u00fb Tetb\u00eeq\u00ee ra d\u00eeyay\u00ea, k\u00ee\u015fta kursan\u00ea kurmanck\u00ee y\u00ea ke qas\u00ea 2 a\u015fm\u00ee y\u00ea dewam ken\u00ea de sey \u00eelawey\u00ee, rojan\u00ea n\u00eazd\u00ee de do kursan\u00ea neweyan r\u00ea; kurmanck\u00ee \u00fb zazak\u00ee dest p\u00eaben\u00ea.<\/p>\n<p>Ders\u00ee, \u00eenternet\u00ee ra \u00fb gan\u00ee ben\u00ea. Wendakar\u00ee e\u015fken\u00ea bi heway\u00eako akt\u00eef be\u015fdar\u00ea dersan bib\u00ea, perwerdekaran reyde bikew\u00ea t\u00eakil\u00ee. Semedo ke heme ders\u00ee, bi we\u015fan\u00ea gan\u00ee yen\u00ea dayene, ar\u015f\u00eev\u00ea s\u00eestem\u00ee de yen\u00ea qeydkerdi\u015f. Wendekar\u00ee, e\u015fken\u00ea dersan\u00ea ke n\u00eae\u015fk\u00eeyay\u00ea ci r\u00ea be\u015fdar bib\u00ea \u00fb dersan\u00ea ver\u00eanan reyna tema\u015fe biker\u00ea.<\/p>\n<p>Kurs\u00ee, hewte de roj\u00eak, 4 saet\u00ee (p\u00earoy\u00ee 48 saet\u00ee) 3 a\u015fm\u00ee devam ken\u00ea.<\/p>\n<p>Armanc\u00ea akerdi\u015f\u00ea kursan no yo ke, \u00ea ke wazen\u00ea n\u00ea leh\u00e7eyan\u00ea kurdk\u00ee bimus\u00ea la semed\u00ea \u015fertan\u00ea f\u00eez\u00eek\u00ee \u00fb cografk\u00ee ra way\u00eer\u00ea n\u00ea \u015fans\u00ee n\u00eey\u00ea r\u00ea \u00eemkan\u00ea n\u00ea perwerdey\u00ee dayene yo.<\/p>\n<p>&nbsp;<\/p>\n<p>Seba melumat \u00fb muracat\u00ee: \u00a0\u00a0<a href=\"http:\/\/tyde.artuklu.edu.tr\">http:\/\/tyde.artuklu.edu.tr<\/a><\/p>\n<p><a href=\"http:\/\/www.kirdki.com\/wp-content\/uploads\/2014\/10\/KURS\u00ca-KURDK\u00ce-Y\u00ca-ARTUKLU1.jpg\"><img loading=\"lazy\" decoding=\"async\" class=\"aligncenter size-full wp-image-2267\" src=\"http:\/\/www.kirdki.com\/wp-content\/uploads\/2014\/10\/KURS\u00ca-KURDK\u00ce-Y\u00ca-ARTUKLU1.jpg\" alt=\"KURS\u00ca KURDK\u00ce Y\u00ca ARTUKLU1\" width=\"691\" height=\"444\" srcset=\"https:\/\/www.kirdki.com\/wp-content\/uploads\/2014\/10\/KURS\u00ca-KURDK\u00ce-Y\u00ca-ARTUKLU1.jpg 691w, https:\/\/www.kirdki.com\/wp-content\/uploads\/2014\/10\/KURS\u00ca-KURDK\u00ce-Y\u00ca-ARTUKLU1-300x192.jpg 300w\" sizes=\"auto, (max-width: 691px) 100vw, 691px\" \/><\/a><\/p>\n","protected":false},"excerpt":{"rendered":"<p>UN\u00ceVERS\u00ceTEYA ARTUKLUY\u00ce YA M\u00caRD\u00ceN\u00ce DE, BI PERWERDEY\u00ca D\u00dbR\u00ce KURS\u00ca KURDK\u00ce DEST P\u00caKEN\u00ca &nbsp; Un\u00eevers\u00eeteya Artukluy\u00ee ya M\u00eard\u00een\u00ee ke Tirk\u00eeya de be\u015fa tewr ver\u00ean y\u00ea kurdoloj\u00eey\u00ee akerda \u00fb bi serkewti\u015fan\u00ea xo y\u00ea ke \u00a0n\u00ea warey\u00ee de musnaya(mota), namey\u00ea xo ra dana qalkerdi\u015f, na rey z\u00ee bi kursan\u00ea xo y\u00ea ke het\u00ea Merkez\u00ea xo y\u00ea Perwerdey\u00ea D\u00fbr\u00ee &hellip;<\/p>\n","protected":false},"author":1,"featured_media":2268,"comment_status":"closed","ping_status":"open","sticky":false,"template":"","format":"standard","meta":{"footnotes":""},"categories":[56],"tags":[],"class_list":["post-2266","post","type-post","status-publish","format-standard","has-post-thumbnail","","category-ziwan-2"],"_links":{"self":[{"href":"https:\/\/www.kirdki.com\/index.php?rest_route=\/wp\/v2\/posts\/2266","targetHints":{"allow":["GET"]}}],"collection":[{"href":"https:\/\/www.kirdki.com\/index.php?rest_route=\/wp\/v2\/posts"}],"about":[{"href":"https:\/\/www.kirdki.com\/index.php?rest_route=\/wp\/v2\/types\/post"}],"author":[{"embeddable":true,"href":"https:\/\/www.kirdki.com\/index.php?rest_route=\/wp\/v2\/users\/1"}],"replies":[{"embeddable":true,"href":"https:\/\/www.kirdki.com\/index.php?rest_route=%2Fwp%2Fv2%2Fcomments&post=2266"}],"version-history":[{"count":4,"href":"https:\/\/www.kirdki.com\/index.php?rest_route=\/wp\/v2\/posts\/2266\/revisions"}],"predecessor-version":[{"id":2272,"href":"https:\/\/www.kirdki.com\/index.php?rest_route=\/wp\/v2\/posts\/2266\/revisions\/2272"}],"wp:featuredmedia":[{"embeddable":true,"href":"https:\/\/www.kirdki.com\/index.php?rest_route=\/wp\/v2\/media\/2268"}],"wp:attachment":[{"href":"https:\/\/www.kirdki.com\/index.php?rest_route=%2Fwp%2Fv2%2Fmedia&parent=2266"}],"wp:term":[{"taxonomy":"category","embeddable":true,"href":"https:\/\/www.kirdki.com\/index.php?rest_route=%2Fwp%2Fv2%2Fcategories&post=2266"},{"taxonomy":"post_tag","embeddable":true,"href":"https:\/\/www.kirdki.com\/index.php?rest_route=%2Fwp%2Fv2%2Ftags&post=2266"}],"curies":[{"name":"wp","href":"https:\/\/api.w.org\/{rel}","templated":true}]}}