{"id":2206,"date":"2014-08-20T10:45:40","date_gmt":"2014-08-20T07:45:40","guid":{"rendered":"http:\/\/www.kirdki.com\/?p=2206"},"modified":"2020-03-25T19:35:09","modified_gmt":"2020-03-25T16:35:09","slug":"di-wayifiqra","status":"publish","type":"post","link":"https:\/\/www.kirdki.com\/?p=2206","title":{"rendered":"DI WAY\u00ce(Fiqra)"},"content":{"rendered":"<p style=\"text-align: right;\">\u00a0Ar\u00eakerdox: \u00eesmet BOR<\/p>\n<p style=\"text-align: left;\">Dewan\u00ea Azi ra, Val\u00eeyerek ra d\u00ee way\u00ee ben\u00ea. A yew ra van\u00ea Walik, a b\u00eene ra van\u00ea Nesik.<\/p>\n<p style=\"text-align: left;\">Walik serey\u00ea her qal\u00ea xo de vana;<\/p>\n<p style=\"text-align: left;\">\u2013 Ya Reb\u00ee! Derheq\u00ea\u00a0 mi de \u00e7i hewlo ti ey biker\u00ee!<\/p>\n<p style=\"text-align: left;\">Roj\u00eak Walik ginena erd ro, dest\u00ea xo \u015fikinena.<\/p>\n<p style=\"text-align: left;\">Walik tim reyar\u00ea waya xo Nesik pawena la Nesik qet n\u00ea\u015fina qey Walik a.<\/p>\n<p style=\"text-align: left;\">Walik zaf qehr\u00eeyen a.<\/p>\n<p style=\"text-align: left;\">Roj\u00eak Walik, Nesik yew tez\u00eeye de vinena \u00fb bermena verarde \u015fina Nesike ra \u00fb vana;<\/p>\n<p style=\"text-align: left;\">\u2013Nesik, way\u00ea mi, to d\u00ee ez ginaya erd ro, dest\u00ea min z\u00ee \u015fik\u00eeya, to qet n\u00eava, ez \u015f\u00eeyer\u00ee waya xo pers biker\u00ee&#8230;<\/p>\n<p style=\"text-align: left;\">Nesik vana;<\/p>\n<p style=\"text-align: left;\">&#8211; Waye \u00e7i howce ez b\u00eeyer\u00ee qey to ya. To xo r\u00ea Reb\u00ee ra \u00e7i wa\u015fto, Reb\u00ee o dayo to. To tim n\u00eavana; ya Reb\u00ee derheq\u00ea mi de \u00e7i hewlo ti a biker\u00ee.<\/p>\n","protected":false},"excerpt":{"rendered":"<p>\u00a0Ar\u00eakerdox: \u00eesmet BOR Dewan\u00ea Azi ra, Val\u00eeyerek ra d\u00ee way\u00ee ben\u00ea. A yew ra van\u00ea Walik, a b\u00eene ra van\u00ea Nesik. Walik serey\u00ea her qal\u00ea xo de vana; \u2013 Ya Reb\u00ee! Derheq\u00ea\u00a0 mi de \u00e7i hewlo ti ey biker\u00ee! Roj\u00eak Walik ginena erd ro, dest\u00ea xo \u015fikinena. Walik tim reyar\u00ea waya xo Nesik pawena la &hellip;<\/p>\n","protected":false},"author":1,"featured_media":2207,"comment_status":"closed","ping_status":"open","sticky":false,"template":"","format":"standard","meta":{"footnotes":""},"categories":[52],"tags":[],"class_list":["post-2206","post","type-post","status-publish","format-standard","has-post-thumbnail","","category-kultur"],"_links":{"self":[{"href":"https:\/\/www.kirdki.com\/index.php?rest_route=\/wp\/v2\/posts\/2206","targetHints":{"allow":["GET"]}}],"collection":[{"href":"https:\/\/www.kirdki.com\/index.php?rest_route=\/wp\/v2\/posts"}],"about":[{"href":"https:\/\/www.kirdki.com\/index.php?rest_route=\/wp\/v2\/types\/post"}],"author":[{"embeddable":true,"href":"https:\/\/www.kirdki.com\/index.php?rest_route=\/wp\/v2\/users\/1"}],"replies":[{"embeddable":true,"href":"https:\/\/www.kirdki.com\/index.php?rest_route=%2Fwp%2Fv2%2Fcomments&post=2206"}],"version-history":[{"count":2,"href":"https:\/\/www.kirdki.com\/index.php?rest_route=\/wp\/v2\/posts\/2206\/revisions"}],"predecessor-version":[{"id":2209,"href":"https:\/\/www.kirdki.com\/index.php?rest_route=\/wp\/v2\/posts\/2206\/revisions\/2209"}],"wp:featuredmedia":[{"embeddable":true,"href":"https:\/\/www.kirdki.com\/index.php?rest_route=\/wp\/v2\/media\/2207"}],"wp:attachment":[{"href":"https:\/\/www.kirdki.com\/index.php?rest_route=%2Fwp%2Fv2%2Fmedia&parent=2206"}],"wp:term":[{"taxonomy":"category","embeddable":true,"href":"https:\/\/www.kirdki.com\/index.php?rest_route=%2Fwp%2Fv2%2Fcategories&post=2206"},{"taxonomy":"post_tag","embeddable":true,"href":"https:\/\/www.kirdki.com\/index.php?rest_route=%2Fwp%2Fv2%2Ftags&post=2206"}],"curies":[{"name":"wp","href":"https:\/\/api.w.org\/{rel}","templated":true}]}}