{"id":2136,"date":"2014-05-25T11:04:45","date_gmt":"2014-05-25T08:04:45","guid":{"rendered":"http:\/\/www.kirdki.com\/?p=2136"},"modified":"2020-03-25T19:35:10","modified_gmt":"2020-03-25T16:35:10","slug":"ewropa-de-kirki-ser-o-panel","status":"publish","type":"post","link":"https:\/\/www.kirdki.com\/?p=2136","title":{"rendered":"Ewropa de Kirdk\u00ee Ser o Panel"},"content":{"rendered":"<p style=\"color: #141823;\">Endaman\u00ee Gruba Vate ra Ihsan Espar \u00fb M.Sel\u00eem Uzun kirdk\u00ee (zazak\u00ee) ser o \u00fb derheq\u00ea xebatan\u00ea Gruba Vatey\u00ee ser o yew sohbet virazen\u00ee.<br \/>\nNo sohbet heme, roja yew\u015feme 25-05-2014 bi saeta Tirk\u00eeya 14:00 de \u00fb bi saeta Ewropa 13:00 de ZAZA FM de do b\u00eeyero ne\u015fir kerdi\u015f.<\/p>\n<p style=\"color: #141823;\">Semed\u00ea go\u015ftar\u00eekerdi\u015f\u00ea sem\u00eener\u00ee \u015fima e\u015fken\u00ee adresa\u00a0<a style=\"color: #3b5998;\" href=\"http:\/\/www.zazafm.com\/\" target=\"_blank\" rel=\"nofollow noopener noreferrer\">www.zazafm.com<\/a><\/p>\n<div>ziyaret biker\u00ee.<\/div>\n<p>&nbsp;<\/p>\n<div class=\"text_exposed_show\" style=\"color: #141823;\">\n<p>Destp\u00eakerdi\u015f: Roja Yew\u015feme 25-05-2014 bi seata Ewropa 13:00 &#8211; 16:00 bi seat\u00ea Tirkiye 14:00 -17:00<br \/>\nCa: Alvik Kitabxaney\u00ea Kurd\u00ee<br \/>\nAdres: Guvstavslundsv\u00e4gen 170\/Alvik<\/p>\n<\/div>\n","protected":false},"excerpt":{"rendered":"<p>Endaman\u00ee Gruba Vate ra Ihsan Espar \u00fb M.Sel\u00eem Uzun kirdk\u00ee (zazak\u00ee) ser o \u00fb derheq\u00ea xebatan\u00ea Gruba Vatey\u00ee ser o yew sohbet virazen\u00ee. No sohbet heme, roja yew\u015feme 25-05-2014 bi saeta Tirk\u00eeya 14:00 de \u00fb bi saeta Ewropa 13:00 de ZAZA FM de do b\u00eeyero ne\u015fir kerdi\u015f. Semed\u00ea go\u015ftar\u00eekerdi\u015f\u00ea sem\u00eener\u00ee \u015fima e\u015fken\u00ee adresa\u00a0www.zazafm.com ziyaret biker\u00ee. &hellip;<\/p>\n","protected":false},"author":1,"featured_media":2137,"comment_status":"closed","ping_status":"open","sticky":false,"template":"","format":"standard","meta":{"footnotes":""},"categories":[1,52],"tags":[],"class_list":["post-2136","post","type-post","status-publish","format-standard","has-post-thumbnail","","category-gen","category-kultur"],"_links":{"self":[{"href":"https:\/\/www.kirdki.com\/index.php?rest_route=\/wp\/v2\/posts\/2136","targetHints":{"allow":["GET"]}}],"collection":[{"href":"https:\/\/www.kirdki.com\/index.php?rest_route=\/wp\/v2\/posts"}],"about":[{"href":"https:\/\/www.kirdki.com\/index.php?rest_route=\/wp\/v2\/types\/post"}],"author":[{"embeddable":true,"href":"https:\/\/www.kirdki.com\/index.php?rest_route=\/wp\/v2\/users\/1"}],"replies":[{"embeddable":true,"href":"https:\/\/www.kirdki.com\/index.php?rest_route=%2Fwp%2Fv2%2Fcomments&post=2136"}],"version-history":[{"count":6,"href":"https:\/\/www.kirdki.com\/index.php?rest_route=\/wp\/v2\/posts\/2136\/revisions"}],"predecessor-version":[{"id":2969,"href":"https:\/\/www.kirdki.com\/index.php?rest_route=\/wp\/v2\/posts\/2136\/revisions\/2969"}],"wp:featuredmedia":[{"embeddable":true,"href":"https:\/\/www.kirdki.com\/index.php?rest_route=\/wp\/v2\/media\/2137"}],"wp:attachment":[{"href":"https:\/\/www.kirdki.com\/index.php?rest_route=%2Fwp%2Fv2%2Fmedia&parent=2136"}],"wp:term":[{"taxonomy":"category","embeddable":true,"href":"https:\/\/www.kirdki.com\/index.php?rest_route=%2Fwp%2Fv2%2Fcategories&post=2136"},{"taxonomy":"post_tag","embeddable":true,"href":"https:\/\/www.kirdki.com\/index.php?rest_route=%2Fwp%2Fv2%2Ftags&post=2136"}],"curies":[{"name":"wp","href":"https:\/\/api.w.org\/{rel}","templated":true}]}}