{"id":2119,"date":"2014-05-07T10:48:28","date_gmt":"2014-05-07T07:48:28","guid":{"rendered":"http:\/\/www.kirdki.com\/?p=2119"},"modified":"2020-03-25T19:35:11","modified_gmt":"2020-03-25T16:35:11","slug":"mardin-de-ziwane-dayike-de-xizmet","status":"publish","type":"post","link":"https:\/\/www.kirdki.com\/?p=2119","title":{"rendered":"Mard\u00een De Ziwan\u00ea Dayike De Xizmet"},"content":{"rendered":"<p>Mard\u00een de Merkez\u00ea Tab\u00eeb\u00eey\u00ea Keyeyan de n\u00eawe\u015f\u00ee seba xusus\u00eeyetan\u00ea we\u015f\u00eeye de bi ziwan\u00ea dayike agahdar ben\u00ee. Mesela seke \u015fima c\u00ear de v\u00eenen\u00ee derheq\u00ea \u015fit\u00ea dad\u00eeye de newe\u015f\u00ee\/dad\u00eey\u00ee\u00a0 bi ziwanan\u00ea xo y\u00ea dayike \u00eeqaz ben\u00ee. Semedo ke Mard\u00een de tirk, kurmanc, ereb \u00fb suryan\u00eey\u00ee est\u00ee agahdar\u00ee z\u00ee bi ziwanan\u00ea \u00eenan ameya nu\u015fti\u015f.<\/p>\n<p>Lewhaya balanti\u015f\u00ee d\u00easan\u00ea Merkez\u00ea Tab\u00eeb\u00eey\u00ea Keyeyan de dardekerde ya. Lewha de hem bi erebk\u00ee \u201cF\u00eel e\u015fhur el-senet el-ewwel\u00ee, hel\u00eeb-ul \u00fbmm feqet.\u201d, bi kurmanck\u00ee \u201cDi 6 meh\u00ean ewil de hew \u015f\u00eer\u00ea d\u00ea.\u201d, bi suryan\u00eek\u00ee \u201c\u015eito yerh\u00ea qed moyo lihud helbo d\u00eamo.\u201d \u00fb tirk\u00ee \u201c\u0130lk alt\u0131 ay sadece anne s\u00fct\u00fc.\u201d ameyo nu\u015fti\u015f.\u00a0 Reyna tab\u00eeb \u00fb hem\u015f\u00eerey\u00ea ke ziwanan\u00ea mintiqa zan\u00ee, n\u00eawe\u015fan\u00ea xo de bi ziwanan\u00ea \u00eenan qal ken\u00ee.<\/p>\n<p><a href=\"http:\/\/www.kirdki.com\/wp-content\/uploads\/2014\/05\/mardin\u015fit.jpg\"><img loading=\"lazy\" decoding=\"async\" class=\"aligncenter size-full wp-image-2120\" src=\"http:\/\/www.kirdki.com\/wp-content\/uploads\/2014\/05\/mardin\u015fit.jpg\" alt=\"mardin\u015fit\" width=\"738\" height=\"1217\" \/><\/a><\/p>\n<p>&nbsp;<\/p>\n<p style=\"text-align: right;\">Xebere: kirdki.com<\/p>\n","protected":false},"excerpt":{"rendered":"<p>Mard\u00een de Merkez\u00ea Tab\u00eeb\u00eey\u00ea Keyeyan de n\u00eawe\u015f\u00ee seba xusus\u00eeyetan\u00ea we\u015f\u00eeye de bi ziwan\u00ea dayike agahdar ben\u00ee. Mesela seke \u015fima c\u00ear de v\u00eenen\u00ee derheq\u00ea \u015fit\u00ea dad\u00eeye de newe\u015f\u00ee\/dad\u00eey\u00ee\u00a0 bi ziwanan\u00ea xo y\u00ea dayike \u00eeqaz ben\u00ee. Semedo ke Mard\u00een de tirk, kurmanc, ereb \u00fb suryan\u00eey\u00ee est\u00ee agahdar\u00ee z\u00ee bi ziwanan\u00ea \u00eenan ameya nu\u015fti\u015f. Lewhaya balanti\u015f\u00ee d\u00easan\u00ea Merkez\u00ea &hellip;<\/p>\n","protected":false},"author":1,"featured_media":2120,"comment_status":"closed","ping_status":"open","sticky":false,"template":"","format":"standard","meta":{"footnotes":""},"categories":[56],"tags":[],"class_list":["post-2119","post","type-post","status-publish","format-standard","has-post-thumbnail","","category-ziwan-2"],"_links":{"self":[{"href":"https:\/\/www.kirdki.com\/index.php?rest_route=\/wp\/v2\/posts\/2119","targetHints":{"allow":["GET"]}}],"collection":[{"href":"https:\/\/www.kirdki.com\/index.php?rest_route=\/wp\/v2\/posts"}],"about":[{"href":"https:\/\/www.kirdki.com\/index.php?rest_route=\/wp\/v2\/types\/post"}],"author":[{"embeddable":true,"href":"https:\/\/www.kirdki.com\/index.php?rest_route=\/wp\/v2\/users\/1"}],"replies":[{"embeddable":true,"href":"https:\/\/www.kirdki.com\/index.php?rest_route=%2Fwp%2Fv2%2Fcomments&post=2119"}],"version-history":[{"count":5,"href":"https:\/\/www.kirdki.com\/index.php?rest_route=\/wp\/v2\/posts\/2119\/revisions"}],"predecessor-version":[{"id":2125,"href":"https:\/\/www.kirdki.com\/index.php?rest_route=\/wp\/v2\/posts\/2119\/revisions\/2125"}],"wp:featuredmedia":[{"embeddable":true,"href":"https:\/\/www.kirdki.com\/index.php?rest_route=\/wp\/v2\/media\/2120"}],"wp:attachment":[{"href":"https:\/\/www.kirdki.com\/index.php?rest_route=%2Fwp%2Fv2%2Fmedia&parent=2119"}],"wp:term":[{"taxonomy":"category","embeddable":true,"href":"https:\/\/www.kirdki.com\/index.php?rest_route=%2Fwp%2Fv2%2Fcategories&post=2119"},{"taxonomy":"post_tag","embeddable":true,"href":"https:\/\/www.kirdki.com\/index.php?rest_route=%2Fwp%2Fv2%2Ftags&post=2119"}],"curies":[{"name":"wp","href":"https:\/\/api.w.org\/{rel}","templated":true}]}}