{"id":2097,"date":"2014-04-17T11:43:36","date_gmt":"2014-04-17T08:43:36","guid":{"rendered":"http:\/\/www.kirdki.com\/?p=2097"},"modified":"2020-03-25T19:35:12","modified_gmt":"2020-03-25T16:35:12","slug":"rojnameye-zazaki-gruba-xebate-ya-vateyi-ziyaret-kerd","status":"publish","type":"post","link":"https:\/\/www.kirdki.com\/?p=2097","title":{"rendered":"Rojnamey\u00ea Zazak\u00ee, Gr\u00fbba Xebate ya Vatey\u00ee Z\u00eeyaret Kerd"},"content":{"rendered":"<p>Gr\u00fbba Xebate ya Vatey\u00ee ke 18 serr a kirdk\u00ee ser a xebat kena emser komb\u00eeyay\u00ee\u015f\u00ea xo ha \u00c7ewl\u00eeg de virazena \u00fb standarb\u00eeyay\u00ee\u015f\u00ea kirdk\u00ee ser o xeyl\u00eak hizmet\u00ea gr\u00fbbe est \u00ea. Kirdk\u00eeya nu\u015ftek\u00ee de nika eser\u00ea ke h\u00ea ma dest de, ma e\u015fken\u00ee vaj\u00ee ke se ra \u015fe\u015ft\u00ee \u00fb hewtay\u00ee ked\u00ea na gr\u00fbbe yo.<\/p>\n<p>Rojnamey\u00ea Zazak\u00ee z\u00ee rojnamey\u00eako saf\u00ee bi kirdk\u00ee yo \u00fb a\u015fme de rey\u00eak \u00c7ewl\u00eeg de vej\u00eeyeno. Kes\u00ea ke no rojname vej\u00ean\u00ee Gr\u00fbba Xebate ya Vatey\u00ee Germaw de z\u00eeyaret kerd.<\/p>\n<p>No z\u00eeyaret de ewil\u00ee endam\u00ea gr\u00fbbe xo day\u00ee \u015finasnay\u00ee\u015f \u00fb endaman\u00ea gr\u00fbbe ra M. Malm\u00eesanij\u00ee bi kilm\u00ee gr\u00fbbe da \u015finasnay\u00ee\u015f. Dima ek\u00eeb\u00ea Rojnamey\u00ea Zazak\u00ee xo da \u015finasnay\u00ee\u015f. Bad\u00ea c\u00fb Gr\u00fbba Xebate ya Vatey\u00ee ra Munzur \u00c7em\u00ee sey yew panel\u00eak komb\u00eeyay\u00ee\u015f \u00eedare kerd \u00fb wina va: Ma Rojnamey\u00ea Zazak\u00ee p\u00eeroz ken\u00ee. No gureyo ke \u015fima ken\u00ee zaf erjaye yo. Xebat\u00ea ma bineyna akadem\u00eek a \u00fb beno ke her kird eleqa n\u00eamojno xebat\u00ea ma label\u00ea sey Rojnamey\u00ea Zazak\u00ee rojnamey\u00ee, ziwan\u00ea ma h\u00eena erzen\u00ee rojev\u00ea \u015far\u00ee ma. Ma semed\u00ea na xebate \u015fima p\u00eeroz ken\u00ee \u00fb dewam\u00ea ci z\u00ee pawen\u00ee. Dima ek\u00eeb\u00ea Rojnamey\u00ea Zazak\u00ee ra Xalxizir, derheq\u00ea fikr\u00ea rojnamey\u00ee sen\u00ee vej\u00eeya, \u00e7i pirsgirek\u00ee est \u00ea \u00fb ek\u00eebe sen\u00ee n\u00eeya p\u00eara ra behs kerd \u00fb wina dewam kerd: &#8211; Ez xebat\u00ea Vatey\u00ee ra xeberdari b\u00ee \u00fb ez kewta m\u00eeyan\u00ea xebat\u00ee \u00fb mi d\u00ee ke Vate ra\u015fta z\u00ee in guri z\u00fbna. Ek\u00eeb\u00ea Rojnamey\u00ea Zazak\u00ee ra N\u00eehad \u00c7ir z\u00ee va ke: Ez 1997 ra nat Vate ra xeberdar a \u00fb tim teq\u00eeb kena. Mi gore, sen\u00ee ke tirk\u00ee de Turk D\u00eel Q\u00fbr\u00fbm\u00fb est a kirdk\u00ee de z\u00ee Gr\u00fbba Xebate ya Vatey\u00ee est a. Ez \u015fima hemin r\u00ea zaf zaf spas kena. <a href=\"http:\/\/www.kirdki.com\/wp-content\/uploads\/2014\/04\/rojnamevate2.jpg\"><img loading=\"lazy\" decoding=\"async\" class=\"aligncenter size-full wp-image-2099\" alt=\"rojnamevate2\" src=\"http:\/\/www.kirdki.com\/wp-content\/uploads\/2014\/04\/rojnamevate2.jpg\" width=\"499\" height=\"281\" srcset=\"https:\/\/www.kirdki.com\/wp-content\/uploads\/2014\/04\/rojnamevate2.jpg 499w, https:\/\/www.kirdki.com\/wp-content\/uploads\/2014\/04\/rojnamevate2-300x168.jpg 300w\" sizes=\"auto, (max-width: 499px) 100vw, 499px\" \/><\/a> Bad\u00ea \u00eekraman\u00ea Vatey\u00ee ya ek\u00eeb\u00ea \u00a0Rojnamey\u00ea Zazak\u00ee kitab\u00ea kirdk\u00ee ke nu\u015ftox\u00ea Vatey\u00ee newe vet\u00ea day\u00ea \u00eemzakerdi\u015f.<\/p>\n<p>No komb\u00eeyay\u00ee\u015f\u00ea Gr\u00fbba Xebate ya Vatey\u00ee de \u00e7ewl\u00eegijan ra Nured\u00een Celal\u00ee, Sey\u00eedxan Kurij \u00fb Doxan Karas\u00fb est b\u00ee \u00fb way\u00eer\u00ea keyey\u00ee heseb\u00eey\u00ean\u00ee, o rid ra zaf eleqe mot\u00ee ek\u00eeb\u00ea Rojnamey\u00ea Zazak\u00ee.<\/p>\n","protected":false},"excerpt":{"rendered":"<p>Gr\u00fbba Xebate ya Vatey\u00ee ke 18 serr a kirdk\u00ee ser a xebat kena emser komb\u00eeyay\u00ee\u015f\u00ea xo ha \u00c7ewl\u00eeg de virazena \u00fb standarb\u00eeyay\u00ee\u015f\u00ea kirdk\u00ee ser o xeyl\u00eak hizmet\u00ea gr\u00fbbe est \u00ea. Kirdk\u00eeya nu\u015ftek\u00ee de nika eser\u00ea ke h\u00ea ma dest de, ma e\u015fken\u00ee vaj\u00ee ke se ra \u015fe\u015ft\u00ee \u00fb hewtay\u00ee ked\u00ea na gr\u00fbbe yo. Rojnamey\u00ea Zazak\u00ee &hellip;<\/p>\n","protected":false},"author":1,"featured_media":2098,"comment_status":"closed","ping_status":"open","sticky":false,"template":"","format":"standard","meta":{"footnotes":""},"categories":[52],"tags":[],"class_list":["post-2097","post","type-post","status-publish","format-standard","has-post-thumbnail","","category-kultur"],"_links":{"self":[{"href":"https:\/\/www.kirdki.com\/index.php?rest_route=\/wp\/v2\/posts\/2097","targetHints":{"allow":["GET"]}}],"collection":[{"href":"https:\/\/www.kirdki.com\/index.php?rest_route=\/wp\/v2\/posts"}],"about":[{"href":"https:\/\/www.kirdki.com\/index.php?rest_route=\/wp\/v2\/types\/post"}],"author":[{"embeddable":true,"href":"https:\/\/www.kirdki.com\/index.php?rest_route=\/wp\/v2\/users\/1"}],"replies":[{"embeddable":true,"href":"https:\/\/www.kirdki.com\/index.php?rest_route=%2Fwp%2Fv2%2Fcomments&post=2097"}],"version-history":[{"count":5,"href":"https:\/\/www.kirdki.com\/index.php?rest_route=\/wp\/v2\/posts\/2097\/revisions"}],"predecessor-version":[{"id":2105,"href":"https:\/\/www.kirdki.com\/index.php?rest_route=\/wp\/v2\/posts\/2097\/revisions\/2105"}],"wp:featuredmedia":[{"embeddable":true,"href":"https:\/\/www.kirdki.com\/index.php?rest_route=\/wp\/v2\/media\/2098"}],"wp:attachment":[{"href":"https:\/\/www.kirdki.com\/index.php?rest_route=%2Fwp%2Fv2%2Fmedia&parent=2097"}],"wp:term":[{"taxonomy":"category","embeddable":true,"href":"https:\/\/www.kirdki.com\/index.php?rest_route=%2Fwp%2Fv2%2Fcategories&post=2097"},{"taxonomy":"post_tag","embeddable":true,"href":"https:\/\/www.kirdki.com\/index.php?rest_route=%2Fwp%2Fv2%2Ftags&post=2097"}],"curies":[{"name":"wp","href":"https:\/\/api.w.org\/{rel}","templated":true}]}}