{"id":1963,"date":"2013-11-11T23:46:56","date_gmt":"2013-11-11T21:46:56","guid":{"rendered":"http:\/\/www.kirdki.com\/?p=1963"},"modified":"2020-03-25T19:35:16","modified_gmt":"2020-03-25T16:35:16","slug":"hikaye-u-kirdki","status":"publish","type":"post","link":"https:\/\/www.kirdki.com\/?p=1963","title":{"rendered":"H\u00eekaye \u00fb Kirdk\u00ee"},"content":{"rendered":"<p align=\"right\"><b><br \/>\nN.CELAL\u00ce<\/b><\/p>\n<p>H\u00eekayey\u00ee yan z\u00ee meseley\u00ee ma de zaf me\u015fhur \u00ee. Hem z\u00ee h\u00eekay\u00ea \u00fb meseley\u00ea ma zaf \u00ee. Keso ke b\u00eah\u00eekaye \u00fb meselan p\u00eel n\u00eab\u00eeyo, m\u00eeyan\u00ea ma kirdan de \u00e7in o. Xeyal \u00fb v\u00eer\u00ee ma bih\u00eekaye \u00fb meselan dekerdeyo. Kirdo\/a ke qelema ey\/a hol a semed\u00ea nu\u015fti\u015f\u00ea h\u00eekayeyan gelek wahar\u00ee \u00eemkan o. Ma no \u00eemkan\u00ee warey\u00ea kirdk\u00ee ya nu\u015ftek\u00ee de v\u00eenen\u00ee. Kitab\u00ee edeb\u00ee y\u00ea ma kirdan zaf\u00ea yin h\u00eekaye y\u00ea.<\/p>\n<p>Nu\u015ftox, rojnameger \u00fb xebatkar\u00ea ziwan\u00ea kurd\u00ee\/kirdk\u00ee Sey\u00eedxan Kurij deman\u00ea pey\u00eenan de yew bereket kewto qelema ey.<b> <\/b>Ez vana qey zerr\u00ea yew serre de h\u00eer\u00ea ra z\u00eader kitab\u00ee we\u015fanay\u00ea. \u00cenan ra di kitab\u00ee tel\u00eef, yew z\u00ee a\u00e7arnay\u00ee\u015f\u00ee bi. Helbet ma, Sey\u00eedxan Kurij\u00ee ma rewna \u015finasnen\u00ee. O sey endam\u00ea Gruba Xebate ya Vatey\u00ee n\u00eazd\u00eey\u00ea v\u00eest serran a kirdk\u00ee r\u00ea xebat keno. Heto b\u00een ra na xebata xo ya grub\u00ee warey\u00ea rojnameger\u00eeye de tetb\u00eeq keno. Her ware ser o nu\u015fteyan nuseno.<\/p>\n<p>Kes\u00ea ke alaqadar\u00ea kirdk\u00ee y\u00ea, nu\u015fteyan\u00ea Sey\u00eedxan Kurij\u00ee kovara Vate \u00fb Peyama Azad\u00ee, Newepel \u00fb \u015eew\u00e7ila ra \u015finasnen\u00ee. Seyitxan s\u00eeyaset ra bigir heta tar\u00eexo fekk\u00ee tewir tewir nu\u015ftey\u00ee nu\u015ft\u00ee. Kitabo peyin y\u00ea\u00a0Sey\u00eedxan Kurij\u00ee y\u00ea h\u00eekayeyan o. Ma h\u00eekayeyan\u00ea ey Vate \u00fb \u015eew\u00e7ila ra nas ken\u00ee. Kitab de hikayey\u00ea xo y\u00ea v\u00ear\u00een \u00fb \u00ea ke n\u00eawe\u015fan\u00eeyay\u00ea ar\u00eaday\u00ee. Semedo ke wendox\u00ea kirdk\u00ee het\u00ea ey \u00ea edeb\u00ee biv\u00een\u00ee na xebate cay\u00ea xo de ya. Helbet We\u015fanxaney\u00ea Ro\u015fna z\u00ee xebata erjaye kerda.<\/p>\n<p>K\u00eetab\u00ea Seyitxan Kurij\u00ee de he\u015ft h\u00eekayey\u00ee est\u00ee. Namey\u00ea \u00eenan &#8220;Veyv\u00ea \u00c7em\u00ee Murad\u00ee&#8221;, Astar\u00ea War\u00ea Ma&#8221;, &#8220;Ag\u00earay\u00ee\u015f&#8221;, &#8220;Trajed\u00eeya Zebe\u015fan&#8221;, &#8220;Hor\u00eeyes&#8221;, &#8220;\u015eit\u00ee Kilkor\u00ee&#8221;, &#8220;Grev&#8221; \u00fb &#8220;Derd\u00ea Kezebe&#8221; y\u00ee. Mewz\u00fby\u00ea h\u00eekayeyan zaf\u00ee c\u00fby\u00ea dewe ser \u00ee. Mekan\u00ea mewz\u00fbyan\u00ea h\u00eekeyeyan zaf\u00ee dew \u00ee, \u00c7ewl\u00eeg \u00fb Xarp\u00eat \u00ea. Qehreman\u00ea hikayeyan z\u00ee\u00a0 dewij \u00ee. Hikayeyan ra yeno famkerdi\u015f ke mewz\u00fby\u00ea hikayeyan &#8220;ra\u015ftiq\u00een&#8221; \u00ea. Beno ke nu\u015ftox\u00ee, n\u00ea hed\u00eesey\u00ea ra\u015ftiq\u00een\u00ee bi uslub\u00ea xo y\u00ea zeng\u00een reyna nu\u015ft\u00ee. Hikayeyan de teyna cuy\u00ea dewe \u00e7\u00een a. Heyato modern ra z\u00ee mewz\u00fby\u00ee est\u00ee. Mavaj\u00ee, &#8220;Grev&#8221; ke namey\u00ea xo dayo k\u00eetab\u00ee, wendekar \u00fb dewij\u00ee ke hamnanan ocax\u00ea kerp\u00ee\u00e7i de xebit\u00eeyen\u00ea, semed\u00ea \u015fertan\u00ea xebat \u00fb heq\u00ea xebat\u00ee mucadeley\u00ea \u00eenan kerda mewz\u00fby\u00ea h\u00eekayey\u00ee.<\/p>\n<p>K\u00eetab\u00ea Seyitxan Kurij\u00ee ra yeno famkerdi\u015f\u00ee ke kirdk\u00ee de semed\u00ea hikayenu\u015fti\u015f \u00eemkano p\u00eel esto \u00fb nu\u015ftox z\u00ee no \u00eemkan ra zaf hol \u00eest\u00eefade kerdo. Uslub\u00ea hikayeyan\u00ea klasik\u00ee mewz\u00fbyan\u00ea rojan\u00ee de rind \u015fuxulno \u00fb c\u00fby\u00ea ewroy\u00een de kab\u00eel\u00eeyet\u00ea kirdk\u00ee n\u00ee\u015fan daya. N\u00ea ra ma \u015fiken\u00ea vaj\u00ee ke Seyitxan Kurij\u00ee semed\u00ea h\u00eekayenu\u015ftoxan ray\u00eer bineyna kerdo hera \u00fb num\u00fbneya erjaya mota.<\/p>\n<p><a href=\"http:\/\/www.kirdki.com\/wp-content\/uploads\/2013\/11\/grev.jpg\"><img loading=\"lazy\" decoding=\"async\" class=\"aligncenter size-full wp-image-1964\" alt=\"grev\" src=\"http:\/\/www.kirdki.com\/wp-content\/uploads\/2013\/11\/grev.jpg\" width=\"420\" height=\"437\" srcset=\"https:\/\/www.kirdki.com\/wp-content\/uploads\/2013\/11\/grev.jpg 420w, https:\/\/www.kirdki.com\/wp-content\/uploads\/2013\/11\/grev-288x300.jpg 288w\" sizes=\"auto, (max-width: 420px) 100vw, 420px\" \/><\/a><\/p>\n","protected":false},"excerpt":{"rendered":"<p>N.CELAL\u00ce H\u00eekayey\u00ee yan z\u00ee meseley\u00ee ma de zaf me\u015fhur \u00ee. Hem z\u00ee h\u00eekay\u00ea \u00fb meseley\u00ea ma zaf \u00ee. Keso ke b\u00eah\u00eekaye \u00fb meselan p\u00eel n\u00eab\u00eeyo, m\u00eeyan\u00ea ma kirdan de \u00e7in o. Xeyal \u00fb v\u00eer\u00ee ma bih\u00eekaye \u00fb meselan dekerdeyo. Kirdo\/a ke qelema ey\/a hol a semed\u00ea nu\u015fti\u015f\u00ea h\u00eekayeyan gelek wahar\u00ee \u00eemkan o. Ma no \u00eemkan\u00ee &hellip;<\/p>\n","protected":false},"author":13,"featured_media":1964,"comment_status":"closed","ping_status":"open","sticky":false,"template":"","format":"standard","meta":{"footnotes":""},"categories":[46,52],"tags":[],"class_list":["post-1963","post","type-post","status-publish","format-standard","has-post-thumbnail","","category-keyepel","category-kultur"],"_links":{"self":[{"href":"https:\/\/www.kirdki.com\/index.php?rest_route=\/wp\/v2\/posts\/1963","targetHints":{"allow":["GET"]}}],"collection":[{"href":"https:\/\/www.kirdki.com\/index.php?rest_route=\/wp\/v2\/posts"}],"about":[{"href":"https:\/\/www.kirdki.com\/index.php?rest_route=\/wp\/v2\/types\/post"}],"author":[{"embeddable":true,"href":"https:\/\/www.kirdki.com\/index.php?rest_route=\/wp\/v2\/users\/13"}],"replies":[{"embeddable":true,"href":"https:\/\/www.kirdki.com\/index.php?rest_route=%2Fwp%2Fv2%2Fcomments&post=1963"}],"version-history":[{"count":7,"href":"https:\/\/www.kirdki.com\/index.php?rest_route=\/wp\/v2\/posts\/1963\/revisions"}],"predecessor-version":[{"id":1971,"href":"https:\/\/www.kirdki.com\/index.php?rest_route=\/wp\/v2\/posts\/1963\/revisions\/1971"}],"wp:featuredmedia":[{"embeddable":true,"href":"https:\/\/www.kirdki.com\/index.php?rest_route=\/wp\/v2\/media\/1964"}],"wp:attachment":[{"href":"https:\/\/www.kirdki.com\/index.php?rest_route=%2Fwp%2Fv2%2Fmedia&parent=1963"}],"wp:term":[{"taxonomy":"category","embeddable":true,"href":"https:\/\/www.kirdki.com\/index.php?rest_route=%2Fwp%2Fv2%2Fcategories&post=1963"},{"taxonomy":"post_tag","embeddable":true,"href":"https:\/\/www.kirdki.com\/index.php?rest_route=%2Fwp%2Fv2%2Ftags&post=1963"}],"curies":[{"name":"wp","href":"https:\/\/api.w.org\/{rel}","templated":true}]}}