{"id":1584,"date":"2013-07-18T12:07:13","date_gmt":"2013-07-18T09:07:13","guid":{"rendered":"http:\/\/www.kirdki.com\/?p=1584"},"modified":"2020-03-25T19:35:23","modified_gmt":"2020-03-25T16:35:23","slug":"1584","status":"publish","type":"post","link":"https:\/\/www.kirdki.com\/?p=1584","title":{"rendered":"M\u00eeka\u00eel Aslan Ra Kitabo Kirdk\u00ee"},"content":{"rendered":"<p align=\"center\"><a href=\"http:\/\/www.kirdki.com\/wp-content\/uploads\/2013\/07\/hayig1.jpg\"><img loading=\"lazy\" decoding=\"async\" class=\"aligncenter size-full wp-image-1585\" alt=\"hayig1\" src=\"http:\/\/www.kirdki.com\/wp-content\/uploads\/2013\/07\/hayig1.jpg\" width=\"495\" height=\"738\" srcset=\"https:\/\/www.kirdki.com\/wp-content\/uploads\/2013\/07\/hayig1.jpg 495w, https:\/\/www.kirdki.com\/wp-content\/uploads\/2013\/07\/hayig1-201x300.jpg 201w\" sizes=\"auto, (max-width: 495px) 100vw, 495px\" \/><\/a><\/p>\n<p align=\"center\"><b>HAYIG<\/b><\/p>\n<p align=\"center\">Mikail Aslan<\/p>\n<p align=\"center\"><b>We\u015fan\u00ea Fam\u00ee<\/b><\/p>\n<p align=\"center\">2013 \u00cestanbul, 88 rp.<\/p>\n<p>&nbsp;<\/p>\n<p>Mikail Aslan bi namey\u00ea \u201cHAYIG\u201d yew kitabo kirdk\u00ee nu\u015ft. Mikail ver\u00ea c\u00fb no kitab\u00ea xo tirk\u00ee-kirdk\u00ee nu\u015ft bi. Na rey saf\u00ee Kirdk\u00ee ne\u015fr kerd. Kitab, bi qesav\u00ear\u00eey\u00ea Kamer S\u00f6ylemez\u00ee, \u00a0we\u015fanxaney\u00ea Fam\u00ee ra veciya. Hayig, 88 r\u00eepel\u00ee ra yeno p\u00ea. Tede bi namey\u00ea <i>Hayig, Hayig \u00fb Zanox, Hadar, Hayig Sono \u00c7ime, Reqayis\u00ea Hewru Bihesne, Sayir, P\u00eataga Kore, \u00c7e\u015fm-\u00ee Dil, Deryay\u00ea Bext\u00eeyar\u00eeye, Di \u00c7em\u00ee, Kutik \u00fb N\u00eezam, Honik \u00fb Zarance, Perr\u00ea Sar\u00ee, Sirr Zirr, Tencik bi \u00c7em\u00e7ik\u00ee ra, C\u00eegera Maye, D\u00eena Gewre, Hewes\u00ea Doman\u00ee <\/i>meseley\u00ee est\u00ea . Kitab de h\u00eer\u00ea heb\u00ee karakter\u00ee est\u00ea. N\u00eenan ra yew Hayig yew Zanox yew z\u00ee Hadar (Haydar) o. \u00a0Hayig manaya xo hayib\u00eeyayi\u015f, ferqkerdi\u015f \u00fb famkerdi\u015f ra yeno. Rengo zerd Hayig o, a\u00eed\u00ea dinyaya madd\u00ee yo. Rengo s\u00fbr Zanox o, r\u00fbh yan z\u00ee h\u00ee\u015f\u00ea merdim\u00ee tems\u00eel keno. Kewe z\u00ee Haydar o, merdim\u00ee hifz ken \u00fb paweno.\u00a0 Mikail, no kitab\u00ea xo de h\u00eena zaf kultur\u00ea Ders\u00eem\u00ee yo fekk\u00ee ar\u00eadayo.<\/p>\n<p>Qesav\u00ear\u00ee ra, <i>\u201cNo kitav \u00e7\u00eeyode b\u00een k\u00ee onca ma r\u00ea keno eskera, ano ver\u00ea \u00e7iman : Waxt \u00fb serr\u00ee mordem\u00ee kamil n\u00eaken\u00ea. Eke hen b\u00eeyen\u00ea , Pasay\u00ee wusar \u00ee\u015ftane D\u00eena n\u00eaden\u00ea \u00fb pay\u00eez peyser n\u00eawasten\u00ea. Zaranca ke cisn\u00ea xo r\u00ea b\u00eeye felek \u00fb kutiko ke risk\u00ea cisn\u00ea xo seweta way\u00eer\u00ea xo sevekna, peyn\u00eeye de alange de mend\u00ee. Y\u00ea zarance perr\u00ea xo \u015f\u00eekay\u00ee, y\u00ea kutik k\u00ee kuzay\u00ees\u00ea xo caye de gulbang n\u00eada. \u00c7ekuy\u00ea Mikail\u00ee ra\u015ft\u00eeya ma wa xiravin \u00fb dezine an\u00ea ra ma v\u00eer\u00ee. Onca k\u00ee waxto ke mordem no kitav waneno, \u00e7ekuy\u00ea xo ben\u00ea rama esq\u00ee voren\u00ea \u00e7iman\u00ea mordem\u00ee ro. Germ \u00fb nerm.\u201d<\/i><\/p>\n<p>&nbsp;<\/p>\n<p>&nbsp;<\/p>\n","protected":false},"excerpt":{"rendered":"<p>HAYIG Mikail Aslan We\u015fan\u00ea Fam\u00ee 2013 \u00cestanbul, 88 rp. &nbsp; Mikail Aslan bi namey\u00ea \u201cHAYIG\u201d yew kitabo kirdk\u00ee nu\u015ft. Mikail ver\u00ea c\u00fb no kitab\u00ea xo tirk\u00ee-kirdk\u00ee nu\u015ft bi. Na rey saf\u00ee Kirdk\u00ee ne\u015fr kerd. Kitab, bi qesav\u00ear\u00eey\u00ea Kamer S\u00f6ylemez\u00ee, \u00a0we\u015fanxaney\u00ea Fam\u00ee ra veciya. Hayig, 88 r\u00eepel\u00ee ra yeno p\u00ea. Tede bi namey\u00ea Hayig, Hayig \u00fb &hellip;<\/p>\n","protected":false},"author":1,"featured_media":1585,"comment_status":"closed","ping_status":"open","sticky":false,"template":"","format":"standard","meta":{"footnotes":""},"categories":[52],"tags":[],"class_list":["post-1584","post","type-post","status-publish","format-standard","has-post-thumbnail","","category-kultur"],"_links":{"self":[{"href":"https:\/\/www.kirdki.com\/index.php?rest_route=\/wp\/v2\/posts\/1584","targetHints":{"allow":["GET"]}}],"collection":[{"href":"https:\/\/www.kirdki.com\/index.php?rest_route=\/wp\/v2\/posts"}],"about":[{"href":"https:\/\/www.kirdki.com\/index.php?rest_route=\/wp\/v2\/types\/post"}],"author":[{"embeddable":true,"href":"https:\/\/www.kirdki.com\/index.php?rest_route=\/wp\/v2\/users\/1"}],"replies":[{"embeddable":true,"href":"https:\/\/www.kirdki.com\/index.php?rest_route=%2Fwp%2Fv2%2Fcomments&post=1584"}],"version-history":[{"count":13,"href":"https:\/\/www.kirdki.com\/index.php?rest_route=\/wp\/v2\/posts\/1584\/revisions"}],"predecessor-version":[{"id":1626,"href":"https:\/\/www.kirdki.com\/index.php?rest_route=\/wp\/v2\/posts\/1584\/revisions\/1626"}],"wp:featuredmedia":[{"embeddable":true,"href":"https:\/\/www.kirdki.com\/index.php?rest_route=\/wp\/v2\/media\/1585"}],"wp:attachment":[{"href":"https:\/\/www.kirdki.com\/index.php?rest_route=%2Fwp%2Fv2%2Fmedia&parent=1584"}],"wp:term":[{"taxonomy":"category","embeddable":true,"href":"https:\/\/www.kirdki.com\/index.php?rest_route=%2Fwp%2Fv2%2Fcategories&post=1584"},{"taxonomy":"post_tag","embeddable":true,"href":"https:\/\/www.kirdki.com\/index.php?rest_route=%2Fwp%2Fv2%2Ftags&post=1584"}],"curies":[{"name":"wp","href":"https:\/\/api.w.org\/{rel}","templated":true}]}}