{"id":1576,"date":"2013-07-15T16:18:24","date_gmt":"2013-07-15T13:18:24","guid":{"rendered":"http:\/\/www.kirdki.com\/?p=1576"},"modified":"2020-03-25T19:35:23","modified_gmt":"2020-03-25T16:35:23","slug":"seyidxan-kurij","status":"publish","type":"post","link":"https:\/\/www.kirdki.com\/?p=1576","title":{"rendered":"Sey\u00eedxan Kurij"},"content":{"rendered":"<p style=\"text-align: center;\"><a href=\"http:\/\/www.kirdki.com\/wp-content\/uploads\/2013\/07\/s.kurij_1.jpg\"><img loading=\"lazy\" decoding=\"async\" class=\"size-full wp-image-1473 alignnone\" alt=\"s.kurij\" src=\"http:\/\/www.kirdki.com\/wp-content\/uploads\/2013\/07\/s.kurij_1.jpg\" width=\"470\" height=\"496\" srcset=\"https:\/\/www.kirdki.com\/wp-content\/uploads\/2013\/07\/s.kurij_1.jpg 470w, https:\/\/www.kirdki.com\/wp-content\/uploads\/2013\/07\/s.kurij_1-284x300.jpg 284w\" sizes=\"auto, (max-width: 470px) 100vw, 470px\" \/><\/a><\/p>\n<p style=\"text-align: center;\"><strong>SEY\u00ceDXAN KUR\u0130J<\/strong><\/p>\n<p>&nbsp;<\/p>\n<p>Sey\u00eedxan Kurij serr\u00ea 1960 de dew\u00ea \u00c7ewl\u00eeg\u00ee Kur de ameyo dinya. Gorey\u00ee vatey\u00ee dad\u00eey\u00ee ey, o yan a\u015fm\u00ea \u00ealule de yan z\u00ee a\u015fm\u00ea \u00e7ir\u00ee de ameyo dinya. Kur, yew dew\u00ea ko ya, ha bin\u00ee yew koy\u00ea de ya.<\/p>\n<p>Sey\u00eedxan\u00ee mektebo ver\u00ean Kur de wend. 1950 ra pey mekteb amebi dew\u00ea Kur. Ey mekteb\u00ee m\u00eeyanin (Ortaokul) \u00fb Lise z\u00ee Xarp\u00eat de wend\u00ee. Beyntar\u00ea serran\u00ee 1980 \u00fb 1984 de ey Bursa de Fakult\u00ea mak\u00eena de muhend\u00ees\u00ea wend.<\/p>\n<p>Sey\u00eedxan yew serr Amed-\u00c7enku\u015f de Baraj\u00ee Karakaya de sey muhend\u00ees\u00ee makina xebit\u00eeya. O cuwa pey \u015fi Almanya. Ey Almanya de 1992 de muhend\u00ees\u00ea mak\u00eena be\u015f\u00ee \u00eemalat sey muhend\u00eeso berz qedna..<\/p>\n<p>Sey\u00eedxan serr\u00ea 1991 ra nat Almanya de almanki \u00fb kurd\u00ee (kurmanc\u00ee \u00fb kirdk\u00ee) bernameyan\u00ea radyo virazeno. Pa bernameyan\u00ea radyo ya ey dest bi nusti\u015f\u00ee z\u00ee kerd. Heta nika yi folklor\u00ea kirdk\u00ee ra sanik\u00ee, meseley\u00ee, fiqrey\u00ee, fabl\u00ee, vatey\u00ea v\u00ear\u00eenan ar\u00eakerd\u00ee. Ey nu\u015ftey\u00ee Peter Lerq \u00fb Ahmet Say\u00ee taday\u00ee kirdk\u00ee.<\/p>\n<p>Sey\u00eedxan Kurij, bi tirk\u00ee almank\u00ee \u00fb kurd\u00ee (kurmanck\u00ee \u00fb kirdk\u00ee) roportajan virazeno \u00fb maqaleyan z\u00ee nuseno. Nu\u015ft\u00ea Sey\u00eedxan Kurij\u00ee rojnameyan\u00ea Azad\u00ee, Deng\u00ea Azad\u00ee, Ronah\u00ee, H\u00eav\u00ee, J\u00eeyana N\u00fb, Roja Teze, Roj, Welat, \u00d6zg\u00fcr G\u00fcndem \u00fb kovaran\u00ean Armanc, \u00c7ira, N\u00fbdem, Medya G\u00fcne\u015f\u00ee, B\u00eer, Vate \u00fb xel\u00eeyek malp\u00earan\u00ee \u00centernet de v\u00eac\u00eeyay\u00ee. O n\u00eazd\u00ee di ser\u00ee rojnamey\u00ee \u201dPeyma Kurd\u201d de endam\u00ee redeaks\u00eeyon \u00fb mesul\u00ee be\u015f\u00ee kirkd\u00ee bi. Peyama Kurd rojnameyke heftey\u00ee bi \u00fb bi kurmanc\u00ee, soran\u00ee u kirdk\u00ee\u00a0 Almanya de \u00e7apb\u00een\u00ee.<\/p>\n<p>Sey\u00eedxan bi taybet\u00ee serewedarti\u015f\u00ee 1925 ( Serewedarti\u015f\u00ee \u015eeyh Se\u00eed) \u00fb Yad\u00een Mehm\u00fbd Ebas (Yado) ser xebat kerd a. Ey no derheq de zaf roportaj vira\u015ft\u00ee \u00fb xebat\u00ea cig\u00earayi\u015f kerda.<\/p>\n<p>Sey\u00eedxan Kurij serr\u00ea 1997 ra nat pa 15-20 ambazan a bi kirdk\u00ee kovara kultur\u00ee Vate z\u00ee vecen\u00ee.<\/p>\n<p>Wi zewic\u00eeyaye yo \u00fb yew k\u00eana \u00fb yew laj\u00ee yi est\u00ee.<\/p>\n<p>&nbsp;<\/p>\n<p>Hetan\u00ee nika n\u00ea kitab\u00ea ey we\u015fan\u00eeyay\u00ee:<\/p>\n<p>&nbsp;<\/p>\n<p>1) Sey\u00eedxan Kurij, Way\u00ea Hot Biray\u00fbn: Sanikan \u00fb Dey\u00eeran\u00ea \u00c7ewl\u00eeg\u00ee ra, We\u015fan\u00ean Arya, \u00cestanbul, N\u00eesane 2002, 128 r.<\/p>\n<p>2) Seyidxan Kurij, Fil\u00eet \u00fb Gul\u00eezar, Weqfa Kurd\u00ee ya Kultur\u00ee Stockholm\u00ea, Stockholm, 2004, 28 r.<\/p>\n<p>3) Sey\u00eedxan Kurij (Ar\u00eakerdox), Arw\u00fbn\u00e7\u00ee \u00fb L\u00fby, Enst\u00eetuya Kelep\u00fbr\u00ea Kurd\u00ee \u015eax\u00ea Duhok\u00ee, Duhok 2010, 223 r\u00eepel\u00ee<\/p>\n<p>4) Sey\u00eedxan Kurij, Bi Vatey\u00ee \u015eahadan Hareket\u00ea \u015eeyh Se\u00eed (bi tirk), We\u015fanxaney\u00ee L\u00ees, D\u00eeyarbek\u00eer, Gulan 2013<\/p>\n<p>&nbsp;<\/p>\n<p>Kitab\u00ee Ortax\u00ee:<\/p>\n<p>1 &#8211; Seyidxan Kurij, Veng \u00fb Vate,\u00a0<a title=\"Vate Yay\u0131nlar\u0131 Hakk\u0131nda Bilgi ve Kitaplar\u0131\" href=\"http:\/\/www.kitapokuyoruz.com\/yayinevi\/403\/Vate-Yayinlari-Hakkinda\">Vate Yay\u0131nlar\u0131<\/a>, \u0130stanbul, 2010<\/p>\n<p>2 &#8211; Seyidxan Kurij, Nika wext\u00ea Huyayi\u015fi yo ,\u00a0<a title=\"Vate Yay\u0131nlar\u0131 Hakk\u0131nda Bilgi ve Kitaplar\u0131\" href=\"http:\/\/www.kitapokuyoruz.com\/yayinevi\/403\/Vate-Yayinlari-Hakkinda\">Vate Yay\u0131nlar\u0131<\/a>, \u0130stanbul, 2008<\/p>\n<p>&nbsp;<\/p>\n<p>K\u00eetab\u00ee y\u00ea ke semed\u00ea \u00e7apkerdi\u015fa hedrey\u00ee:<\/p>\n<p>&nbsp;<\/p>\n<p>1) Klam\u00ee \u00c7ewlig\u00ee<\/p>\n<p>2) Peter Lerch`in Kurdoloji \u00c7ali\u015fmalari hem kirdk\u00ee hem tirk\u00ee<\/p>\n<p>&nbsp;<\/p>\n<p>Tercume:<\/p>\n<p>Ahmet Say, G\u00fcne\u015fin Savruldu\u011fu Yerden \u2013 Bing\u00f6l Hikayeleri ( Tirki ra tadayi\u015f\u00ee kirdk\u00ee), We\u015fan\u00ee Evrensel, \u0130stanbul, Gulan 2013<\/p>\n","protected":false},"excerpt":{"rendered":"<p>SEY\u00ceDXAN KUR\u0130J &nbsp; Sey\u00eedxan Kurij serr\u00ea 1960 de dew\u00ea \u00c7ewl\u00eeg\u00ee Kur de ameyo dinya. Gorey\u00ee vatey\u00ee dad\u00eey\u00ee ey, o yan a\u015fm\u00ea \u00ealule de yan z\u00ee a\u015fm\u00ea \u00e7ir\u00ee de ameyo dinya. Kur, yew dew\u00ea ko ya, ha bin\u00ee yew koy\u00ea de ya. Sey\u00eedxan\u00ee mektebo ver\u00ean Kur de wend. 1950 ra pey mekteb amebi dew\u00ea Kur. Ey &hellip;<\/p>\n","protected":false},"author":1,"featured_media":1473,"comment_status":"closed","ping_status":"open","sticky":false,"template":"","format":"standard","meta":{"footnotes":""},"categories":[61],"tags":[],"class_list":["post-1576","post","type-post","status-publish","format-standard","has-post-thumbnail","","category-biyografi"],"_links":{"self":[{"href":"https:\/\/www.kirdki.com\/index.php?rest_route=\/wp\/v2\/posts\/1576","targetHints":{"allow":["GET"]}}],"collection":[{"href":"https:\/\/www.kirdki.com\/index.php?rest_route=\/wp\/v2\/posts"}],"about":[{"href":"https:\/\/www.kirdki.com\/index.php?rest_route=\/wp\/v2\/types\/post"}],"author":[{"embeddable":true,"href":"https:\/\/www.kirdki.com\/index.php?rest_route=\/wp\/v2\/users\/1"}],"replies":[{"embeddable":true,"href":"https:\/\/www.kirdki.com\/index.php?rest_route=%2Fwp%2Fv2%2Fcomments&post=1576"}],"version-history":[{"count":2,"href":"https:\/\/www.kirdki.com\/index.php?rest_route=\/wp\/v2\/posts\/1576\/revisions"}],"predecessor-version":[{"id":1578,"href":"https:\/\/www.kirdki.com\/index.php?rest_route=\/wp\/v2\/posts\/1576\/revisions\/1578"}],"wp:featuredmedia":[{"embeddable":true,"href":"https:\/\/www.kirdki.com\/index.php?rest_route=\/wp\/v2\/media\/1473"}],"wp:attachment":[{"href":"https:\/\/www.kirdki.com\/index.php?rest_route=%2Fwp%2Fv2%2Fmedia&parent=1576"}],"wp:term":[{"taxonomy":"category","embeddable":true,"href":"https:\/\/www.kirdki.com\/index.php?rest_route=%2Fwp%2Fv2%2Fcategories&post=1576"},{"taxonomy":"post_tag","embeddable":true,"href":"https:\/\/www.kirdki.com\/index.php?rest_route=%2Fwp%2Fv2%2Ftags&post=1576"}],"curies":[{"name":"wp","href":"https:\/\/api.w.org\/{rel}","templated":true}]}}