{"id":1548,"date":"2013-07-15T15:17:01","date_gmt":"2013-07-15T12:17:01","guid":{"rendered":"http:\/\/www.kirdki.com\/?p=1548"},"modified":"2020-03-25T19:35:24","modified_gmt":"2020-03-25T16:35:24","slug":"heta-ke-ma-xoqijvinayis-ca-neverd-ma-tim-peyniye-sari-de-maneni","status":"publish","type":"post","link":"https:\/\/www.kirdki.com\/?p=1548","title":{"rendered":"Heta Ke Ma Xoqijv\u00eenay\u00ee\u015f Ca N\u00eaverd, Ma Tim Peyn\u00eey\u00ea \u015ear\u00ee De Man\u00ean\u00ee"},"content":{"rendered":"<p><a href=\"http:\/\/www.kirdki.com\/wp-content\/uploads\/2013\/07\/divit.jpg\"><img loading=\"lazy\" decoding=\"async\" class=\"aligncenter size-full wp-image-1549\" alt=\"divit\" src=\"http:\/\/www.kirdki.com\/wp-content\/uploads\/2013\/07\/divit.jpg\" width=\"620\" height=\"412\" srcset=\"https:\/\/www.kirdki.com\/wp-content\/uploads\/2013\/07\/divit.jpg 620w, https:\/\/www.kirdki.com\/wp-content\/uploads\/2013\/07\/divit-300x199.jpg 300w\" sizes=\"auto, (max-width: 620px) 100vw, 620px\" \/><\/a><\/p>\n<p align=\"right\"><em><strong>Wisif ZOZAN\u00ce<\/strong><\/em><\/p>\n<p>\u00a0 \u00a0 \u00a0 \u00a0Yeno mi v\u00eer, ez qij biya. P\u00eelan\u00ea ma semed\u00ea ziwan\u00ea ma vat\u00een \u201c<em>Z\u00fbn\u00ee kird\u00fbn e\u015ft\u00fb kut\u00eek ver, kut\u00eek z\u00ee qebul n\u00eakerd\u00fb<\/em>\u201d \u00fb semed\u00ea kirdan z\u00ee vat\u00een \u201c<em>Dar ra ma\u015fa kird\u00ee ra pa\u015fa n\u00eabeno<\/em>\u201d, \u201c<em>Kird bi mird yo \u00e7\u00ee r\u00ee z\u00ee n\u00eaben pird<\/em>\u201d. Ez neheq\u00ee n\u00eak\u00eer tayin z\u00ee vat\u00een \u201c<em>Xirb\u00ee ma hol \u00ee sey \u015f\u00eanay\u00eey\u00ea \u015far\u00ee<\/em>\u201d. Label\u00ea \u00ea, tay\u00ee de b\u00ee. Ez yew rey ra\u015ft\u00ea yew melay\u00ee am\u00eaya. Mela esl\u00ea xo kird bi \u00fb medresa ra \u00eecaze guret bi. Vat\u00een wexto ke ma medresa de wend\u00een miyan\u00ea feq\u00eeyan de reqabet bivirazy\u00ean feq\u00eeyan xo miyan de vera ziwanan\u00ea b\u00eenan ziwan\u00ea xo qij d\u00een \u00fb yew mesele vat\u00een. Melay\u00ee dima behs\u00ea yew mesele kerd. Va: \u201c v\u00fbn\u00ee; Hezret S\u00eelemun teyr\u00ea Hudhud\u00ee ra v\u00fbno: \u201c<em>\u015eueri(\u015fore), r\u00ee erd\u00fbn de \u00e7i z\u00fbn est p\u00eeyorin bim\u00fbs \u00fb b\u00eeyeri!.<\/em>\u201d Hudhud \u015fin g\u00earen z\u00fbn\u00fbn m\u00fbsen \u00fb pey de g\u00earen a yeno Hezret S\u00eelemun\u00ee het. Hezret Silemun tira persen v\u00fbn: \u201c<em>Ya Hudhud ti p\u00eeyor\u00ea z\u00fbn\u00fbn m\u00fbsey\u00ee<\/em>?\u201d Hudhud v\u00fbn: \u201c<em>Ya S\u00eelemun ez p\u00eeyor\u00ea z\u00fbn\u00fbn m\u00fbsawa. T\u00eana yo z\u00fbn mend ez ken-n\u00eaken n\u00ea\u015fken bim\u00fbs\u00ee.<\/em>\u201d Hezret S\u00eelemun v\u00fbn: \u201c<em>In \u00e7i z\u00fbn o<\/em>?\u201d Hudhud v\u00fbn: \u201c<em>Tira v\u00fbn\u00ee Zazak\u00ee. Mi \u00e7\u00eedo \u00eenay\u00een n\u00ead\u00ee. Wexto ke qal k\u00ean\u00ee yo tewiro xer\u00eeb veng vej\u00ean\u00ee.<\/em>\u201d Hezret S\u00eelemun v\u00fbn: \u201c\u00a0<em>\u00c7i cins yo veng ya Hudhud<\/em>?\u201d Hudhud v\u00fbn: \u201c<em>Ez n\u00eae\u015fken sey eyin bik\u00eer\u00ee. Mera ez to r\u00ea ter\u00eef bik\u00eer\u00ee.<\/em>\u201d Dima yew k\u00fby\u00ea awk\u00ee geno xo dest, \u00e7end heb\u00ea x\u00ee\u00e7\u00fbn kerr\u00ee keno zerrey\u00ea k\u00fby\u00ee \u00fb \u015f\u00fbno t\u00ea. V\u00fbno: \u201c<em>Ya S\u00eelemun bawer bikir wexto ke zazay\u00ee qal ken\u00ee, yo vengo in qeyded\u00een eyin ra v\u00eajyen. De b\u00eeye in z\u00fbn bim\u00fbs!<\/em>\u201d<\/p>\n<p>Melay\u00ee mesele qed\u00eena va; \u2018Wexto ke \u00ea feq\u00eeyan na mesela vat\u00een ma \u00eenano ke x\u00eeyreto m\u00eell\u00ee ma de bi ma z\u00ee herind de ferheng\u00ea<strong>Feyruzabad\u00ee<\/strong>\u00a0(m. 1415),\u00a0<strong>el-Qam\u00fbs ul-Muh\u00eet<\/strong>\u00a0ard\u00een n\u00ean r\u00fb \u00fb qismo ke behs\u00ea\u00a0<strong><em>Dunbul\u00ee\u00a0<\/em><\/strong>keno ma o qism kerd\u00een a \u00fb dest bi wendi\u015f\u00ea ci kerd\u00een. \u201c<em>Dunbul ala wezn\u00ee qunfuz qeb\u00eeletun m\u00eenel ekrad b\u00ee newah\u00eel Mewsil m\u00eenhum el muhadd\u00eesan<\/em>\u2026\u201d yan\u00ee \u00e7ekuya Dunbul het\u00ea fonet\u00eek\u00ee ra ha qalib\u00ea \u00e7ekuya qunfuz de. Na yew qeb\u00eeley\u00ea Kurdan a \u00fb welat\u00ea M\u00fbsil de ciw\u00eey\u00ean\u00ee. \u00cenan ra alim\u00ea hed\u00ees veciyay\u00ee. Ma p\u00ea n\u00ea \u00eebarey\u00ee xo \u00fb feq\u00eey\u00ee b\u00een\u00ee kerd\u00een c\u00eer.\u2019<\/p>\n<p>N\u00ea meseley\u00ee ke ma \u00eetya de nu\u015ft\u00ee wa \u00e7\u00eaw n\u00eavajo ma h\u00ea \u00eenan qebul ken\u00ee \u00fb o rid ra ma ca dayo n\u00ea vateyan. H\u00eaw\u00eak! Ma no heqaret qey \u015far\u00ea xo \u00fb z\u00fbn\u00ee xo qebul n\u00eaken\u00ee. Ma \u00e7im de n\u00ea vatey\u00ee w\u00eenay\u00een p\u00ea dest\u00ea \u015faran\u00ea xer\u00eeban n\u00eey\u00ea p\u00eara \u00fb ma ver de n\u00eeyay\u00ea r\u00fb. \u00cenan yew per ra ma qij d\u00eey\u00ee \u00fb per b\u00een ra z\u00ee vato b\u00ear\u00een qey xo ya bi\u015f\u00fbxiln\u00een. Ma z\u00ee vera \u015faran\u00ea xer\u00eeban xo qij d\u00eeyo \u00fb n\u00ea vatey\u00ee heqaret\u00ee z\u00ee qey xo ya \u015f\u00fbxilnay\u00ee.<\/p>\n<p>Ink\u00ea ma hewna v\u00fbn\u00ee: Z\u00fbn\u00ee ma z\u00ee esto. Kem\u00ee beno z\u00eade beno, ma gore ferq n\u00eakeno. Hol a ya wa ke ma p\u00ea qal bikir. Binus \u00fb vera \u015far\u00ee ma hurmet\u00ea z\u00fbn\u00ee xo bipaw \u00fb qiymet bidi ci. Eyn\u00ee qeydeyo ke \u015fa\u00eer\u00ea ma Mala Mehemed El\u00ee H\u00fbn\u00ee v\u00fbno: \u201c<em>Xirb\u00fbn xwi ra big\u00ear\u00een. \u015e\u00eanay\u00eey\u00ea \u015far\u00ee ra meg\u00ear\u00een.<\/em>\u201d Wexto ke ma na s\u00eetey\u00ea xo kerd a, ma na qala erj\u00eeyaye xo r\u00ea rehber guret. Ma va xirb\u00ea ma hol \u00ee, sey \u015f\u00eanay\u00eey\u00ea \u015far\u00ee. Z\u00fbn\u00ee ma ho vinderte ma q\u00eay p\u00ea z\u00fbn\u00ee \u015far\u00ee qis\u00ea ken\u00ee \u00fb xo p\u00ea z\u00fbn\u00ee \u015far dan\u00ee \u015finasnay\u00ee\u015f. Qesd\u00ea ma ziwanan\u00ea b\u00eenan xirabv\u00eenayi\u015f n\u00eeyo. Merdim \u00e7iqas zaf ziwanan bizano hende hol o. La merdim her z\u00fbn ra ver gera z\u00fbn\u00ee xo hol bim\u00fbso \u00fb p\u00ea emel bikero. Ma z\u00ee v\u00fbn\u00ee: \u201c<em>K\u00eam bi z\u00ee p\u00eay z\u00fbn\u00ee xo qal bikir\u00een. Hol bi z\u00ee p\u00eay z\u00fbn\u00ee \u00e7\u00eaw\u00ee qal mekir\u00een.<\/em>\u201d \u00c7unke Homa Tealay\u00ee ma p\u00ea in z\u00fbn vira\u015ft\u00ee \u00fb teqd\u00eer kerd\u00ee. Ma z\u00ee van\u00ee teqd\u00eer\u00ea Homay sar\u00ee \u00fb \u00e7iman\u00ea ma ser.<\/p>\n<p>Heto b\u00een ra newe yo qeyde vej\u00eeyo tay merdim\u00ee z\u00ee est \u00ea yew hete ra van\u00ee\u00a0<em>\u2018ma kurd n\u00eey\u2019<\/em>\u00a0\u00fb heto b\u00een ra z\u00ee di\u015fmenat\u00eey\u00ea \u015faran\u00ea b\u00eenan ken\u00ee. Ma \u00eenan z\u00ee fehm n\u00eaken\u00ee. Ma ewniyen\u00ee \u00eenan ra p\u00ea ziwan\u00ea xo qal n\u00eaken\u00ee yan z\u00ee n\u00eae\u015fken\u00ee qal biker\u00ee. Label\u00ea p\u00ea ziwan\u00ea \u015far\u00ea ke n\u00ea meseley\u00ee vira\u015ft\u00ee \u00fb kird\u00ee qij d\u00eey\u00ee p\u00ea ziwan\u00ea \u00ea \u015faran qal ken\u00ee \u00fb s\u00eeyaset ken\u00ee. Ver\u00eenan n\u00ea gure r\u00ea vat\u00een<em>\u00a0\u2018p\u00ea \u00e7\u00ee \u015far m\u00eez\u00ea xo kerdi\u015f\u2019<\/em>. \u015eima \u00e7i ken\u00ee p\u00ea ziwan\u00ea xo biker\u00een. Mi naye z\u00ee fam n\u00eakerda. Ziwan \u00fb esil n\u00eae\u015fken\u00ea c\u00eara bikir\u00ee. Ziwan ciya yew \u00e7\u00ee yo. Neseb ciya yew \u00e7\u00ee yo. Yew merdim vajo \u201c<em>Ez Zaza wa, ez Kurd n\u00eeya<\/em>\u201d Ma \u00e7im de no merdim vano ez laj bab\u00eey\u00ea xo ya, la ez torn\u00ea p\u00eerik\u00ea xo n\u00eeya.<\/p>\n<p>Kurd\u00ea Tirk\u00eeya t\u00eana kurmancan \u00fb zazayan ra \u00eebaret \u00ea \u00fb kurmanc\u00ee z\u00ee het\u00ea nifus\u00ee ra di-h\u00eer\u00ea qat\u00ea zazayan \u00ea. Tirk z\u00ee no rid ra namey\u00ea \u201cK\u00fcrt (Kurd)\u201d\u00a0 semed\u00ea kurmancan a \u015fuxulnen\u00ee. Wexto ke tirkan namey\u00ea kurd texs\u00ees\u00ea kurmancan kerd mesela uca ra t\u00eara b\u00ee. Ra\u015fta z\u00ee gorey\u00ea no namekerdi\u015f\u00ee zazay\u00ee tever\u00ea kurdan de manen\u00ee. Bel\u00ea zazay\u00ee kurmanc n\u00eey\u00ee. Label\u00ea kurd \u00ea. Na mesele ser ra tayin nezan\u00eey\u00ea xo ra va ma kurd n\u00eey\u00ea \u00fb tayin z\u00ee p\u00ea qesd a va ma kurd n\u00eey\u00ea. Aye ke nezan\u00eey\u00ea xo ra van\u00ea ma kurd n\u00eey\u00ea wa bizan\u00ee ke ziwan ser ra ter\u00eef\u00ea neseb\u00ee n\u00eabeno. Neseb bab\u00ee ra virazyeno. Neseb n\u00eabedilyeno. La ziwan bedelyeno. R\u00ee erdan de yew ziwan z\u00ee esl\u00ea xo yo ewil\u00een n\u00eapawito. Semed\u00ea esil \u00fb neseb del\u00eel \u00fb bingeyo tewr ra\u015ft tar\u00eex o. Merdim esl\u00ea xo \u00e7i qeyde ca keno? Ewniyeno tar\u00eex ra bab\u00ee, p\u00eerik \u00fb kalik\u00ee ey \u015fin\u00ea resen\u00ea kam \u00ee? Hetan\u00ea ink\u00ea piyor\u00ea \u00e7imeyan\u00ea tar\u00eex\u00ee semed\u00ea zazayan a vato \u00ea yew qism\u00ea kurdan \u00ea. Yan\u00ee zaza \u00fb kurmanc her di z\u00ee lajan\u00ea Kurd ra yew \u00ea. Qij\u00ea Kurd\u00ee sewb\u00eena z\u00ee est \u00ea. Goran, lur, soran. Her yew qij\u00ea Kurd\u00ee bab\u00eey\u00ea xo ra qas\u00ea xo irs\u00ea xo gureto. Tay qij\u00ea Kurd\u00ee nifus\u00ea \u00eenan bi z\u00eeyed \u00fb ver de \u015f\u00eey. Tay z\u00ee sey zazayan\u00ea ma pey de mend\u00ee. Ver de \u015fiyay\u00ee\u015f p\u00ea di\u015fmenat\u00eey\u00ea birayan\u00ea xo \u00fb p\u00ea \u00eenkarkerdi\u015f\u00ea kalik\u00ea xo n\u00eabeno. P\u00ea xebat, cehd \u00fb x\u00eeret beno.\u00a0\u00a0 Eke \u015fima ker ra n\u00ean\u00ee herind\u00ea xo de roni\u015f\u00een. Verd\u00een cam\u00eard\u00ee wa bixeb\u00eet\u00ee. Ha eke ca ra niyet\u00ea \u015fima \u00fb kurdb\u00eeyay\u00ee\u015f \u00e7in o e\u015fkera vaj\u00een. Ma fehm ken\u00ea. Ver\u00eenan vat\u00een; Yew merdim\u00ee cin\u00eey\u00ea yi mirena. \u015ear yeno tez\u00eeya. Tesel\u00ee dan\u00ea ci van\u00ee \u201c<em>Xo meqehirn. Merg heq o<\/em>.\u201d Van\u00ea merdim vano \u201c<em>N\u00ea ez xo n\u00eaqehirneno. Ez q\u00eay xo biqehirn\u00ee. Cin\u00eey\u00ea mi n\u00eamerd\u00ean z\u00ee mi ya verden\u00ee.<\/em>\u201d<\/p>\n<p>Nika mi na mesele semed\u00ea \u00ea merdim\u00ea ke no qeydeyo newe nayo p\u00eara va. Ca ra n\u00eeyet\u00ea \u015fima \u00fb kurdbiyay\u00ee\u015f \u00e7in o, hende zor xo med\u00een sey cam\u00eardan vaj\u00een kurdb\u00eeyay\u00ee\u015f ma r\u00ea \u00e7etin yeno. N\u00ea eke ra\u015ft\u00ea gureyan a \u015fima qas\u00ea s\u00eeyaset\u00ee ke ken\u00ea qas\u00ea aye semed\u00ea ziwan\u00ea xo ya xebat biker\u00een. \u015ear o mehal s\u00eeya \u00fb sip\u00ee v\u00eeneno \u00fb \u015fima dima yeno. Aye ke vera s\u00eeyaset\u00ea n\u00ea merdiman wext\u00ea xo zay\u00ee ken\u00ea ma \u00eenan ra z\u00ee van\u00ea \u015fima z\u00ee semed\u00ea ziwan\u00ea ma h\u00ea xebat ken\u00ea. Ma ca ra pey de mend\u00ee wext\u00ea n\u00ea gurey\u00ee viyert. Verd\u00een kam xo r\u00ea seken wa bikir. Biewn\u00een xo ra ver.<\/p>\n","protected":false},"excerpt":{"rendered":"<p>Wisif ZOZAN\u00ce \u00a0 \u00a0 \u00a0 \u00a0Yeno mi v\u00eer, ez qij biya. P\u00eelan\u00ea ma semed\u00ea ziwan\u00ea ma vat\u00een \u201cZ\u00fbn\u00ee kird\u00fbn e\u015ft\u00fb kut\u00eek ver, kut\u00eek z\u00ee qebul n\u00eakerd\u00fb\u201d \u00fb semed\u00ea kirdan z\u00ee vat\u00een \u201cDar ra ma\u015fa kird\u00ee ra pa\u015fa n\u00eabeno\u201d, \u201cKird bi mird yo \u00e7\u00ee r\u00ee z\u00ee n\u00eaben pird\u201d. Ez neheq\u00ee n\u00eak\u00eer tayin z\u00ee vat\u00een \u201cXirb\u00ee ma &hellip;<\/p>\n","protected":false},"author":10,"featured_media":1549,"comment_status":"closed","ping_status":"open","sticky":false,"template":"","format":"standard","meta":{"footnotes":""},"categories":[1],"tags":[],"class_list":["post-1548","post","type-post","status-publish","format-standard","has-post-thumbnail","","category-gen"],"_links":{"self":[{"href":"https:\/\/www.kirdki.com\/index.php?rest_route=\/wp\/v2\/posts\/1548","targetHints":{"allow":["GET"]}}],"collection":[{"href":"https:\/\/www.kirdki.com\/index.php?rest_route=\/wp\/v2\/posts"}],"about":[{"href":"https:\/\/www.kirdki.com\/index.php?rest_route=\/wp\/v2\/types\/post"}],"author":[{"embeddable":true,"href":"https:\/\/www.kirdki.com\/index.php?rest_route=\/wp\/v2\/users\/10"}],"replies":[{"embeddable":true,"href":"https:\/\/www.kirdki.com\/index.php?rest_route=%2Fwp%2Fv2%2Fcomments&post=1548"}],"version-history":[{"count":3,"href":"https:\/\/www.kirdki.com\/index.php?rest_route=\/wp\/v2\/posts\/1548\/revisions"}],"predecessor-version":[{"id":1570,"href":"https:\/\/www.kirdki.com\/index.php?rest_route=\/wp\/v2\/posts\/1548\/revisions\/1570"}],"wp:featuredmedia":[{"embeddable":true,"href":"https:\/\/www.kirdki.com\/index.php?rest_route=\/wp\/v2\/media\/1549"}],"wp:attachment":[{"href":"https:\/\/www.kirdki.com\/index.php?rest_route=%2Fwp%2Fv2%2Fmedia&parent=1548"}],"wp:term":[{"taxonomy":"category","embeddable":true,"href":"https:\/\/www.kirdki.com\/index.php?rest_route=%2Fwp%2Fv2%2Fcategories&post=1548"},{"taxonomy":"post_tag","embeddable":true,"href":"https:\/\/www.kirdki.com\/index.php?rest_route=%2Fwp%2Fv2%2Ftags&post=1548"}],"curies":[{"name":"wp","href":"https:\/\/api.w.org\/{rel}","templated":true}]}}