{"id":1456,"date":"2013-07-15T00:49:06","date_gmt":"2013-07-14T21:49:06","guid":{"rendered":"http:\/\/www.kirdki.com\/?p=1456"},"modified":"2020-03-25T19:35:25","modified_gmt":"2020-03-25T16:35:25","slug":"zare-serin","status":"publish","type":"post","link":"https:\/\/www.kirdki.com\/?p=1456","title":{"rendered":"Zar\u00ea \u015e\u00ear\u00een"},"content":{"rendered":"<p>&nbsp;<\/p>\n<p><a href=\"http:\/\/www.kirdki.com\/wp-content\/uploads\/2013\/07\/Celadet-Ali-Bedirhan.jpg\"><img loading=\"lazy\" decoding=\"async\" class=\"size-medium wp-image-1455 aligncenter\" alt=\"Celadet-Ali-Bedirhan\" src=\"http:\/\/www.kirdki.com\/wp-content\/uploads\/2013\/07\/Celadet-Ali-Bedirhan-210x300.jpg\" width=\"210\" height=\"300\" srcset=\"https:\/\/www.kirdki.com\/wp-content\/uploads\/2013\/07\/Celadet-Ali-Bedirhan-210x300.jpg 210w, https:\/\/www.kirdki.com\/wp-content\/uploads\/2013\/07\/Celadet-Ali-Bedirhan.jpg 220w\" sizes=\"auto, (max-width: 210px) 100vw, 210px\" \/><\/a><\/p>\n<p style=\"text-align: right\">\u00a0 \u00a0 \u00a0 \u00a0 \u00a0 \u00a0 \u00a0 \u00a0 \u00a0 \u00a0 \u00a0 \u00a0 \u00a0 \u00a0 \u00a0 \u00a0 \u00a0 \u00a0 \u00a0 \u00a0 \u00a0 \u00a0 \u00a0\u00a0\u00a0 \u00a0 \u00a0 \u00a0 \u00a0 \u00a0 \u00a0 \u00a0 \u00a0 \u00a0 \u00a0 \u00a0 \u00a0 \u00a0 \u00a0 \u00a0 \u00a0 \u00a0 \u00a0 \u00a0 \u00a0 \u00a0 \u00a0 \u00a0 \u00a0 \u00a0 \u00a0 \u00a0 \u00a0 \u00a0 \u00a0 <em><strong>Mehm\u00fbd N\u00ea\u015fite<\/strong><\/em><\/p>\n<p>&nbsp;<\/p>\n<p>M\u00eer Celadet Al\u00ee Bedir-xan, 15\u00ea gulana Serra 1932 de kovara \u201cHawar\u201de vete. Vej\u00eeyay\u00ee\u015f\u00ea na kovare hetan\u00ee Serra 1943 dewam kerde \u00fb hetan\u00ee peyn\u00ee 57 h\u00fbmare vej\u00eeya.<\/p>\n<p>Ewro no tar\u00eex yan\u00ee 15\u00ea gulane bi munasebet\u00ea vej\u00eeyay\u00ee\u015f\u00ea Hewar\u00ee kurdan r\u00ea b\u00eeyo \u201cRo\u015fan\u00ea Ziwan\u00ea Day\u00eek\u201de. N\u00ea \u00e7end serr\u00ee y\u00ea panc\u00eas\u00ea gulane de kurd\u00ee na roje sey ro\u015fan\u00ee p\u00eeroz ken\u00ea.<\/p>\n<p>Hawar kovara Kurdan \u00ea yewin a ke bi herf\u00ea lat\u00een\u00ee vej\u00eeyena. H\u00fbmara v\u00eest \u00fb h\u00eer\u00eayine \u00ea temmuza Serra 1933 de Mewlid\u00ea Usman Efend\u00eey\u00ea Babij\u00ee ne\u015fir beno.<\/p>\n<p>Mela Usman(Osman) Efend\u00eey\u00ea Babij, mift\u00eey\u00ea S\u00eawreg\u00ee Serra 1906 de bi leh\u00e7eya kirmanck\u00ee\/dimilk\u00ee yew mewlid nuseno. (mewlido Dimil\u00ee\/zazak\u00ee Enst\u00eetuya Kurd\u00ee ya Amed\u00ea)Seba ke sey kitab\u00eak \u00e7ap ra gino \u015faweno D\u00eeyarbekir. La \u00e7ap n\u00eabeno \u00fb wal\u00eey\u00ea D\u00eeyarbekir\u00ee tepay \u015faweno. Mela Osman Efend\u00ee n\u00ea nu\u015ftey\u00ea xo hetan\u00ee Serra 1933 nata-weta, \u00e7arneno-\u00e7eperneno keno n\u00eakeno n\u00ea\u015fkeno sey yew kitab\u00eak \u00e7ap bikero.<\/p>\n<p>Roj\u00eake Celadet Al\u00ee Bedir-Xan \u015eam de hela \u015fan\u00ee o \u00fb embaz\u00eak\u00ea xo ver bi keye \u015fin\u00ea. Ewn\u00eeyeno kalik\u00eak eke emr\u00ea ey qas\u00ee pancas-\u015fest\u00ee serr\u00ee yo ha peyn\u00eeya \u00eenan ra yeno. Kalik silam dano \u00eenan \u00fb xo dano naskerdene. \u201cMela Muhamed Nez\u00eer laj\u00ea Hec\u00ee \u00cebrah\u00eem\u00ea D\u00ear\u015few\u00ee.\u201d<\/p>\n<p>No mela S\u00eawregi ra ver\u00ea panc\u00eeyes roj\u00ee ameyo \u015eam seba ke M\u00eer Celadet ci r\u00ea yan z\u00ee bir\u00ea ey r\u00ea yew gure biv\u00eeno.<\/p>\n<p>Wexto ke derd\u00ea xo Celadet\u00ee ra vano, Celadet ewn\u00eeyeno, ziwan\u00ea ey n\u00eamoneno ziwan\u00ea Botan \u00ee. Ziwan\u00ea ey zaf\u00ear moneno ziwan\u00ea D\u00eeyarbekir \u00ee. Celadet ey ra vano \u201cSiba b\u00ea keyey\u00ea ma, ma qisey ken\u00ee.\u201d<\/p>\n<p>Beno siba Mela \u015fino keyey\u00ea \u00eenan. Keye de Celadet \u00fb mela suhbet ken\u00ea. Suhbet de fehm beno ke Mela dimil\u00ee yo .<\/p>\n<p>Sen\u00ee fehm beno ke Mela dimil\u00ee yo \u00fb s\u00eawregij o, \u00ead\u00ee Celadet dest bi persan\u00ea Mewlid\u00ea Usman Efend\u00eey\u00ea Babij\u00ee keno.<\/p>\n<p>Wext\u00eak, nushey\u00eaka n\u00ea mewl\u00eed\u00ee keweno dest\u00ea Celadet Bedirxan\u00ee. Seba ke Celadet dimil\u00ee ra fehm n\u00eakeno dest n\u00eadano ci \u00fb xo ver de verdeno. Bir\u00eaz Celadet xo bi xo vano:<\/p>\n<p>\u201cXora ver\u00ea ra zerr\u00eeya mi bib\u00ee ke ez zaravay\u00ea dimilk\u00ee ser o tay\u00ea mijul bib\u00ee. Bi taybet\u00ee z\u00ee mi wa\u015ft\u00eane ez mewlid\u00ea Usman Efend\u00eey\u00ea Babij\u00ee bif\u00een\u00ee dest. \u00db ez yew\u00ea ke dimilk\u00eeya S\u00eawregi rind zano biv\u00een\u00ee \u00fb ez ey ver de biewn\u00ee n\u00ea mewl\u00eed\u00ee ra \u00fb ez n\u00ea mewlid\u00ee \u00e7ap biker\u00ee. Xora bi zaravaya n\u00ea ZAR\u00ca \u015e\u00caR\u00ceN\u00ee* hema \u00e7\u00eey\u00eak n\u00eaameyo nu\u015fti\u015f, eke ameyo z\u00ee hema mi n\u00ead\u00eeyo!\u201d**<\/p>\n<p>Mewlid\u00ea Usman Efend\u00ee het\u00ea Celadet Bedirxan\u00ee ra bi ZAR\u00ca \u015e\u00caR\u00ceN\u00ee \u00e7ap beno. La \u00e7i heyf ke Mela Usman Efend\u00eey\u00ea Babij Serra 1929 de rehmet keno \u00fb \u00e7apkerdi\u015f\u00ea mewlid\u00ea xo n\u00eav\u00eeneno.<\/p>\n<p>Ez n\u00eawazena h\u00eekayeya \u00e7apkerdi\u015f\u00ea mewlid\u00ea Usman Efend\u00eey\u00ea Babij\u00ee derg ker\u00ee. Derd\u00ea mi z\u00ee no nu\u015fte de nu\u015fti\u015f\u00ea sereb\u00fbt\u00ea n\u00ea mewlid\u00ee n\u00eeyo.<\/p>\n<p>Ez wazena bala \u015fima bianc\u00ee derheq\u00ea kirdk\u00ee\/dimilk\u00ee\/kirmanck\u00ee\/zazak\u00ee de fikr\u00ea bir\u00eaz M\u00eer Celadet Al\u00ee Bedir-xan\u00ee ser o. Seke \u015fima z\u00ee v\u00eenen\u00ea M\u00eer Celadet bi xo z\u00ee kirmanck\u00ee ra vano leh\u00e7e\/zarava. Hemz\u00ee bi sifet\u00ea \u015f\u00ear\u00een\u00ee ramojneno.<\/p>\n<p>Ma zan\u00ea ke Keyey\u00ea Bedirxan\u00eeyan renc\u00eaka (ked\u00eaka) zaf p\u00eele day\u00ea tar\u00eex, kultur \u00fb ziwan\u00ea kurdk\u00ee \u00fb emr\u00ea xo nay\u00ea mucadeley\u00ea tar\u00eex, kultur \u00fb ziwan\u00ea kurdan ser o. Ewro eke ma bi herfan\u00ea lat\u00een\u00ee kurdk\u00ee nusen\u00ea \u00fb wanen\u00ea, ewro eke ma destan de ferheng \u00fb gram\u00ear\u00eak\u00ea kurdk\u00ee esto bi xeyr\u00ea n\u00ea kesan o.<\/p>\n<p>O tar\u00eex de sey ewro leh\u00e7eya kirmanck\u00ee ser o munaqe\u015fey\u00ee \u00e7in b\u00ee. Xora na mesela ser o m\u00eeras\u00ea ke Celadet Bedir-Xan\u00ee ma r\u00ea verdayo \u00eemkan\u00ea munaqe\u015feyan orte ra weradano! La reyna z\u00ee tay\u00ea kes\u00ee \u00eenat ken\u00ee \u00fb kirmanck\u00ee kurdk\u00ee ra c\u00eara ken\u00ea. Celadet Bedirxan\u00ee bi hecet\u00ea Kovara Hewar\u00ee Serra 1932-33 de kirmanck\u00ee\/dimilk\u00ee ra vato leh\u00e7e!<\/p>\n<p>Ez ro\u015fan\u00ea ziwan\u00ea day\u00eeke bi ruh \u00fb bi zerr\u00eeya xo ya kiziryay\u00ee p\u00eeraz kena. Bitaybet\u00ee z\u00ee ez h\u00eav\u00ee kena ke na roje ZAR\u00ca \u015e\u00caR\u00ceN\u00ee r\u00ea bena roja kefen qeli\u015f\u00eeyay\u00ee\u015f\u00ee.<\/p>\n<p>*Hewar Hejmar23 s\u00ea\u015fem 25 tirmeh 1933. R\u00eepel 373 we\u015fan\u00ea Belk\u00ee.<\/p>\n<p>**\u00ca wextan Mewlid\u00ea Mela Ehmed\u00ea Xas\u00ee wej\u00eeyabi \u00fb het\u00ea \u00c7ewl\u00eeg \u00fb D\u00eeyarbekir\u00ee de mewlidan de wan\u00eay\u00eane.<\/p>\n","protected":false},"excerpt":{"rendered":"<p>&nbsp; \u00a0 \u00a0 \u00a0 \u00a0 \u00a0 \u00a0 \u00a0 \u00a0 \u00a0 \u00a0 \u00a0 \u00a0 \u00a0 \u00a0 \u00a0 \u00a0 \u00a0 \u00a0 \u00a0 \u00a0 \u00a0 \u00a0 \u00a0\u00a0\u00a0 \u00a0 \u00a0 \u00a0 \u00a0 \u00a0 \u00a0 \u00a0 \u00a0 \u00a0 \u00a0 \u00a0 \u00a0 \u00a0 \u00a0 \u00a0 \u00a0 \u00a0 \u00a0 \u00a0 \u00a0 \u00a0 \u00a0 \u00a0 \u00a0 \u00a0 \u00a0 \u00a0 \u00a0 \u00a0 \u00a0 Mehm\u00fbd &hellip;<\/p>\n","protected":false},"author":1,"featured_media":0,"comment_status":"closed","ping_status":"open","sticky":false,"template":"","format":"standard","meta":{"footnotes":""},"categories":[1],"tags":[],"class_list":["post-1456","post","type-post","status-publish","format-standard","","category-gen"],"_links":{"self":[{"href":"https:\/\/www.kirdki.com\/index.php?rest_route=\/wp\/v2\/posts\/1456","targetHints":{"allow":["GET"]}}],"collection":[{"href":"https:\/\/www.kirdki.com\/index.php?rest_route=\/wp\/v2\/posts"}],"about":[{"href":"https:\/\/www.kirdki.com\/index.php?rest_route=\/wp\/v2\/types\/post"}],"author":[{"embeddable":true,"href":"https:\/\/www.kirdki.com\/index.php?rest_route=\/wp\/v2\/users\/1"}],"replies":[{"embeddable":true,"href":"https:\/\/www.kirdki.com\/index.php?rest_route=%2Fwp%2Fv2%2Fcomments&post=1456"}],"version-history":[{"count":2,"href":"https:\/\/www.kirdki.com\/index.php?rest_route=\/wp\/v2\/posts\/1456\/revisions"}],"predecessor-version":[{"id":2980,"href":"https:\/\/www.kirdki.com\/index.php?rest_route=\/wp\/v2\/posts\/1456\/revisions\/2980"}],"wp:attachment":[{"href":"https:\/\/www.kirdki.com\/index.php?rest_route=%2Fwp%2Fv2%2Fmedia&parent=1456"}],"wp:term":[{"taxonomy":"category","embeddable":true,"href":"https:\/\/www.kirdki.com\/index.php?rest_route=%2Fwp%2Fv2%2Fcategories&post=1456"},{"taxonomy":"post_tag","embeddable":true,"href":"https:\/\/www.kirdki.com\/index.php?rest_route=%2Fwp%2Fv2%2Ftags&post=1456"}],"curies":[{"name":"wp","href":"https:\/\/api.w.org\/{rel}","templated":true}]}}