{"id":1449,"date":"2013-07-14T19:37:40","date_gmt":"2013-07-14T16:37:40","guid":{"rendered":"http:\/\/www.kirdki.com\/?p=1449"},"modified":"2020-03-25T19:35:26","modified_gmt":"2020-03-25T16:35:26","slug":"de-be-meteqe","status":"publish","type":"post","link":"https:\/\/www.kirdki.com\/?p=1449","title":{"rendered":"De B\u00ea Meteqe!"},"content":{"rendered":"<p style=\"text-align: right\" align=\"center\">\n<p style=\"text-align: right\" align=\"center\"><a href=\"http:\/\/www.kirdki.com\/wp-content\/uploads\/2013\/07\/newroze.jpg\"><img loading=\"lazy\" decoding=\"async\" class=\"size-medium wp-image-1450 aligncenter\" alt=\"newroze\" src=\"http:\/\/www.kirdki.com\/wp-content\/uploads\/2013\/07\/newroze-300x233.jpg\" width=\"300\" height=\"233\" srcset=\"https:\/\/www.kirdki.com\/wp-content\/uploads\/2013\/07\/newroze-300x233.jpg 300w, https:\/\/www.kirdki.com\/wp-content\/uploads\/2013\/07\/newroze.jpg 498w\" sizes=\"auto, (max-width: 300px) 100vw, 300px\" \/><\/a><\/p>\n<p style=\"text-align: right\" align=\"center\">\n<p style=\"text-align: right\" align=\"center\"><em><strong>Mehmud N\u00ea\u015fite<\/strong><\/em><\/p>\n<p>Nika zer\u00ea D\u00eeyarbekir\u00ee de kes\u00ea ke e\u015fken\u00ea kirmanck\u00ee (zazak\u00ee) binus\u00ea ez vana qey tewr tay se ten\u00ee est\u00ee. N\u00ea se tenan ra z\u00ee ez vana qey en tay neway-neway panc ten\u00ee gorey\u00ea qural \u00fb qa\u00eedey\u00ea standart\u00eezas\u00eeyon\u00ee nusen\u00ee. N\u00ea kes\u00ea ke nusen\u00ee zaf tay\u00ea tera beno ke yan yew cumle, yan z\u00ee yew suf\u00eeks, yan z\u00ee yew \u00e7ekuye \u015fa\u015f binus\u00ea. Sewb\u00een hema-hema p\u00earo z\u00ee rast nusen\u00ee.<\/p>\n<p>T\u00eeya ra 6-7 serr\u00ee ver\u00ea c\u00fb D\u00eeyarbekir de kes\u00ea ke kirmanck\u00ee nu\u015ft\u00eane di-h\u00eer\u00ea ten\u00ee yan bib\u00ee yan \u00e7in\u00ea b\u00ee. Ez bi xo 6-7 serr\u00ee ver\u00ea c\u00fb ameya D\u00eeyarbekir. Wexto ke ez ameye rasta-rast ez kewta m\u00eeyan\u00ea \u015fert\u00ea xebata ziwan\u00ee. \u015eert \u00fb sew\u00eeyeya nu\u015ftoxan\u00ea kirmancan\u00ea y\u00ea wextan zaf hol yeno v\u00eer\u00ea mi. Mi bi xo z\u00ee y\u00ea wextan sey ewro asan \u00fb serbest n\u00eae\u015fkay\u00eane binus\u00ee.<\/p>\n<p>Ez ge-ge \u015f\u00eart\u00ea nu\u015ftox\u00ee ya kirmanck\u00eeya y\u00ea wextan \u00fb y\u00ea ewro dana t\u00eavero. N\u00ea t\u00eaveronay\u00ee\u015f\u00ee de aver\u015f\u00eeyay\u00ee\u015f\u00eako zaf p\u00eel v\u00eenena. Ez n\u00eawazena na mesela ser o tay nim\u00fbneyan bid\u00ee. \u00c7unke na rast\u00eey\u00eak a \u00fb ez vana qey ma kes\u00ea ke bi nu\u015fti\u015f\u00ea kirmanck\u00ee eleqedar \u00ea, ba\u015f zan\u00ee.<\/p>\n<p>Label\u00ea ez wazena reyna tay nim\u00fbneyan bid\u00ee: T\u00eeya ra 6-7 serr\u00ee ver\u00ea c\u00fb seba \u015fay\u00eey\u00eak yew dawet\u00eeye zor nus\u00eey\u00eane. \u00a0Seba\u00a0 slogan\u00ea af\u00ee\u015fan z\u00ee reyna ancax \u00e7end ten\u00ee heq ra vej\u00eeyay\u00eane. Hetan\u00ee \u00e7end serr\u00ee ver\u00ea c\u00fb z\u00ee yew s\u00eete de (keyepel) \u00e7\u00eey\u00eak n\u00eanus\u00eey\u00eane. Xora keyepel-meyepel \u00e7\u00een\u00ee b\u00ee. Rojname, kovar\u00ea kirmanck\u00ee \u00e7\u00een\u00ea b\u00ee. Tena yew kovara \u201cVate\u201d bib\u00ee, aye z\u00ee \u015fe\u015f a\u015fman ra rey\u00eak vej\u00eey\u00ean\u00ea. Yeno mi v\u00eer, \u00ea wextan D\u00eeyarbekir de qas\u00ee 30 heb ro\u015f\u00eey\u00ean\u00ea. B\u00ea Vate rojnameya \u201cAzad\u00eeya Welat\u201d\u00ee de z\u00ee yew r\u00eepel kirmanck\u00ee nus\u00eey\u00eane.<\/p>\n<p>Seke cor de z\u00ee mi wa\u015ft ez vaj\u00ee y\u00ea wextan nu\u015ftox\u00ee tay b\u00ee, nu\u015fti\u015f asan n\u00eabi! Merdim eke y\u00ea wextan tay\u00ea \u00e7\u00eey\u00ee \u015fa\u015f binu\u015ft\u00eane ameyne afkerdi\u015f.<\/p>\n<p>Label\u00ea, merdim gan\u00ee ewro \u00e7\u00eey\u00ea sey af\u00ee\u015f \u00fb sloganan \u00ead\u00ee \u015fa\u015f n\u00eanusno!<\/p>\n<p>\u015eima zan\u00ea \u00e7im\u00ea \u015far\u00ea dinya Newroza emser\u00eene ser o b\u00ee. \u015ear\u00ea D\u00eeyarbekir\u00ee \u00e7end roj\u00ee ver\u00ea c\u00fb ra buluy\u00ea na Newroze bib\u00ee. Bala herkes\u00ee na roje ser o b\u00ee. Gelo merdim sen\u00ee roj\u00eaka winas\u00ee de werzeno af\u00ee\u015fan de \u00fb propoganday\u00ea Newroze de slogan\u00ea \u201cKirmanck\u00ee\/Zazak\u00ee\u201d \u015fa\u015f nuseno.<\/p>\n<p>\u201cNewroze \u015fima p\u00eeroz bo\u201d! Merdim roj\u00eaka winas\u00ee de sen\u00ee beno ke n\u00ea x\u00eetab\u00ee yan z\u00ee slogan\u00ee \u015fa\u015f nuseno. Hem z\u00ee no demo ke ma kirmanc\u00ee keyf\u00ea xo, xo r\u00ea an\u00ea \u00fb ma van\u00ea ma kirmanck\u00eeya nu\u015ftek\u00ee xelesna!<\/p>\n<p>Ez nika n\u00ea \u015fa\u015f\u00ee ra zaf xemg\u00een a. Mi cor de z\u00ee va, D\u00eeyarbekir de\u00a0 kes\u00ea ke rast nusen\u00ea \u00fb qural \u00fb qaydeyan taq\u00eeb ken\u00ea zaf \u00ea. Label\u00ea slogan\u00eaka hende muh\u00eeme \u00fb nu\u015fti\u015f\u00ea ci z\u00ee hende asan merdim sen\u00ee beno \u015fa\u015f nuseno!<\/p>\n<p>N\u00ea af\u00ee\u015f\u00ee her cay\u00ea D\u00eeyarbekir\u00ee de alaq\u00eey\u00ea. \u015ear\u00ea D\u00eeyarbekir\u00ee \u00fb \u015far\u00ea ke teber\u00ea D\u00eeyarbekir\u00ee ra amey na \u015fa\u015f\u00eeye wanen\u00ee. \u015ear\u00ea dinya bi wasitay\u00ea telev\u00eezyon, med\u00eeya \u00fb \u00eenternet\u00ee waneni.<\/p>\n<p>Kes\u00ea ke bi na mesela eleqedar \u00ea kam \u00ea? N\u00ea af\u00ee\u015fan kam hedre kerdo, \u00e7ira hende b\u00eaberpirs\u00eeyar hereket kerd\u00ea?<\/p>\n<p>Hem z\u00ee roja newroze\u00a0 her cay\u00ea sehney\u00ee de na af\u00ee\u015fa ke ser o\u201c Newroze \u015fima p\u00eeroz bo\u201d nusyaye bi, dusnayeb\u00ee. La a balona ke ver\u00ea \u00e7iman\u00ea hende \u00eensanan de hewa ra fir day\u00eane ra ez se vaj\u00ee ?<\/p>\n<p>\u201cNewroze \u015fima p\u00eeroz bo\u201d! Ney. Gan\u00ee \u201cNewroza \u015fima p\u00eeroz bo\u201d! binus\u00eey\u00ean\u00ea.<\/p>\n","protected":false},"excerpt":{"rendered":"<p>Mehmud N\u00ea\u015fite Nika zer\u00ea D\u00eeyarbekir\u00ee de kes\u00ea ke e\u015fken\u00ea kirmanck\u00ee (zazak\u00ee) binus\u00ea ez vana qey tewr tay se ten\u00ee est\u00ee. N\u00ea se tenan ra z\u00ee ez vana qey en tay neway-neway panc ten\u00ee gorey\u00ea qural \u00fb qa\u00eedey\u00ea standart\u00eezas\u00eeyon\u00ee nusen\u00ee. N\u00ea kes\u00ea ke nusen\u00ee zaf tay\u00ea tera beno ke yan yew cumle, yan z\u00ee yew suf\u00eeks, &hellip;<\/p>\n","protected":false},"author":1,"featured_media":1450,"comment_status":"closed","ping_status":"open","sticky":false,"template":"","format":"standard","meta":{"footnotes":""},"categories":[1],"tags":[],"class_list":["post-1449","post","type-post","status-publish","format-standard","has-post-thumbnail","","category-gen"],"_links":{"self":[{"href":"https:\/\/www.kirdki.com\/index.php?rest_route=\/wp\/v2\/posts\/1449","targetHints":{"allow":["GET"]}}],"collection":[{"href":"https:\/\/www.kirdki.com\/index.php?rest_route=\/wp\/v2\/posts"}],"about":[{"href":"https:\/\/www.kirdki.com\/index.php?rest_route=\/wp\/v2\/types\/post"}],"author":[{"embeddable":true,"href":"https:\/\/www.kirdki.com\/index.php?rest_route=\/wp\/v2\/users\/1"}],"replies":[{"embeddable":true,"href":"https:\/\/www.kirdki.com\/index.php?rest_route=%2Fwp%2Fv2%2Fcomments&post=1449"}],"version-history":[{"count":4,"href":"https:\/\/www.kirdki.com\/index.php?rest_route=\/wp\/v2\/posts\/1449\/revisions"}],"predecessor-version":[{"id":2981,"href":"https:\/\/www.kirdki.com\/index.php?rest_route=\/wp\/v2\/posts\/1449\/revisions\/2981"}],"wp:featuredmedia":[{"embeddable":true,"href":"https:\/\/www.kirdki.com\/index.php?rest_route=\/wp\/v2\/media\/1450"}],"wp:attachment":[{"href":"https:\/\/www.kirdki.com\/index.php?rest_route=%2Fwp%2Fv2%2Fmedia&parent=1449"}],"wp:term":[{"taxonomy":"category","embeddable":true,"href":"https:\/\/www.kirdki.com\/index.php?rest_route=%2Fwp%2Fv2%2Fcategories&post=1449"},{"taxonomy":"post_tag","embeddable":true,"href":"https:\/\/www.kirdki.com\/index.php?rest_route=%2Fwp%2Fv2%2Ftags&post=1449"}],"curies":[{"name":"wp","href":"https:\/\/api.w.org\/{rel}","templated":true}]}}