{"id":1443,"date":"2013-07-14T19:30:27","date_gmt":"2013-07-14T16:30:27","guid":{"rendered":"http:\/\/www.kirdki.com\/?p=1443"},"modified":"2020-03-25T19:35:26","modified_gmt":"2020-03-25T16:35:26","slug":"bediuzzeman-seide-kurdi-u-cewligiji","status":"publish","type":"post","link":"https:\/\/www.kirdki.com\/?p=1443","title":{"rendered":"Bed\u00ee\u00fbzzeman Se\u00eed\u00ea Kurd\u00ee \u00db \u00c7ewl\u00eegij\u00ee"},"content":{"rendered":"<p align=\"center\"><strong>BED\u00ce\u00dbZZEMAN SE\u00ceD\u00ca KURD\u00ce \u00db \u00c7EWL\u00ceGIJ\u00ce<\/strong><\/p>\n<p align=\"right\"><a href=\"http:\/\/www.kirdki.com\/wp-content\/uploads\/2013\/07\/Bediuzzaman1.jpg\"><img loading=\"lazy\" decoding=\"async\" class=\"size-medium wp-image-1444 aligncenter\" alt=\"Bediuzzaman1\" src=\"http:\/\/www.kirdki.com\/wp-content\/uploads\/2013\/07\/Bediuzzaman1-300x226.jpg\" width=\"300\" height=\"226\" srcset=\"https:\/\/www.kirdki.com\/wp-content\/uploads\/2013\/07\/Bediuzzaman1-300x226.jpg 300w, https:\/\/www.kirdki.com\/wp-content\/uploads\/2013\/07\/Bediuzzaman1.jpg 400w\" sizes=\"auto, (max-width: 300px) 100vw, 300px\" \/><\/a><\/p>\n<p align=\"right\"><em><strong>N. CELAL\u00ce<\/strong><\/em><\/p>\n<p>Tar\u00eeh\u00ea 1925 semed\u00ea ma \u00c7ewl\u00eegijan yew m\u00eelad o. M\u00eeyan\u00ea \u015far\u00ea ma de bi c\u00eeya c\u00eeya nameyan yeno ifade kerdi\u015f. Mavaji &#8220;meseley\u00ea \u015fex se\u00eed&#8221;, &#8220;meseley\u00ea \u015fexun&#8221;, &#8220;serr\u00ea sare wedarti\u015f\u00ee&#8221; \u00fb &#8221; meseley\u00ea ma \u00fb Kemal\u00ee&#8221;, \u00eenan ra \u00e7end heb\u00ee y\u00ea. Helbet na mesela dima zaf hed\u00eesey\u00ea giran amey\u00ee meydan(qewim\u00eeyay\u00ee). \u00cedam, ki\u015fti\u015f, ve\u015fnay\u00ee\u015f \u00fb sirgun n\u00ea serran de \u00e7\u00eey\u00ea ke bar\u00ea ma kewte b\u00ee .<\/p>\n<p><strong>\u00a0\u00a0\u00a0\u00a0\u00a0\u00a0\u00a0\u00a0\u00a0\u00a0\u00a0\u00a0<\/strong>Bi hezaran kes\u00ee sirgun ro away\u00ea Tirk\u00eeya bib\u00ee. Tay\u00ee \u00c7ewl\u00eegij\u00ee het\u00ea Isparta, Burdur\u00ee ya sirgun ben\u00ea. \u00ca ke sirgun bi n\u00ea bajaran b\u00ee zaf\u00ea \u015far\u00ea Verard\u00ee y\u00ea. Verard yew mintiqa ya \u00fb merkez\u00ea \u00c7ewl\u00eegi ra n\u00eazd\u00ee ya. P\u00eeyor\u00ea dew\u00ea na mintiqa gir\u00eadayey\u00ea \u00c7ewl\u00eeg\u00ee y\u00ea. Yewna xuxus\u00eeyet\u00ea na mintiqa gowend a. \u015ear\u00ea na mintiqa gowend ra zaf heskeno \u00fb zaf we\u015f z\u00ee gowend kay keno. Na mintiqa ra zaf gowendker\u00ea vengday\u00ea vej\u00eeyay\u00ea.<\/p>\n<p>Her \u00e7end \u015f\u00ee sirgun la gowend\u00ea xo ra n\u00eav\u00eeyer\u00ean\u00ea. Ge ge def \u00fb zirna nan\u00ea ro \u00fb gowend\u00ea xo kayken\u00ea. Helbet sirgun de yew kar \u00fb gure \u00e7\u00een o \u00fb zerteng\u00ee z\u00ee zor dana ci. \u00ca z\u00ee bi gowend xo ken\u00ea rehat. Veng\u00ea yin, def \u00fb zirnay\u00ea yin heme cayan ra yeno e\u015fnawiti\u015f.<\/p>\n<p>Eyn\u00ee wexte de Bed\u00eeuzzeman Se\u00eed\u00ee Kurd\u00ee z\u00ee eyn\u00ee mesele ra Wan ra \u00eenz\u00eeva ra veto \u00fb sirgun bi Burdur kerdo. Bed\u00eeuzzeman al\u00eemeko p\u00eel, saleh \u00fb muteq\u00ee yo. Roj\u00ea yi bi wendi\u015f, \u00eebadet \u00fb z\u00eek\u00eer v\u00eeyereno. Helbet semed\u00ea no qeyde yew cuye z\u00ee b\u00eaveng\u00ee \u00fb sukunet lazim o. In\u00ea ra z\u00ee ge ge taleban\u00ea xo geno \u00fb \u015fino koyan. Semedo ke koy\u00ee h\u00eena b\u00eaveng \u00ee.<\/p>\n<p>Yew roj reyna \u00c7ewl\u00eegij\u00ee def \u00fb zirna nan\u00ea ro \u00fb gowend gen\u00ea.\u00a0 Xora gowendker\u00ee wexto ke def \u00fb zirna cen\u00eeya xo ra v\u00eeyeren\u00ea kewen\u00ea trans. Qir\u00ee v\u00eer\u00eey\u00ea yin heme ca gena \u00fb \u015far\u00ea o memlek\u00eat\u00ee ser o yen\u00ea peser. Helbet veng\u00ea verardijan \u00fb def \u00fb zirna heta keyey\u00ea \u00a0Bed\u00eeuzzeman Se\u00eed\u00ee Kurd\u00ee \u015fino. Tay\u00ee talebey\u00ea yi qerq\u00eel\u00eeyen\u00ea \u00fb van\u00ea Ustad beno rehetsiz. \u015e\u00een\u00ee ver\u00ee Ustad\u00ee, van\u00ea:<\/p>\n<p>-Ustadim eke ti ben\u00ea rehetsiz ma \u015fu meverdi def \u00fb zirna bicen\u00ee.<\/p>\n<p>Bed\u00eeuzzeman Se\u00eed\u00ee Kurd\u00ee talebeyan\u00ea xo ra vano:<\/p>\n<p>-N\u00ea merdim\u00ee semed\u00ea yew dewaya p\u00eel sirgun b\u00ee. Gan\u00ee serey\u00ea yin tim berz bo. Gani mil\u00ea yin ver\u015f\u00eeyaye n\u00eabo. In\u00ea ra gowend semed\u00ea yin muh\u00eem a. Wa gowend\u00ea xo bikir\u00ee. Esla \u015fima tiye n\u00eadan\u00ee.<\/p>\n<p>&nbsp;<\/p>\n","protected":false},"excerpt":{"rendered":"<p>BED\u00ce\u00dbZZEMAN SE\u00ceD\u00ca KURD\u00ce \u00db \u00c7EWL\u00ceGIJ\u00ce N. CELAL\u00ce Tar\u00eeh\u00ea 1925 semed\u00ea ma \u00c7ewl\u00eegijan yew m\u00eelad o. M\u00eeyan\u00ea \u015far\u00ea ma de bi c\u00eeya c\u00eeya nameyan yeno ifade kerdi\u015f. Mavaji &#8220;meseley\u00ea \u015fex se\u00eed&#8221;, &#8220;meseley\u00ea \u015fexun&#8221;, &#8220;serr\u00ea sare wedarti\u015f\u00ee&#8221; \u00fb &#8221; meseley\u00ea ma \u00fb Kemal\u00ee&#8221;, \u00eenan ra \u00e7end heb\u00ee y\u00ea. Helbet na mesela dima zaf hed\u00eesey\u00ea giran amey\u00ee meydan(qewim\u00eeyay\u00ee). &hellip;<\/p>\n","protected":false},"author":13,"featured_media":1444,"comment_status":"closed","ping_status":"open","sticky":false,"template":"","format":"standard","meta":{"footnotes":""},"categories":[1],"tags":[],"class_list":["post-1443","post","type-post","status-publish","format-standard","has-post-thumbnail","","category-gen"],"_links":{"self":[{"href":"https:\/\/www.kirdki.com\/index.php?rest_route=\/wp\/v2\/posts\/1443","targetHints":{"allow":["GET"]}}],"collection":[{"href":"https:\/\/www.kirdki.com\/index.php?rest_route=\/wp\/v2\/posts"}],"about":[{"href":"https:\/\/www.kirdki.com\/index.php?rest_route=\/wp\/v2\/types\/post"}],"author":[{"embeddable":true,"href":"https:\/\/www.kirdki.com\/index.php?rest_route=\/wp\/v2\/users\/13"}],"replies":[{"embeddable":true,"href":"https:\/\/www.kirdki.com\/index.php?rest_route=%2Fwp%2Fv2%2Fcomments&post=1443"}],"version-history":[{"count":2,"href":"https:\/\/www.kirdki.com\/index.php?rest_route=\/wp\/v2\/posts\/1443\/revisions"}],"predecessor-version":[{"id":2982,"href":"https:\/\/www.kirdki.com\/index.php?rest_route=\/wp\/v2\/posts\/1443\/revisions\/2982"}],"wp:featuredmedia":[{"embeddable":true,"href":"https:\/\/www.kirdki.com\/index.php?rest_route=\/wp\/v2\/media\/1444"}],"wp:attachment":[{"href":"https:\/\/www.kirdki.com\/index.php?rest_route=%2Fwp%2Fv2%2Fmedia&parent=1443"}],"wp:term":[{"taxonomy":"category","embeddable":true,"href":"https:\/\/www.kirdki.com\/index.php?rest_route=%2Fwp%2Fv2%2Fcategories&post=1443"},{"taxonomy":"post_tag","embeddable":true,"href":"https:\/\/www.kirdki.com\/index.php?rest_route=%2Fwp%2Fv2%2Ftags&post=1443"}],"curies":[{"name":"wp","href":"https:\/\/api.w.org\/{rel}","templated":true}]}}