{"id":1436,"date":"2013-07-14T18:46:29","date_gmt":"2013-07-14T15:46:29","guid":{"rendered":"http:\/\/www.kirdki.com\/?p=1436"},"modified":"2020-03-25T19:35:27","modified_gmt":"2020-03-25T16:35:27","slug":"zore-dewlet","status":"publish","type":"post","link":"https:\/\/www.kirdki.com\/?p=1436","title":{"rendered":"Zor\u00ea Dewlet"},"content":{"rendered":"<p align=\"center\">ZOR\u00ca DEWLET<\/p>\n<p align=\"right\"><em><strong>N.CELAL\u00ce<\/strong><\/em><\/p>\n<p>Fek\u00ea \u00c7ewl\u00eegi de \u00e7iy\u00ea ke yen\u00ea \u015fimiti\u015f bi kar\u00ea \u201cwerdi\u015f\u201d ifade ben\u00ea. Mavaji \u00e7ewl\u00eegij\u00ee awe n\u00ea\u015fim\u00ean\u00ea, awe wen\u00ea. Eyn\u00ee kar semede reqa \u00fb \u015ferab z\u00ee yeno \u015fuxulnayi\u015f. Helbet gorey\u00ea bawer\u00eey\u00ea \u00ceslam\u00ee \u201creqa \u00fb \u015ferab werdi\u015f\u201d, karo ke xirab o. Na r\u00ea fek\u00ea \u00c7ewl\u00eegi de kes\u00ea ke \u201creqa \u00fb \u015ferab wen\u00ea\u201d p\u00ea kel\u00eeman\u00ea pejorat\u00eefan ifade ben\u00ea. Kel\u00eemaya tewr vengdaye \u201cka\u015fka\u015f\u00e7\u00ee\u201d ya. \u00a0Sewb\u00eena z\u00ee no derheqi de zaf \u00e7ekuy\u00ea pejoratif est\u00ea. Mavaji \u201creqawer\u201d, \u201c\u015ferabwer\u201d \u00eenan ra di heb\u00ea y\u00ea.<\/p>\n<p>\u00c7ewl\u00eegi de \u201cka\u015fka\u015f\u00e7i\u201d, \u00a0\u201creqawer\u201d\u00a0 \u00fb\u00a0 \u201c\u015ferabwer\u00ee\u201d miyan\u00ea \u015far\u00ee de e\u015fkera no kar n\u00eaken\u00ea. No kar karo ke nimtik o. Xususan bin\u00ea perj\u00eenan \u00fb miyan\u00ea birran cay\u00ea ke tewr terc\u00eeh ben\u00ea y\u00ea. Ne ke teyne \u00c7ewl\u00eegi de Sewregi de z\u00ee kes\u00ea ke reqa ka\u015fken\u00ea, \u015farmi \u00fb ters\u00ea \u015far\u00ee ver \u015fin\u00ea teber\u00ea bajar\u00ee de xo r\u00ea yew cayo dalde v\u00eenen\u00ea \u00fb uca de reqa ka\u015fken\u00ea. Zaf\u00ea \u015far\u00eestanan\u00ea kurdan de hal\u00a0 w\u00eena yo. Na mesela ser zaf yar\u00ee \u00fb xenek est\u00ea. \u00cenan ra yew bi vati\u015f\u00ea Fer\u00eede Sewregij c\u00ear de ya.<\/p>\n<p>Rojek reyna tan\u00ee xort\u00ea Sewregi \u015fin\u00ea xo r\u00ea cayeko ba\u015f v\u00eenen\u00ea \u00fb sifrey\u00ea xo raken\u00ea, hed\u00ee hed\u00ee bi keyf \u00fb xenek dest bi ka\u015fkerdi\u015f ken\u00ea. A hel z\u00ee yew kalo dewiji z\u00ee uca ra viyereno. Hamnan o \u00fb hewa zaf germ o ke bi vati\u015f\u00ea ver\u00eenan meli q\u00eejeno. Kalo dewij nat \u00fb wet\u00ee ewn\u00eeyeno ke heney\u00eak\u00ee aw peyda biko ke tey\u015fan\u00eey\u00ea xo bi\u015fikno. \u00c7i heyf ke wit\u00ea aw \u00e7in a.<\/p>\n<p>Ewn\u00eeyeno ke tan\u00ee xort\u00ee bin\u00ea yew dare de virs\u00eey\u00ea de hew\u00ea xo an\u00ea. Vano hela ez n\u00ea qijan ra pers\u00ee gelo aw\u00ea yin esta. Dano piro \u00a0\u015fino ver\u00ea xortan \u00fb vano:<\/p>\n<p>-Selam\u00fbn Aleykum<\/p>\n<p>-Aleyk\u00fbm Selam<\/p>\n<p>-Gel\u00ea xortan ez\u00a0 zaf \u00a0biya tey\u015fan, gelo aw\u00ea \u015fima esta, \u015fima bide mi?<\/p>\n<p>Xort\u00ee ewn\u00eeyen\u00ea yewb\u00eenan \u00fb yew xorto nehs vano:<\/p>\n<p>-Bel\u00ea dato aw\u00ea ma esta.<\/p>\n<p>\u00db yew \u015fu\u015fey\u00ea reqa het\u00ea dat\u00eeya keno derg. Dati z\u00ee hend b\u00eeyo tey\u015fan ke \u015fu\u015fe yew fir de ka\u015fkeno. Vano:<\/p>\n<p>-Gel\u00ea xortan aw\u00ea \u015fima bin\u00ea\u00a0 tal a. La reyna ez zaf te\u015fekur kena. Mi tey\u015fan\u00eeya xo \u015fikit.<\/p>\n<p>Mereq keno perseno:<\/p>\n<p>-Qij\u00ean\u00ee, \u015fima bi keyf\u00ea xo na awe \u015fimen\u00ea ya \u015fima bi zor\u00ea dewlet \u015fimen\u00ea.<\/p>\n<p>Xort\u00ee po\u015fmiry\u00ean\u00ea \u00fb van\u00ea:<\/p>\n<p>-Dato ma bi zor\u00ea dewlet ka\u015fken\u00ea.<\/p>\n","protected":false},"excerpt":{"rendered":"<p>ZOR\u00ca DEWLET N.CELAL\u00ce Fek\u00ea \u00c7ewl\u00eegi de \u00e7iy\u00ea ke yen\u00ea \u015fimiti\u015f bi kar\u00ea \u201cwerdi\u015f\u201d ifade ben\u00ea. Mavaji \u00e7ewl\u00eegij\u00ee awe n\u00ea\u015fim\u00ean\u00ea, awe wen\u00ea. Eyn\u00ee kar semede reqa \u00fb \u015ferab z\u00ee yeno \u015fuxulnayi\u015f. Helbet gorey\u00ea bawer\u00eey\u00ea \u00ceslam\u00ee \u201creqa \u00fb \u015ferab werdi\u015f\u201d, karo ke xirab o. Na r\u00ea fek\u00ea \u00c7ewl\u00eegi de kes\u00ea ke \u201creqa \u00fb \u015ferab wen\u00ea\u201d p\u00ea kel\u00eeman\u00ea &hellip;<\/p>\n","protected":false},"author":13,"featured_media":0,"comment_status":"closed","ping_status":"open","sticky":false,"template":"","format":"standard","meta":{"footnotes":""},"categories":[1],"tags":[],"class_list":["post-1436","post","type-post","status-publish","format-standard","","category-gen"],"_links":{"self":[{"href":"https:\/\/www.kirdki.com\/index.php?rest_route=\/wp\/v2\/posts\/1436","targetHints":{"allow":["GET"]}}],"collection":[{"href":"https:\/\/www.kirdki.com\/index.php?rest_route=\/wp\/v2\/posts"}],"about":[{"href":"https:\/\/www.kirdki.com\/index.php?rest_route=\/wp\/v2\/types\/post"}],"author":[{"embeddable":true,"href":"https:\/\/www.kirdki.com\/index.php?rest_route=\/wp\/v2\/users\/13"}],"replies":[{"embeddable":true,"href":"https:\/\/www.kirdki.com\/index.php?rest_route=%2Fwp%2Fv2%2Fcomments&post=1436"}],"version-history":[{"count":2,"href":"https:\/\/www.kirdki.com\/index.php?rest_route=\/wp\/v2\/posts\/1436\/revisions"}],"predecessor-version":[{"id":2984,"href":"https:\/\/www.kirdki.com\/index.php?rest_route=\/wp\/v2\/posts\/1436\/revisions\/2984"}],"wp:attachment":[{"href":"https:\/\/www.kirdki.com\/index.php?rest_route=%2Fwp%2Fv2%2Fmedia&parent=1436"}],"wp:term":[{"taxonomy":"category","embeddable":true,"href":"https:\/\/www.kirdki.com\/index.php?rest_route=%2Fwp%2Fv2%2Fcategories&post=1436"},{"taxonomy":"post_tag","embeddable":true,"href":"https:\/\/www.kirdki.com\/index.php?rest_route=%2Fwp%2Fv2%2Ftags&post=1436"}],"curies":[{"name":"wp","href":"https:\/\/api.w.org\/{rel}","templated":true}]}}