{"id":1389,"date":"2013-06-30T17:27:56","date_gmt":"2013-06-30T14:27:56","guid":{"rendered":"http:\/\/www.kirdki.com\/?p=1389"},"modified":"2020-03-25T19:35:30","modified_gmt":"2020-03-25T16:35:30","slug":"hollanda-de-panele-kirdki","status":"publish","type":"post","link":"https:\/\/www.kirdki.com\/?p=1389","title":{"rendered":"Hollanda De Panel\u00ea Kirdk\u00ee"},"content":{"rendered":"<p><a href=\"http:\/\/www.kirdki.com\/wp-content\/uploads\/2013\/06\/panelkirdki2.jpg\"><img loading=\"lazy\" decoding=\"async\" class=\"size-full wp-image-1390 aligncenter\" alt=\"Rollei Digital Camera\" src=\"http:\/\/www.kirdki.com\/wp-content\/uploads\/2013\/06\/panelkirdki2.jpg\" width=\"477\" height=\"356\" srcset=\"https:\/\/www.kirdki.com\/wp-content\/uploads\/2013\/06\/panelkirdki2.jpg 477w, https:\/\/www.kirdki.com\/wp-content\/uploads\/2013\/06\/panelkirdki2-300x223.jpg 300w\" sizes=\"auto, (max-width: 477px) 100vw, 477px\" \/><\/a><\/p>\n<p style=\"text-align: center;\"><strong>Hollanda de panel\u00ea \u201cTar\u00eex de cay\u00ee kirdan \u00fb rew\u015fa \u00eenan ya ewroy\u00een\u201d viraz\u00eeya<\/strong><\/p>\n<p style=\"text-align: right;\"><strong>Sey\u00eedxan Kurij &#8211; Denhaag<\/strong><\/p>\n<p>&nbsp;<\/p>\n<p>16\u00ee a\u0219m\u00ea Hez\u00eeran de bajar\u00ee\u00a0 Hollanda Denhaag de bi namey\u00ee \u201cTar\u00eex de cay\u00ee kirdan (zazayan) \u00fb rew\u015fa \u00eenan ya ewroy\u00een\/Tar\u00eex\u00ee nu\u015fti\u015f\u00ee kirdk\u00ee (zazak\u00ee) \u00fb xebat\u00ee standard\u00eezekerdi\u015f\u00ee &#8221; yew panel viraz\u00eeya.<\/p>\n<p>&nbsp;<\/p>\n<p>Na panel het\u00ee tems\u00eelkar\u00eey\u00ea kovara \u201cVate\u201d y\u00ea Hollanda \u00fb Ko\u00e7\u2013Kak ra ameb\u00ee hedre kerdi\u0219. Moderator\u00eeye panel\u00ee tems\u00eelkar\u00ee Vate y\u00ea Hollanda Ferhat Bo\u0219kan kerd.<\/p>\n<p>Panel de Sey\u00eedxan Kurij \u201cTar\u00eex de cay\u00ee kirdan (zazayan) \u00fb rew\u015fa \u00eenan ya ewroy\u00een\u201d sero,<\/p>\n<p>Mehmed Sel\u00eem Uzun \u201cTar\u00eex\u00ee nu\u015fti\u015f\u00ee kirdk\u00ee (zazak\u00ee) \u00fb xebat\u00ee standard\u00eezekerdi\u015f\u00ee\u201d sero qis\u00ea kerd.<\/p>\n<p>&nbsp;<\/p>\n<p>Qis\u00eakerdi\u0219\u00ee akerdi\u0219\u00ee panel a pey, Sey\u00eedxan Kurij ver\u00ee xo namekerdi\u0219\u00ee kirdan sero, dima z\u00ee \u00e7imeyan\u00ee tar\u00eex de \u0219uxulnayi\u0219\u00ee qalan\u00ee kird, kirmanc, dimil\u00ee \u00fb zaza sero malumat da go\u0219daran. Sey\u00eedxan Kurij va, tar\u00eex de heme \u00e7imey\u00ee ewrop\u00ee, y\u00ea ereban \u00fb osman\u00eeyan wexto ke behs\u00ea \u201ckird, kirmanc, dimil\u00ee \u00fb zaza\u201d ken\u00ee, ziwan\u00ee \u00eenan sey yew leh\u00e7ey\u00ee kurd\u00ee \u00fb \u00eenan z\u00ee kurd hesibnen\u00ee.<\/p>\n<p>&nbsp;<\/p>\n<p>Sey\u00eedxan Kurij cuwa pey alaqayan\u00ee kirdan \u00fb kurmancan sero, Hereketa Azad\u00eeya Kurd\u00eestan de rol\u00ee kirdan sero, cayo ke ewro kird tede ciw\u00eeyen\u00ee, yan\u00ee cografyaya kirdan sero \u00fb e\u0219\u00eeret\u00ee ke hem kurmanc\u00ee hem z\u00ee kirdk\u00ee qis\u00ea ken\u00ee sero malumat da.<\/p>\n<p>No derheq de Sey\u00eedxan va, \u201cTar\u00eex de ma qet ra\u0219t\u00ee yew koxeyo beyntar\u00ea kirdan \u00fb kirmancan n\u00een\u00ee, la heme serewedarti\u0219an\u00ee kurdan de kird est\u00ee \u00fb zafan\u00ea \u00eenan de z\u00ee yew cayo muh\u00eem gen\u00ee. Anc\u00ee hereketa entelektuel\u00ee ya seserre v\u00eestan de ro\u0219nv\u00eer\u00ee kirdan zaf akt\u00eef b\u00eey \u00fb ewro z\u00ee akt\u00eef \u00ee\u201d<\/p>\n<p><a href=\"http:\/\/www.kirdki.com\/wp-content\/uploads\/2013\/06\/panelkirdki3.jpg\"><img loading=\"lazy\" decoding=\"async\" class=\"size-full wp-image-1391 aligncenter\" alt=\"Rollei Digital Camera\" src=\"http:\/\/www.kirdki.com\/wp-content\/uploads\/2013\/06\/panelkirdki3.jpg\" width=\"476\" height=\"357\" srcset=\"https:\/\/www.kirdki.com\/wp-content\/uploads\/2013\/06\/panelkirdki3.jpg 476w, https:\/\/www.kirdki.com\/wp-content\/uploads\/2013\/06\/panelkirdki3-300x225.jpg 300w\" sizes=\"auto, (max-width: 476px) 100vw, 476px\" \/><\/a><\/p>\n<p>Qis\u00eakerdi\u0219\u00ee Sey\u00eedxan`a pey Mehmed Sel\u00eem Uzun ver\u00ee metnan\u00ee ver\u00eanan y\u00ea kirdk\u00ee sero \u00fb di mewlud\u00ee ke serey\u00ee serran\u00ee 1900 de amey\u00ee nu\u0219ti\u0219 sero malumat da, cuwa pey behs\u00ea nu\u0219ti\u0219\u00ee kirdk\u00ee y\u00ea 1963 ra pey kerd. M. Sel\u00eem Uzun taybet\u00ee hewt mewl\u00fbd ke bi kirdk\u00ee amey\u00ee nu\u0219ti\u0219 sero malumato h\u00eera da. Sel\u00eem muh\u00eem\u00ea standartkerdi\u0219\u00ee kirdk\u00ee sero vindert \u00fb no derheq de behs\u00ea xebat\u00ea Gruba Xebat ya Vate kerd. M. Sel\u00eem bi Pawor Po\u00eent xebat\u00ea Gruba Vate \u00fb komb\u00eeyayi\u0219an\u00ee Gruba Vate sero bi resiman malumat da go\u0219daran.<\/p>\n<p>&nbsp;<\/p>\n<p>Qis\u00eakerdi\u0219\u00ee panel\u00eestana pey, go\u0219daran persan pers kerd\u00ee \u00fb no derheq de v\u00eenay\u00ea xo ard\u00ee ziwan. M\u00eeyan\u00ee go\u0219daran de zaf qis\u00eakerdox\u00ee kurmanc\u00ee z\u00ee b\u00eey.<\/p>\n<p><a href=\"http:\/\/www.kirdki.com\/wp-content\/uploads\/2013\/06\/panelkirdki.jpg\"><img loading=\"lazy\" decoding=\"async\" class=\"size-full wp-image-1392 aligncenter\" alt=\"Rollei Digital Camera\" src=\"http:\/\/www.kirdki.com\/wp-content\/uploads\/2013\/06\/panelkirdki.jpg\" width=\"476\" height=\"357\" srcset=\"https:\/\/www.kirdki.com\/wp-content\/uploads\/2013\/06\/panelkirdki.jpg 476w, https:\/\/www.kirdki.com\/wp-content\/uploads\/2013\/06\/panelkirdki-300x225.jpg 300w\" sizes=\"auto, (max-width: 476px) 100vw, 476px\" \/><\/a><\/p>\n<p>Sey\u00eedxan Kurij t\u00eeya de k\u00eetab\u00ee xo yo bi namey\u00ee \u201c Hereketa \u0218\u00eax Se\u00eed- Bi vat\u00ea \u0219ahadan\u201d semed\u00ea wendoxana \u00eemza kerd.<\/p>\n<p>&nbsp;<\/p>\n<p>&nbsp;<\/p>\n<p>&nbsp;<\/p>\n<p>&nbsp;<\/p>\n<p>&nbsp;<\/p>\n","protected":false},"excerpt":{"rendered":"<p>Hollanda de panel\u00ea \u201cTar\u00eex de cay\u00ee kirdan \u00fb rew\u015fa \u00eenan ya ewroy\u00een\u201d viraz\u00eeya Sey\u00eedxan Kurij &#8211; Denhaag &nbsp; 16\u00ee a\u0219m\u00ea Hez\u00eeran de bajar\u00ee\u00a0 Hollanda Denhaag de bi namey\u00ee \u201cTar\u00eex de cay\u00ee kirdan (zazayan) \u00fb rew\u015fa \u00eenan ya ewroy\u00een\/Tar\u00eex\u00ee nu\u015fti\u015f\u00ee kirdk\u00ee (zazak\u00ee) \u00fb xebat\u00ee standard\u00eezekerdi\u015f\u00ee &#8221; yew panel viraz\u00eeya. &nbsp; Na panel het\u00ee tems\u00eelkar\u00eey\u00ea kovara \u201cVate\u201d &hellip;<\/p>\n","protected":false},"author":1,"featured_media":1390,"comment_status":"closed","ping_status":"open","sticky":false,"template":"","format":"standard","meta":{"footnotes":""},"categories":[52],"tags":[],"class_list":["post-1389","post","type-post","status-publish","format-standard","has-post-thumbnail","","category-kultur"],"_links":{"self":[{"href":"https:\/\/www.kirdki.com\/index.php?rest_route=\/wp\/v2\/posts\/1389","targetHints":{"allow":["GET"]}}],"collection":[{"href":"https:\/\/www.kirdki.com\/index.php?rest_route=\/wp\/v2\/posts"}],"about":[{"href":"https:\/\/www.kirdki.com\/index.php?rest_route=\/wp\/v2\/types\/post"}],"author":[{"embeddable":true,"href":"https:\/\/www.kirdki.com\/index.php?rest_route=\/wp\/v2\/users\/1"}],"replies":[{"embeddable":true,"href":"https:\/\/www.kirdki.com\/index.php?rest_route=%2Fwp%2Fv2%2Fcomments&post=1389"}],"version-history":[{"count":2,"href":"https:\/\/www.kirdki.com\/index.php?rest_route=\/wp\/v2\/posts\/1389\/revisions"}],"predecessor-version":[{"id":2985,"href":"https:\/\/www.kirdki.com\/index.php?rest_route=\/wp\/v2\/posts\/1389\/revisions\/2985"}],"wp:featuredmedia":[{"embeddable":true,"href":"https:\/\/www.kirdki.com\/index.php?rest_route=\/wp\/v2\/media\/1390"}],"wp:attachment":[{"href":"https:\/\/www.kirdki.com\/index.php?rest_route=%2Fwp%2Fv2%2Fmedia&parent=1389"}],"wp:term":[{"taxonomy":"category","embeddable":true,"href":"https:\/\/www.kirdki.com\/index.php?rest_route=%2Fwp%2Fv2%2Fcategories&post=1389"},{"taxonomy":"post_tag","embeddable":true,"href":"https:\/\/www.kirdki.com\/index.php?rest_route=%2Fwp%2Fv2%2Ftags&post=1389"}],"curies":[{"name":"wp","href":"https:\/\/api.w.org\/{rel}","templated":true}]}}