{"id":1386,"date":"2013-06-30T17:23:54","date_gmt":"2013-06-30T14:23:54","guid":{"rendered":"http:\/\/www.kirdki.com\/?p=1386"},"modified":"2020-03-25T19:35:30","modified_gmt":"2020-03-25T16:35:30","slug":"cewlig-de-rojnameyo-heremi-ra-manseto-balkes","status":"publish","type":"post","link":"https:\/\/www.kirdki.com\/?p=1386","title":{"rendered":"\u00c7ewl\u00eeg De Rojnameyo Herem\u00ee Ra Man\u015f\u00eato Balk\u00ea\u015f"},"content":{"rendered":"<p>&nbsp;<\/p>\n<p><a href=\"http:\/\/www.kirdki.com\/wp-content\/uploads\/2013\/06\/bingolhaber.jpg\"><img loading=\"lazy\" decoding=\"async\" class=\"size-full wp-image-1387 aligncenter\" alt=\"bingolhaber\" src=\"http:\/\/www.kirdki.com\/wp-content\/uploads\/2013\/06\/bingolhaber.jpg\" width=\"208\" height=\"290\" \/><\/a><\/p>\n<p>\u00c7ewl\u00eeg de rojnameyo herem\u00ee ra man\u015f\u00eato balk\u00ea\u015f.<\/p>\n<p>\u00c7ewl\u00eeg de rojnameyo herem\u00ee B\u00eengolHaber12 bi yew man\u015feto balk\u00ea\u015f vej\u00eeya. Man\u015fet bi h\u00eer\u00ea ziwanan ameyo nu\u015fti\u015f. Kirdk\u00ee, tirk\u00ee \u00fb \u00eeng\u00eel\u00eezk\u00ee.<\/p>\n<p>Xebere de wina vano: Yo a\u015fmo awk nina!&#8230;<\/p>\n<p>There is no water from a month!..<\/p>\n<p>1 ayd\u0131r su akm\u0131yor!..<\/p>\n<p>\u015ear\u00ea taxan\u00ea M\u00eerzan, Kultur(Afatun), Kale\u00f6n\u00fc(Sim\u00fbn\u00ee), \u0130nal\u0131(\u00cenal\u00fb), Yeni\u015fehir, Ye\u015filyurt(Qibris), Kar\u015f\u0131yaka, R.Tayyib Erdo\u011fan, \u015e.Mustafa G\u00fcndo\u011fdu, Saray \u00fb \u0130n\u00f6n\u00fc awe wazen\u00ee.<\/p>\n<p>\u015eari mehlun awk wazen!..<\/p>\n<p>Residents of the neigborhood want water!..<\/p>\n<p>\u00c7ime:\u00a0<a href=\"http:\/\/www.bingolhaber12.com\/gundem\/yo-asmo-awk-nina-h4720.html\">http:\/\/www.bingolhaber12.com\/gundem\/yo-asmo-awk-nina-h4720.html<\/a><\/p>\n","protected":false},"excerpt":{"rendered":"<p>&nbsp; \u00c7ewl\u00eeg de rojnameyo herem\u00ee ra man\u015f\u00eato balk\u00ea\u015f. \u00c7ewl\u00eeg de rojnameyo herem\u00ee B\u00eengolHaber12 bi yew man\u015feto balk\u00ea\u015f vej\u00eeya. Man\u015fet bi h\u00eer\u00ea ziwanan ameyo nu\u015fti\u015f. Kirdk\u00ee, tirk\u00ee \u00fb \u00eeng\u00eel\u00eezk\u00ee. Xebere de wina vano: Yo a\u015fmo awk nina!&#8230; There is no water from a month!.. 1 ayd\u0131r su akm\u0131yor!.. \u015ear\u00ea taxan\u00ea M\u00eerzan, Kultur(Afatun), Kale\u00f6n\u00fc(Sim\u00fbn\u00ee), \u0130nal\u0131(\u00cenal\u00fb), Yeni\u015fehir, Ye\u015filyurt(Qibris), &hellip;<\/p>\n","protected":false},"author":1,"featured_media":1387,"comment_status":"closed","ping_status":"open","sticky":false,"template":"","format":"standard","meta":{"footnotes":""},"categories":[1],"tags":[],"class_list":["post-1386","post","type-post","status-publish","format-standard","has-post-thumbnail","","category-gen"],"_links":{"self":[{"href":"https:\/\/www.kirdki.com\/index.php?rest_route=\/wp\/v2\/posts\/1386","targetHints":{"allow":["GET"]}}],"collection":[{"href":"https:\/\/www.kirdki.com\/index.php?rest_route=\/wp\/v2\/posts"}],"about":[{"href":"https:\/\/www.kirdki.com\/index.php?rest_route=\/wp\/v2\/types\/post"}],"author":[{"embeddable":true,"href":"https:\/\/www.kirdki.com\/index.php?rest_route=\/wp\/v2\/users\/1"}],"replies":[{"embeddable":true,"href":"https:\/\/www.kirdki.com\/index.php?rest_route=%2Fwp%2Fv2%2Fcomments&post=1386"}],"version-history":[{"count":2,"href":"https:\/\/www.kirdki.com\/index.php?rest_route=\/wp\/v2\/posts\/1386\/revisions"}],"predecessor-version":[{"id":2986,"href":"https:\/\/www.kirdki.com\/index.php?rest_route=\/wp\/v2\/posts\/1386\/revisions\/2986"}],"wp:featuredmedia":[{"embeddable":true,"href":"https:\/\/www.kirdki.com\/index.php?rest_route=\/wp\/v2\/media\/1387"}],"wp:attachment":[{"href":"https:\/\/www.kirdki.com\/index.php?rest_route=%2Fwp%2Fv2%2Fmedia&parent=1386"}],"wp:term":[{"taxonomy":"category","embeddable":true,"href":"https:\/\/www.kirdki.com\/index.php?rest_route=%2Fwp%2Fv2%2Fcategories&post=1386"},{"taxonomy":"post_tag","embeddable":true,"href":"https:\/\/www.kirdki.com\/index.php?rest_route=%2Fwp%2Fv2%2Ftags&post=1386"}],"curies":[{"name":"wp","href":"https:\/\/api.w.org\/{rel}","templated":true}]}}