{"id":1382,"date":"2013-06-30T17:20:29","date_gmt":"2013-06-30T14:20:29","guid":{"rendered":"http:\/\/www.kirdki.com\/?p=1382"},"modified":"2020-03-25T19:35:30","modified_gmt":"2020-03-25T16:35:30","slug":"kerra-sina-sere-quci","status":"publish","type":"post","link":"https:\/\/www.kirdki.com\/?p=1382","title":{"rendered":"Kerra \u015eina Ser\u00ea Q\u00fb\u00e7\u00ee"},"content":{"rendered":"<p><a href=\"http:\/\/www.kirdki.com\/wp-content\/uploads\/2013\/06\/unlem1.jpg\">\u00a0<\/a><\/p>\n<p style=\"text-align: center;\"><strong>Kerra \u015eina Ser\u00ea Q\u00fb\u00e7\u00ee<\/strong><\/p>\n<p>\u00a0 \u00a0 \u00a0 \u00a0Vat\u00een wext\u00ea ver\u00ee de kam\u00ee miyan\u00ea qewm\u00ea xo de p\u00ea ziwano xer\u00eeb xeber\u00ee bid\u00ean vat\u00een no merdim meqbul niyo. Ziwano ke Huma Tealay\u00ee ey r\u00ea vira\u015fto qebul n\u00eakeno, p\u00ea n\u00ea\u015fikiryeno, \u015fino y\u00ea b\u00een\u00ee geno. P\u00ea nay\u00ea z\u00ee wasifyeno \u00fb vano ez ha ziwan\u00eako newe qal\u00ee kena. \u00c7iyo ke ma fam kerdo \u00fb heta nika ma zan\u00ea, Humay\u00ee biwa\u015ft\u00eane e\u015fk\u00eane piyor\u00ea \u00eensanan yew ziwan de bivirazo. Semedo ke ezamet\u00ea xo, quwet\u00ea xo, h\u00eekmet\u00ea vira\u015fti\u015f\u00ea ziwanan bimojno qulan\u00ea xo r\u00ea, ciya ciya ziwan\u00ee xelq kerd\u00ee. \u00censan z\u00ee p\u00ea vira\u015ftey\u00ea Humay\u00ee gera raz\u00ee bo, xo as\u00ee n\u00eakero. No rid ra van\u00ee yew merdim ziwan\u00ea xo qebul n\u00eakero seke vira\u015ftey\u00ea Humay\u00ee qebul n\u00eakerdo \u00fb no rid ra z\u00ee beno as\u00ee. Tay est\u00ea ziwan\u00ea ma yo ke Humay\u00ee q\u00ea ma ya teqd\u00eer kerdo \u00ea xirab v\u00eenen\u00ea yan z\u00ee q\u00eemet ci n\u00eadan\u00ea, ziwan\u00ea xo pawiti\u015f \u00fb averberdi\u015f\u00ee z\u00ee ser\u00ea her \u00e7\u00ee ya tepi\u015fen\u00ea. Yew hete ra z\u00ee \u015far\u00ea ma semed\u00ea xizmet\u00ea ziwan\u00ea xo ya xebitn\u00ean\u00ee. \u015ear\u00ea ma yo b\u00eawayir z\u00ee semed\u00ea aver\u015f\u00eeyay\u00ee\u015f\u00ea ziwan\u00ea \u00eenan ked dano, pere xerc keno. N\u00ea \u00eensan\u00ee ma pereyo ke semed\u00ea ziwan\u00ea \u015far\u00ee ya xerc ken\u00ea, semed\u00ea ziwan\u00ea bawkalan\u00ea xo xerc n\u00eaken\u00ea. Gelo wicax \u015far\u00ee biyo kor \u015fima \u015fin\u00ea wayir\u00eey\u00ea ziwan\u00ea xer\u00eeban ken\u00ea?<\/p>\n<p>Van\u00ea arif r\u00ea tar\u00eef lazim n\u00eeyo. Ma van\u00ea merdimo ke arif bo fam keno ke ma h\u00ea van\u00ea se. Ziwan\u00ea ma nika sekerat de yo, v\u00eend\u00ee beno \u015fino, n\u00ea merdim\u00ea ma yew muya beden\u00ea xo n\u00ealeqnen\u00ea. Label\u00ea semed\u00ea ziwan\u00ea \u015far\u00ee r\u00ea bi m\u00eelyaran a peran xerc ken\u00ea. N\u00ea \u00eensan\u00ea may\u00ee ke semed\u00ea ziwan\u00ea \u015far\u00ee ya m\u00eelyaran pere xerc ken\u00ea \u00fb ben\u00ea \u015fir\u00eek\u00ea n\u00ea gurey\u00ee, nam\u00ea xo z\u00ee sey yew h\u00fbner\u00ee nat \u00fb wet de aliqnen\u00ea, ti van\u00ea qey yew hunero p\u00eel kerdo. Vat\u00een laj\u00ea p\u00eer xo heteknabi, kam biam\u00ean uca ra biv\u00eeyert\u00ean seke \u00e7iyedo hol kerdo b\u00eard\u00een a p\u00ees\u00eeya xo mot\u00een ci. Na meseley\u00ea merdiman\u00ea ma z\u00ee b\u00ee, meseley\u00ea laj\u00ea p\u00eeri.<\/p>\n<p>Yew rojnameyo kirdk\u00ee esto, o z\u00ee b\u00ea\u00eemkan\u00ee ver de we\u015fan\u00ea xo vindarnayo. Cuwa ver, di hewte de hew\u00eak vec\u00eey\u00eane, nika a\u015fm de r\u00eayek vec\u00eeyeno. P\u00ea \u00e7iqas zehmet\u00ee am\u00ean\u00ee veti\u015f Huma bizano. La nata dest bi we\u015fan\u00ea xo kerd, b\u00eahuquq amebi ar\u00eaday\u00ee\u015f. \u00cenan ke tehemmul\u00ea n\u00ea rojnamey\u00ee kirdk\u00ee n\u00eakerd, \u00eenan ke \u00eemkan\u00ea \u015far\u00ea ma semed\u00ea ziwan\u00ea xo ya \u015fuxulna, \u00eenan ke b\u00eaferaset\u00eey\u00ea xo ra, xo da \u015fuxulnayi\u015f ma \u015fima hemin pabey\u00ea M\u00eer\u00ea M\u00eeran verden\u00ea.<\/p>\n<p>&nbsp;<\/p>\n<p>Bel\u00ea, ma n\u00eavan\u00ea kes wayir\u00ea ziwan\u00eak\u00ee nevejiyo. Heq a her merdim ziwan\u00ea xo bimuso, biwano \u00fb bido musnayi\u015f. Label\u00ea ziwan\u00ea merdim\u00ee vinderte bo, merdim \u015foro sob\u00eena ziwan\u00ee r\u00ea wayirt\u00ee bikero ma \u00e7im de emanet\u00ea Humay\u00ee r\u00ea b\u00eahurmet\u00ee kerda. Humay\u00ee biwa\u015ft\u00eane, o bi o ziwan z\u00ee esk\u00eane xelq bikero. La o tewir n\u00eabiyo. Madem wina xelq kerdo, merdim gera h\u00eekmet\u00ea Humay\u00ee ser \u015foro.<\/p>\n<p>&nbsp;<\/p>\n","protected":false},"excerpt":{"rendered":"<p>\u00a0 Kerra \u015eina Ser\u00ea Q\u00fb\u00e7\u00ee \u00a0 \u00a0 \u00a0 \u00a0Vat\u00een wext\u00ea ver\u00ee de kam\u00ee miyan\u00ea qewm\u00ea xo de p\u00ea ziwano xer\u00eeb xeber\u00ee bid\u00ean vat\u00een no merdim meqbul niyo. Ziwano ke Huma Tealay\u00ee ey r\u00ea vira\u015fto qebul n\u00eakeno, p\u00ea n\u00ea\u015fikiryeno, \u015fino y\u00ea b\u00een\u00ee geno. P\u00ea nay\u00ea z\u00ee wasifyeno \u00fb vano ez ha ziwan\u00eako newe qal\u00ee kena. \u00c7iyo &hellip;<\/p>\n","protected":false},"author":1,"featured_media":1383,"comment_status":"closed","ping_status":"open","sticky":false,"template":"","format":"standard","meta":{"footnotes":""},"categories":[46],"tags":[],"class_list":["post-1382","post","type-post","status-publish","format-standard","has-post-thumbnail","","category-keyepel"],"_links":{"self":[{"href":"https:\/\/www.kirdki.com\/index.php?rest_route=\/wp\/v2\/posts\/1382","targetHints":{"allow":["GET"]}}],"collection":[{"href":"https:\/\/www.kirdki.com\/index.php?rest_route=\/wp\/v2\/posts"}],"about":[{"href":"https:\/\/www.kirdki.com\/index.php?rest_route=\/wp\/v2\/types\/post"}],"author":[{"embeddable":true,"href":"https:\/\/www.kirdki.com\/index.php?rest_route=\/wp\/v2\/users\/1"}],"replies":[{"embeddable":true,"href":"https:\/\/www.kirdki.com\/index.php?rest_route=%2Fwp%2Fv2%2Fcomments&post=1382"}],"version-history":[{"count":3,"href":"https:\/\/www.kirdki.com\/index.php?rest_route=\/wp\/v2\/posts\/1382\/revisions"}],"predecessor-version":[{"id":2846,"href":"https:\/\/www.kirdki.com\/index.php?rest_route=\/wp\/v2\/posts\/1382\/revisions\/2846"}],"wp:featuredmedia":[{"embeddable":true,"href":"https:\/\/www.kirdki.com\/index.php?rest_route=\/wp\/v2\/media\/1383"}],"wp:attachment":[{"href":"https:\/\/www.kirdki.com\/index.php?rest_route=%2Fwp%2Fv2%2Fmedia&parent=1382"}],"wp:term":[{"taxonomy":"category","embeddable":true,"href":"https:\/\/www.kirdki.com\/index.php?rest_route=%2Fwp%2Fv2%2Fcategories&post=1382"},{"taxonomy":"post_tag","embeddable":true,"href":"https:\/\/www.kirdki.com\/index.php?rest_route=%2Fwp%2Fv2%2Ftags&post=1382"}],"curies":[{"name":"wp","href":"https:\/\/api.w.org\/{rel}","templated":true}]}}