{"id":1366,"date":"2013-06-30T17:07:42","date_gmt":"2013-06-30T14:07:42","guid":{"rendered":"http:\/\/www.kirdki.com\/?p=1366"},"modified":"2020-03-25T19:35:32","modified_gmt":"2020-03-25T16:35:32","slug":"dara-kirdki-yewna-vile-vet","status":"publish","type":"post","link":"https:\/\/www.kirdki.com\/?p=1366","title":{"rendered":"Dara kirdk\u00ee yewna vile vet"},"content":{"rendered":"<p>&nbsp;<\/p>\n<p><a href=\"http:\/\/www.kirdki.com\/wp-content\/uploads\/2013\/06\/kitab-eziz.jpg\"><img loading=\"lazy\" decoding=\"async\" class=\"size-full wp-image-1367 aligncenter\" alt=\"kitab eziz\" src=\"http:\/\/www.kirdki.com\/wp-content\/uploads\/2013\/06\/kitab-eziz.jpg\" width=\"236\" height=\"358\" srcset=\"https:\/\/www.kirdki.com\/wp-content\/uploads\/2013\/06\/kitab-eziz.jpg 236w, https:\/\/www.kirdki.com\/wp-content\/uploads\/2013\/06\/kitab-eziz-197x300.jpg 197w\" sizes=\"auto, (max-width: 236px) 100vw, 236px\" \/><\/a><\/p>\n<p style=\"text-align: center;\">Ez\u00eez Gul, Dalpeya Cemedyey\u00ean, We\u015fanxaneya Aram, Gulane 2013, 42 r.<\/p>\n<p>&nbsp;<\/p>\n<p>Roj bi roj ma edebiyat\u00ea xo de kitaban\u00ea neweyan v\u00eenen\u00ea. No z\u00ee h\u00eav\u00eeya ma keno zaf. Kitab\u00ea Ez\u00eez Gul bi namey\u00ea\u00a0<strong>Dalpeya Cemedyey\u00ean<\/strong>\u00a0we\u015fanxaneya Aram ra vej\u00eeya. Kitab de h\u00eeris \u00fb di heb\u00ee \u015f\u00ee\u00eer\u00ea kirdk\u00ee est\u00ea. Ez\u00eez Gul kirdan\u00ea Erxen\u00ee ra \u00fb dewa Gisto ra yo. No kitab semed\u00ea kirdk\u00eeya Erxen\u00ee yew kerraya bingeyin a. Ma h\u00eav\u00ee ken\u00ea ke sey ey h\u00eena zaf xort\u00ea ma, ciwan\u00ea ma, ziwan\u00ea ma r\u00ea xizmet biker\u00ea. N\u00ea rojan\u00ea pey\u00eanan de kirdk\u00ee de yew herik\u00eeyay\u00ee\u015f kuyeno \u00e7iman\u00ea ma ver a. Ver\u00ea c\u00fb ma vat\u00ean\u00ee ziwan\u00ea ma ho sekerate de. Label\u00ea p\u00ea n\u00ea kitaban\u00ea neweyan h\u00eav\u00eeya ma z\u00ee bena newe. Nu\u015ftox\u00ea n\u00ea kitab\u00ee p\u00ea yew vervateyo ke manaya xo zaf xor\u00ee yo dest bi \u015fi\u00ee\u00eeran\u00ea xo keno.<\/p>\n<p>No vervate ra qismek: \u201c<em>Zere, ver\u00ee xo ordeg hesebneno dim ra gird beno \u00fb ewn\u00eeyeno ke p\u00fbrt\u00ea ey ordeg n\u00eamaneno \u00fb fam keno ke kewm\u00ea (qewm) kergan ra ameyo \u00fb no halo ra\u015ft\u00eey\u00ean (ra\u015ftiq\u00een) gineno mezg\u00ea ey ro. Mezg\u00ea Zere t\u00eam\u00eeyan keweno \u00fb xo rind n\u00eahesebneno. Gedey\u00ea kurdan sey w\u00fb\u00e7ik\u00ea Zere mezg\u00ea xo de xo hes\u00eeyen\u00ea \u00fb g\u00earen\u00ea kewm (qewm) \u00fb ziwan\u00ea xo.<\/em>\u201d<\/p>\n<p>&nbsp;<\/p>\n<p>We\u015fanxaneya Aram\u00ee hew\u00ea ewil a ke kitabeko kirdk\u00ee vejena. Ma h\u00eav\u00ee ken\u00ea z\u00eade bib\u00ee \u00fb ma hewna h\u00eav\u00ee ken\u00ea ke xort\u00ea ma y\u00ea ke way\u00eer\u00ea huner \u00fb edeb\u00eeyat\u00ee y\u00ea hin\u00ee p\u00ea ziwan\u00ea xo, kitaban\u00ea xo nusen\u00ea \u00fb xo ra dim nesla ameye r\u00ea verden\u00ea.<\/p>\n<p>&nbsp;<\/p>\n<p>&nbsp;<\/p>\n<p>&nbsp;<\/p>\n<p>&nbsp;<\/p>\n","protected":false},"excerpt":{"rendered":"<p>&nbsp; Ez\u00eez Gul, Dalpeya Cemedyey\u00ean, We\u015fanxaneya Aram, Gulane 2013, 42 r. &nbsp; Roj bi roj ma edebiyat\u00ea xo de kitaban\u00ea neweyan v\u00eenen\u00ea. No z\u00ee h\u00eav\u00eeya ma keno zaf. Kitab\u00ea Ez\u00eez Gul bi namey\u00ea\u00a0Dalpeya Cemedyey\u00ean\u00a0we\u015fanxaneya Aram ra vej\u00eeya. Kitab de h\u00eeris \u00fb di heb\u00ee \u015f\u00ee\u00eer\u00ea kirdk\u00ee est\u00ea. Ez\u00eez Gul kirdan\u00ea Erxen\u00ee ra \u00fb dewa Gisto ra &hellip;<\/p>\n","protected":false},"author":1,"featured_media":1367,"comment_status":"closed","ping_status":"open","sticky":false,"template":"","format":"standard","meta":{"footnotes":""},"categories":[52],"tags":[],"class_list":["post-1366","post","type-post","status-publish","format-standard","has-post-thumbnail","","category-kultur"],"_links":{"self":[{"href":"https:\/\/www.kirdki.com\/index.php?rest_route=\/wp\/v2\/posts\/1366","targetHints":{"allow":["GET"]}}],"collection":[{"href":"https:\/\/www.kirdki.com\/index.php?rest_route=\/wp\/v2\/posts"}],"about":[{"href":"https:\/\/www.kirdki.com\/index.php?rest_route=\/wp\/v2\/types\/post"}],"author":[{"embeddable":true,"href":"https:\/\/www.kirdki.com\/index.php?rest_route=\/wp\/v2\/users\/1"}],"replies":[{"embeddable":true,"href":"https:\/\/www.kirdki.com\/index.php?rest_route=%2Fwp%2Fv2%2Fcomments&post=1366"}],"version-history":[{"count":3,"href":"https:\/\/www.kirdki.com\/index.php?rest_route=\/wp\/v2\/posts\/1366\/revisions"}],"predecessor-version":[{"id":2988,"href":"https:\/\/www.kirdki.com\/index.php?rest_route=\/wp\/v2\/posts\/1366\/revisions\/2988"}],"wp:featuredmedia":[{"embeddable":true,"href":"https:\/\/www.kirdki.com\/index.php?rest_route=\/wp\/v2\/media\/1367"}],"wp:attachment":[{"href":"https:\/\/www.kirdki.com\/index.php?rest_route=%2Fwp%2Fv2%2Fmedia&parent=1366"}],"wp:term":[{"taxonomy":"category","embeddable":true,"href":"https:\/\/www.kirdki.com\/index.php?rest_route=%2Fwp%2Fv2%2Fcategories&post=1366"},{"taxonomy":"post_tag","embeddable":true,"href":"https:\/\/www.kirdki.com\/index.php?rest_route=%2Fwp%2Fv2%2Ftags&post=1366"}],"curies":[{"name":"wp","href":"https:\/\/api.w.org\/{rel}","templated":true}]}}