{"id":1352,"date":"2013-06-30T16:54:13","date_gmt":"2013-06-30T13:54:13","guid":{"rendered":"http:\/\/www.kirdki.com\/?p=1352"},"modified":"2020-03-25T19:35:33","modified_gmt":"2020-03-25T16:35:33","slug":"ewropa-de-calakiye-kurdan","status":"publish","type":"post","link":"https:\/\/www.kirdki.com\/?p=1352","title":{"rendered":"Ewropa De \u00c7alak\u00eey\u00ea Kurdan"},"content":{"rendered":"<p><a href=\"http:\/\/www.kirdki.com\/wp-content\/uploads\/2013\/06\/kurijresim2.jpg\"><img loading=\"lazy\" decoding=\"async\" class=\"size-full wp-image-1353 aligncenter\" alt=\"kurijresim2\" src=\"http:\/\/www.kirdki.com\/wp-content\/uploads\/2013\/06\/kurijresim2.jpg\" width=\"499\" height=\"374\" srcset=\"https:\/\/www.kirdki.com\/wp-content\/uploads\/2013\/06\/kurijresim2.jpg 499w, https:\/\/www.kirdki.com\/wp-content\/uploads\/2013\/06\/kurijresim2-300x224.jpg 300w\" sizes=\"auto, (max-width: 499px) 100vw, 499px\" \/><\/a><\/p>\n<p style=\"text-align: right;\"><strong><br \/>\nSey\u00eedxan Kurij &#8211; Botrop<\/strong><\/p>\n<p>&nbsp;<\/p>\n<p><strong>\u00a0 \u00a0 \u00a0 \u00a0Mika\u00eel Aslan, Zon\u00ee ma \u0219ar\u00ee ma keyeyan\u00ee xo ra e\u0219to teber, ma wazen\u00ee pencira ra, lojine ra anc\u00ee zere kuwem\u00ee.<\/strong><\/p>\n<p>Hunermend Mika\u00eel Aslan, Cem\u00eel Qo\u00e7gir\u00ee \u00fb Kamer S\u00f6ylemez h\u00eer\u00ea a\u0219m\u00eayo ke welatan\u00ee Ewropa Almanya, Fransa, Sw\u00eesre \u00fb Avusturya de \u00e7alak\u00eeyan\u00ee h\u00fbneri virazen\u00ee. N\u00ea \u00e7alak\u00eey\u00ee bi ardim\u00ee \u00a0komel, dezgeh \u00fb r\u00eaxistinan\u00ee kurdan yen\u00ee organ\u00eeze kerdi\u0219.<\/p>\n<p>N\u00ea \u00e7alak\u00eeyan ra yew 05.05.2013 de bajar\u00ee Almanya Bottrop de viraz\u00eeyay\u00ee.\u00a0 Na \u00e7alak\u00ee bi namey\u00ee \u201cNaskerdi\u0219 day\u00eani k\u00eetab \u00fb alb\u00fbman \u00fb sohbet\u201d bi ardim\u00ee komela Hevalt\u00ee b\u00eey.<\/p>\n<p>Konsera ver\u00ee serek\u00ee Hevalt\u00ee Fetah T\u00eemar \u00fb \u0219a\u00eer Kamer S\u00f6ylemez derheq\u00ee armanc\u00ea na \u00e7alak\u00ee de agahdar\u00ee da hedreyan.<\/p>\n<p>Fetah T\u00eemar behs\u00ea hal\u00ee kurdan\u00ee d\u00eeaspora kerd \u00fb ehem\u00eeyet\u00ee wahar vec\u00eeyayi\u0219\u00ee ziwan \u00fb kultur\u00ee sero vindert. Semedo ke 4\u00ee a\u0219m\u00ea Gulan serserr\u00ea 76. y\u00ea terteley\u00ee D\u00ears\u00eem\u00ee b\u00eey, Fetah T\u00eemar terteley\u00ee D\u00earsim sero z\u00ee \u00e7end qal\u00ee vay\u00ee.<\/p>\n<p>M\u00eekail Aslan z\u00ee xebat\u00ea xo y\u00ea muz\u00eek sero \u00fb xebat\u00ea embazan\u00ee xo sero qis\u00ea kerd. Dima M\u00eeka\u00eel Aslan \u00fb Cem\u00eel Qo\u00e7gir\u00ee klam\u00ee xo y\u00ea kurmanc\u00ee \u00fb zazak\u00ee p\u00ea\u0219ke\u0219 go\u0219daran kerd\u00ee. Zaf\u00ea klaman go\u0219daran bi h\u00fbnermendan a p\u00eeya vay\u00ee. Kamer S\u00f6ylemez z\u00ee bi muz\u00eek\u00ee hunermendan \u0219\u00ee\u00eer\u00ee xo y\u00ea kirdk\u00ee pe\u0219ke\u0219 kerd\u00ee. Anc\u00ee hunermandan t\u00eeya de alb\u00fbm\u00ee xo \u00fb pirt\u00fbk\u00ee xo z\u00ee day\u00ee sinasnayi\u0219.<\/p>\n<p>Na konser tenya sey yew konsera klas\u00eek y\u00ea muz\u00eek n\u00eab\u00eey, \u00e7unke t\u00eeya de bi kesan\u00ee go\u0219darana \u00a0sohbet z\u00ee bi. Go\u0219daran hunermendan ra pers\u00ee pers kerd\u00ee \u00fb kar\u00fbbar\u00ee \u00eenan sero, muz\u00eek\u00ee \u00eenan sero v\u00eenayey\u00ee xo ard\u00ee ziwan.<\/p>\n<p>Na \u00e7alak\u00ee de n\u00ea alb\u00fbm \u00fb k\u00eetab\u00ee amey\u00ee sinasnayi\u0219:<\/p>\n<p>Alb\u00fbm\u00ee Cem\u00eel Qo\u00e7gir\u00ee &#8211; H\u00eeva Zer\u00ee<br \/>\nK\u00eetab\u00ee Kamer S\u00f6ylemez \u2013 Peya, Lawika Memik\u00ea Kulav\u00ee &#8211;<br \/>\nK\u00eetab\u00ee M\u00eekail Aslan, Mikail Aslan &#8211; Repertuar &#8211; K\u0131lam\u00ea \u00c7emi<\/p>\n<p>&nbsp;<\/p>\n<p>Ma konsera pey M\u00eekail Aslan de derheq\u00ee armanc\u00ea no projey\u00ee de qis\u00eakerd. M\u00eekail Aslan armanc\u00ea no projey\u00ee \u00eena ard ziwan, \u201c ma h\u00eer\u00ea a\u0219m\u00eayo fetilime, ma bi ardim\u00ee komel \u00fb dezgeyan\u00ee ma \u0219on\u00ee ort\u00ea \u0219ar\u00ee ma, ort\u00ea cemaat\u00ee ma. Cemaat \u0219enik bo yan z\u00ee z\u00ead bo, ma r\u00ea ferq n\u00eakeno. \u00c7unke ma wazen\u00ee senat\u00ee xo bero veri keberan\u00ee \u0219ar\u00ee xo, ver\u00ee ber\u00ee \u0219ar\u00ee xo, komelan\u00ee xo. Cemaatan\u00ee \u0219enikan de zaf rey sohbet h\u00eena beno xori, muhabet h\u00eena beno xori. Zon\u00ee ma \u0219ar\u00ee ma keyeyan\u00ee xo ra e\u0219to teber, ma wazen\u00ee pencira ra, lojine ra anc\u00ee zere kuwem\u00ee.<\/p>\n<p>Yew felsefey\u00ee ma z\u00ee no yo ke gan\u00ee senatkar \u0219oro ortey\u00ee \u0219ar\u00ee, ortey\u00ee qom\u00ee. Gan\u00ee senatkar n\u00eapawo ke \u0219ar b\u00eeyero lewey\u00ee senatkar. No ridra ma wazen\u00ee \u0219imi ortey\u00ee qom\u00ee xo, \u00eenan de sohbet bikerimi, pers bikerimi \u00ea se van\u00ee, ma ra \u00e7i wazen\u00ee, kar\u00fbbar\u00ee ma sero \u00e7i fikir\u00ean\u00ee. \u00a0N\u00ea cemaatan de ma yew b\u00een ra zaf \u00e7\u00ee musen\u00ee. Tay\u00ea cesaret n\u00eaken\u00ee ortey\u00ee cemaat de qis\u00eabiker\u00ee, la yen\u00ee p\u00ea de ma de qis\u00eaken\u00ee. \u00a0No proje zaf yew \u00e7\u00eeko rind o\u201d.<\/p>\n<p>No projey\u00ee M\u00eekail Aslan \u00fb embazan\u00ee ey hetan\u00ee a\u0219m\u00ea hez\u00eeran bir\u00fbmo, \u00e7alak\u00eeya pey\u00ean 9\u00ee hez\u00eeran de Hamburg de viraz\u00eeyena.<\/p>\n<p><a href=\"http:\/\/www.kirdki.com\/wp-content\/uploads\/2013\/06\/kurijresim3.jpg\"><img loading=\"lazy\" decoding=\"async\" class=\"size-full wp-image-1356 aligncenter\" alt=\"Rollei Digital Camera\" src=\"http:\/\/www.kirdki.com\/wp-content\/uploads\/2013\/06\/kurijresim3.jpg\" width=\"516\" height=\"387\" srcset=\"https:\/\/www.kirdki.com\/wp-content\/uploads\/2013\/06\/kurijresim3.jpg 516w, https:\/\/www.kirdki.com\/wp-content\/uploads\/2013\/06\/kurijresim3-300x225.jpg 300w\" sizes=\"auto, (max-width: 516px) 100vw, 516px\" \/><\/a><\/p>\n<p>&nbsp;<\/p>\n","protected":false},"excerpt":{"rendered":"<p>Sey\u00eedxan Kurij &#8211; Botrop &nbsp; \u00a0 \u00a0 \u00a0 \u00a0Mika\u00eel Aslan, Zon\u00ee ma \u0219ar\u00ee ma keyeyan\u00ee xo ra e\u0219to teber, ma wazen\u00ee pencira ra, lojine ra anc\u00ee zere kuwem\u00ee. Hunermend Mika\u00eel Aslan, Cem\u00eel Qo\u00e7gir\u00ee \u00fb Kamer S\u00f6ylemez h\u00eer\u00ea a\u0219m\u00eayo ke welatan\u00ee Ewropa Almanya, Fransa, Sw\u00eesre \u00fb Avusturya de \u00e7alak\u00eeyan\u00ee h\u00fbneri virazen\u00ee. N\u00ea \u00e7alak\u00eey\u00ee bi ardim\u00ee \u00a0komel, &hellip;<\/p>\n","protected":false},"author":1,"featured_media":1353,"comment_status":"closed","ping_status":"open","sticky":false,"template":"","format":"standard","meta":{"footnotes":""},"categories":[52],"tags":[],"class_list":["post-1352","post","type-post","status-publish","format-standard","has-post-thumbnail","","category-kultur"],"_links":{"self":[{"href":"https:\/\/www.kirdki.com\/index.php?rest_route=\/wp\/v2\/posts\/1352","targetHints":{"allow":["GET"]}}],"collection":[{"href":"https:\/\/www.kirdki.com\/index.php?rest_route=\/wp\/v2\/posts"}],"about":[{"href":"https:\/\/www.kirdki.com\/index.php?rest_route=\/wp\/v2\/types\/post"}],"author":[{"embeddable":true,"href":"https:\/\/www.kirdki.com\/index.php?rest_route=\/wp\/v2\/users\/1"}],"replies":[{"embeddable":true,"href":"https:\/\/www.kirdki.com\/index.php?rest_route=%2Fwp%2Fv2%2Fcomments&post=1352"}],"version-history":[{"count":4,"href":"https:\/\/www.kirdki.com\/index.php?rest_route=\/wp\/v2\/posts\/1352\/revisions"}],"predecessor-version":[{"id":2990,"href":"https:\/\/www.kirdki.com\/index.php?rest_route=\/wp\/v2\/posts\/1352\/revisions\/2990"}],"wp:featuredmedia":[{"embeddable":true,"href":"https:\/\/www.kirdki.com\/index.php?rest_route=\/wp\/v2\/media\/1353"}],"wp:attachment":[{"href":"https:\/\/www.kirdki.com\/index.php?rest_route=%2Fwp%2Fv2%2Fmedia&parent=1352"}],"wp:term":[{"taxonomy":"category","embeddable":true,"href":"https:\/\/www.kirdki.com\/index.php?rest_route=%2Fwp%2Fv2%2Fcategories&post=1352"},{"taxonomy":"post_tag","embeddable":true,"href":"https:\/\/www.kirdki.com\/index.php?rest_route=%2Fwp%2Fv2%2Ftags&post=1352"}],"curies":[{"name":"wp","href":"https:\/\/api.w.org\/{rel}","templated":true}]}}