{"id":1344,"date":"2013-06-30T16:47:05","date_gmt":"2013-06-30T13:47:05","guid":{"rendered":"http:\/\/www.kirdki.com\/?p=1344"},"modified":"2020-03-25T19:35:33","modified_gmt":"2020-03-25T16:35:33","slug":"pe-ciya-ciya-fekan-perwerde-fanteziyeko-be-fayde-yo","status":"publish","type":"post","link":"https:\/\/www.kirdki.com\/?p=1344","title":{"rendered":"P\u00ea C\u00eeya C\u00eeya Fekan Perwerde, Fantez\u00eey\u00eako B\u00ea Fayde Yo"},"content":{"rendered":"<p style=\"text-align: center;\"><a href=\"http:\/\/www.kirdki.com\/wp-content\/uploads\/2013\/06\/kurtce.jpg\"><img loading=\"lazy\" decoding=\"async\" class=\"alignnone size-full wp-image-1345\" alt=\"kurtce\" src=\"http:\/\/www.kirdki.com\/wp-content\/uploads\/2013\/06\/kurtce.jpg\" width=\"492\" height=\"314\" srcset=\"https:\/\/www.kirdki.com\/wp-content\/uploads\/2013\/06\/kurtce.jpg 492w, https:\/\/www.kirdki.com\/wp-content\/uploads\/2013\/06\/kurtce-300x191.jpg 300w\" sizes=\"auto, (max-width: 492px) 100vw, 492px\" \/><\/a><\/p>\n<p style=\"text-align: center;\"><strong>P\u00ca C\u00ceYA C\u00ceYA FEKAN PERWERDE, FANTEZ\u00ceY\u00caKO B\u00ca FAYDE YO<\/strong><\/p>\n<p style=\"text-align: right;\"><strong>\u00a0<\/strong><strong>Wisif Zozan\u00ee<\/strong><\/p>\n<p><strong>\u00a0<\/strong><\/p>\n<p>\u00cext\u00eesas\u00ea mi ziwan\u00ee sero n\u00eeyo. Ez n\u00eae\u015fken ziwan\u00ee sero \u00eed\u00eea z\u00ee biker\u00ee. Label\u00eama na s\u00eetey\u00ea xo ke akerd embaz\u00ea ke dor\u00ea ma de b\u00ee ma \u00eenan ra pers kerd ma va \u015fima derheq\u00ea s\u00eete de \u00e7i fikir\u00eeyen\u00ee. Ma wa\u015ft ke xo ra\u015ftker. Zafane va \u015fima qey p\u00ea fek\u00ea \u00e7ewl\u00eeg\u00ee n\u00eanusen\u00ee? Tay\u00ean z\u00ee r\u00eaka va \u015fima ziwan\u00ea ma xerepn\u00ean\u00ee. Xora wexto ke merdim\u00ee yew gure kerd gera n\u00ea \u00e7iyan\u00ea winayinan bigiro xo \u00e7iman ver. Ma qet n\u00ea rexney\u00ee xo ser n\u00eaguret\u00ee. Mava no gure hama wext wazeno. \u015eima z\u00ee v\u00een\u00ean\u00ee ke sey \u015fima n\u00eeya. Yew qal\u00ea tirkan est a van\u00ea \u201cRay\u00eer\u00ea aqil\u00ee yew o.\u201d Ma van\u00ee, yew gure de eke ma wayir\u00ea malumat n\u00eey\u00ea ma ewniyen\u00ee dor \u00fb dormey\u00ea xo \u015far\u00ee \u00e7i qeyde ra \u00e7i usul ra no gure kerd ma z\u00ee sey \u00eenan o gurey\u00ea xo cehde ra ben\u00ee. Tirkan wexto ke ziwan\u00ea xo standart kerd ewniy\u00ea feko tewr ilm\u00ee kamci yew o, o xo r\u00ea binge guret \u00fb dima fekan b\u00eenan ra z\u00ee kel\u00eemey\u00ee guret\u00ee p\u00ea ziwan\u00ea xo aver berd. Miyan\u00ea tirkan\u00ea Tirkiya de feko tewr pawite \u00fb ilm\u00ee fek\u00ea \u00cestanbul\u00ee yo. Sazgeh\u00ea Ziwan\u00ea Tirk\u00ee (T\u00fcrk Dil Kurumu) no fek esas guret \u00fb dima ra fekan\u00ea b\u00eenan sero ar\u00eadayi\u015f\u00ee (A\u011f\u0131z Derlemeleri) vira\u015ft\u00ee. Sey fek\u00ea Erzurum, Konya, Manisa usb. N\u00ea fekan de yew \u00e7ekuya hol bid\u00eey\u00ean aya \u00e7eku guret\u00een ziwan\u00ea xo yo \u00eelm\u00ee de \u00fb edeb\u00ee de \u015fuxulnen\u00ee. Yew tirk\u00ee z\u00ee no gurey\u00ee r\u00ea \u00eetiraz n\u00eakerd. T\u00eana \u00e7ekuy\u00ea ke erebk\u00ee \u00fb farisk\u00ee b\u00ee p\u00ea mantiq\u00ea \u00eedeoloj\u00eek\u00ee ziwan ra erziyay\u00ee. No z\u00ee meseley\u00ea ziwan niyo \u00ea s\u00eeyaset\u00ee yo. Tirk\u00ee de zaf fek\u00ee est\u00ea. Fek\u00ea Karaden\u00eez\u00ee ciya yo, fek\u00ea Akden\u00eez\u00ee ciya yo, fek\u00ea Ege ciya yo. Fek\u00ea \u00cestanbul de van\u00ea geliyorum, fek\u00ea Erzurum de van\u00ea gel\u00eerem, fek\u00ea n\u00eazana \u00e7a de van\u00ea geliyom, gel\u00eem, gel\u00earem, gel\u00earim usb. Ereban miyan de \u00e7iqas leh\u00e7ey\u00ee \u00fb fek\u00ee est\u00ea. Yew ereb qalkerdi\u015f de vano \u201cEne mabe\u2019r\u00eef\u201d nu\u015fti\u015f de vano \u201cEne ma b\u00ee e\u2019r\u00eef \u201c beynate de ferq esto. Nu\u015fti\u015f ciya yo wendi\u015f ciya yo. Nika wext\u00ea qalkerdi\u015f\u00ee de herkes p\u00ea fek\u00ea xo qal keno yew z\u00ee n\u00eavano \u00e7ira wina qal ken\u00ea. La nu\u015fti\u015f de herkes p\u00ea ziwano standart \u00fb esas nuseno \u00fb waneno. No rid ra z\u00ee miyan\u00ea Tirkan de wina yew munaqe\u015fe \u00e7in o? \u00c7ew z\u00ee n\u00eavano \u00e7ira ma sey qalkerdi\u015f\u00ea xo n\u00eanus\u00ean\u00ee. Nu\u015fti\u015f de yew usulo mu\u015fterek viraziyo her tirk z\u00ee nika p\u00ea \u00ea usul\u00ee emel keno. \u00c7ew z\u00ee n\u00eavano heywax ziwan\u00ea ma xerepn\u00ean\u00ee. Beno ke tay vaj\u00ee ziwano la\u00eek viraz\u00ean\u00ee. No yew \u00eet\u00eerazo s\u00eeyas\u00ee yo. Elaqay\u00ea xo \u00fb ziwan\u00ee \u00e7in o. \u00ca ma kirdan ma miyan ra yew grub\u00ea aliman\u00ea ziwan\u00ee \u00e7end serr\u00ee yo xebat ken\u00ea \u00fb g\u00earen\u00ea ziwan\u00ea ma z\u00ee sey ziwanan\u00ea b\u00eenan standart biker\u00ee \u00fb biker\u00ee ziwano mu\u015fterek. \u00ca tirkan p\u00ea sazgehan\u00ea dewlete n\u00ea gurey\u00ea xo ancax berd\u00ee sere. \u00ca ma kirdan p\u00ea fedakar\u00eey\u00ea \u00e7end cam\u00eardan p\u00ea hezar zehmet \u00fb cefa n\u00ea gurey\u00ee ken\u00ea hewna z\u00ee tay p\u00ea raz\u00ee niy\u00ea. Ma \u00e7im de \u00ea ke van\u00ea \u015fima ziwan\u00ea ma xerepnen\u00ea ya no gure ra fehm n\u00eaken\u00ea yan z\u00ee derd\u00ea \u00eenan muxalefeto ziwa yo. \u00ca ke n\u00eazan\u00eey\u00ea ra van\u00ee \u015fima ziwan\u00ea ma xerepnen\u00ee, wa xo r\u00ea \u015fiy\u00ear\u00ee tirkan ra vaj\u00ee \u015fima qey p\u00ea ziwan\u00ea dew\u00ea xo fek\u00ea bajar\u00ea xo n\u00eanusen\u00ea \u015fima ziwan\u00ea xo xerepnen\u00ea. Ma \u00ea ke ma ra van\u00ea p\u00ea fek\u00ea \u00c7ewl\u00eeg\u00ee ya binus\u00een ma \u00eenan ra van\u00ea biewn\u00een dinya de kam wina kerd ke ma z\u00ee o tewir bikir. Nika h\u00ead\u00ee h\u00ead\u00ee yew ziwano standart \u00fb mu\u015fterek ma kirdan miyan de virazyeno \u00fb viraziyo z\u00ee. Ma gera pa\u015ft bidi n\u00ea ziwan\u00ee \u00fb bi\u015fuxiln. Eke ma z\u00ee va n\u00ea ma p\u00ea fek\u00ea xo nus\u00ean\u00ee no yew fantez\u00ee yo \u00fb fayd\u00ea xo z\u00ee \u00e7in o. Nika \u00ea ke p\u00ea fek\u00ea dew\u00ea xo nusen\u00ee \u00fb \u00eesrar ken\u00ea ma \u00eenan ra z\u00ee van\u00ea wa bo binus\u00een label\u00ea fek\u00ea xo sey ziwan\u00ea nu\u015fti\u015f\u00ee mev\u00een\u00een \u00fb \u00eed\u00eea meker\u00een namey\u00ea kirdan ra mevaj\u00een wa perwerde p\u00ea c\u00eeya c\u00eeya fekan bo. N\u00ea xebat\u00ea fekan sey ar\u00eaday\u00ee\u015f\u00ea fekan yen\u00ea hesibnay\u00ee\u015f \u00fb xelet z\u00ee niy\u00ea. label\u00ea eke yew vajo ma fekan ken\u00ea ziwan\u00ea perwerde \u00fb p\u00ea c\u00eeya c\u00eeya fekan perwerde dan\u00ee, ma \u00e7im de no merdim dinya ra vete yo, xeber\u00ea ci \u00eelm\u00ea ziwan ra \u00e7in a \u00fb fantez\u00ee keno, \u015far\u00ee ra z\u00ee vano b\u00ear\u00een fantez\u00eey\u00ea mi dima kur\u00een. Hewcey\u00ea fantez\u00ee \u00e7in a ma hende kewt\u00ee erey h\u00een bes o. Ewro roj roj\u00ea gureyo cidd\u00ee yo. Fantez\u00eeyan caverd\u00een.<\/p>\n","protected":false},"excerpt":{"rendered":"<p>P\u00ca C\u00ceYA C\u00ceYA FEKAN PERWERDE, FANTEZ\u00ceY\u00caKO B\u00ca FAYDE YO \u00a0Wisif Zozan\u00ee \u00a0 \u00cext\u00eesas\u00ea mi ziwan\u00ee sero n\u00eeyo. Ez n\u00eae\u015fken ziwan\u00ee sero \u00eed\u00eea z\u00ee biker\u00ee. Label\u00eama na s\u00eetey\u00ea xo ke akerd embaz\u00ea ke dor\u00ea ma de b\u00ee ma \u00eenan ra pers kerd ma va \u015fima derheq\u00ea s\u00eete de \u00e7i fikir\u00eeyen\u00ee. Ma wa\u015ft ke xo ra\u015ftker. Zafane &hellip;<\/p>\n","protected":false},"author":1,"featured_media":1345,"comment_status":"closed","ping_status":"open","sticky":false,"template":"","format":"standard","meta":{"footnotes":""},"categories":[1],"tags":[],"class_list":["post-1344","post","type-post","status-publish","format-standard","has-post-thumbnail","","category-gen"],"_links":{"self":[{"href":"https:\/\/www.kirdki.com\/index.php?rest_route=\/wp\/v2\/posts\/1344","targetHints":{"allow":["GET"]}}],"collection":[{"href":"https:\/\/www.kirdki.com\/index.php?rest_route=\/wp\/v2\/posts"}],"about":[{"href":"https:\/\/www.kirdki.com\/index.php?rest_route=\/wp\/v2\/types\/post"}],"author":[{"embeddable":true,"href":"https:\/\/www.kirdki.com\/index.php?rest_route=\/wp\/v2\/users\/1"}],"replies":[{"embeddable":true,"href":"https:\/\/www.kirdki.com\/index.php?rest_route=%2Fwp%2Fv2%2Fcomments&post=1344"}],"version-history":[{"count":3,"href":"https:\/\/www.kirdki.com\/index.php?rest_route=\/wp\/v2\/posts\/1344\/revisions"}],"predecessor-version":[{"id":2992,"href":"https:\/\/www.kirdki.com\/index.php?rest_route=\/wp\/v2\/posts\/1344\/revisions\/2992"}],"wp:featuredmedia":[{"embeddable":true,"href":"https:\/\/www.kirdki.com\/index.php?rest_route=\/wp\/v2\/media\/1345"}],"wp:attachment":[{"href":"https:\/\/www.kirdki.com\/index.php?rest_route=%2Fwp%2Fv2%2Fmedia&parent=1344"}],"wp:term":[{"taxonomy":"category","embeddable":true,"href":"https:\/\/www.kirdki.com\/index.php?rest_route=%2Fwp%2Fv2%2Fcategories&post=1344"},{"taxonomy":"post_tag","embeddable":true,"href":"https:\/\/www.kirdki.com\/index.php?rest_route=%2Fwp%2Fv2%2Ftags&post=1344"}],"curies":[{"name":"wp","href":"https:\/\/api.w.org\/{rel}","templated":true}]}}