{"id":1341,"date":"2013-06-30T16:43:49","date_gmt":"2013-06-30T13:43:49","guid":{"rendered":"http:\/\/www.kirdki.com\/?p=1341"},"modified":"2020-03-25T19:35:34","modified_gmt":"2020-03-25T16:35:34","slug":"kasete-rencber-eziz-bi-cd","status":"publish","type":"post","link":"https:\/\/www.kirdki.com\/?p=1341","title":{"rendered":"Kaset\u00ea Rencber Ez\u00eez bi Cd"},"content":{"rendered":"<p>&nbsp;<\/p>\n<p style=\"text-align: center;\"><a href=\"http:\/\/www.kirdki.com\/wp-content\/uploads\/2013\/06\/aziz10_JPG.jpg\"><img loading=\"lazy\" decoding=\"async\" class=\"alignnone size-full wp-image-1342\" alt=\"aziz10_JPG\" src=\"http:\/\/www.kirdki.com\/wp-content\/uploads\/2013\/06\/aziz10_JPG.jpg\" width=\"490\" height=\"358\" srcset=\"https:\/\/www.kirdki.com\/wp-content\/uploads\/2013\/06\/aziz10_JPG.jpg 490w, https:\/\/www.kirdki.com\/wp-content\/uploads\/2013\/06\/aziz10_JPG-300x219.jpg 300w\" sizes=\"auto, (max-width: 490px) 100vw, 490px\" \/><\/a><\/p>\n<p style=\"text-align: center;\">Kaset\u00ea Rencber Ez\u00eez bi Cd<\/p>\n<p style=\"text-align: center;\">\n<p>Kaset\u00ea ozano kird Rencber Ez\u00eez bi namey\u00ea \u201cEz Hesreta Azad\u00ee\u201d na hewe zey cd vec\u00eeya.<\/p>\n<p>Ver\u00ea c\u00fb Almanya de zey kaset vec\u00eeyabi. Bi namey\u00ea Medya Muz\u00eek yew \u015f\u00eerket lawikan\u00ea Rencber Ez\u00eez\u00ee newe ra vejena. Na cd het de yew kitabo qijkek z\u00ee ameyo day\u00ee\u015f. No kitab de lawik\u00ee ke no kaset de vaj\u00eey\u00ea, qal\u00ee n\u00ea lawikan est\u00ea. Kaset\u00ea Ez\u00eez ke ar\u015f\u00eev\u00ea biray\u00ea Ez\u00eez\u00ee, Hasan Berdibek de y\u00ea, \u00ea newe ra ben\u00ea cd. N\u00ea kasetan de Rencber Ez\u00eez p\u00ea kirdk\u00ee, kurmanc\u00ee \u00fb tirk\u00ee lawik\u00ee vat\u00ee.<\/p>\n","protected":false},"excerpt":{"rendered":"<p>&nbsp; Kaset\u00ea Rencber Ez\u00eez bi Cd Kaset\u00ea ozano kird Rencber Ez\u00eez bi namey\u00ea \u201cEz Hesreta Azad\u00ee\u201d na hewe zey cd vec\u00eeya. Ver\u00ea c\u00fb Almanya de zey kaset vec\u00eeyabi. Bi namey\u00ea Medya Muz\u00eek yew \u015f\u00eerket lawikan\u00ea Rencber Ez\u00eez\u00ee newe ra vejena. Na cd het de yew kitabo qijkek z\u00ee ameyo day\u00ee\u015f. No kitab de lawik\u00ee ke &hellip;<\/p>\n","protected":false},"author":1,"featured_media":1342,"comment_status":"closed","ping_status":"open","sticky":false,"template":"","format":"standard","meta":{"footnotes":""},"categories":[52],"tags":[],"class_list":["post-1341","post","type-post","status-publish","format-standard","has-post-thumbnail","","category-kultur"],"_links":{"self":[{"href":"https:\/\/www.kirdki.com\/index.php?rest_route=\/wp\/v2\/posts\/1341","targetHints":{"allow":["GET"]}}],"collection":[{"href":"https:\/\/www.kirdki.com\/index.php?rest_route=\/wp\/v2\/posts"}],"about":[{"href":"https:\/\/www.kirdki.com\/index.php?rest_route=\/wp\/v2\/types\/post"}],"author":[{"embeddable":true,"href":"https:\/\/www.kirdki.com\/index.php?rest_route=\/wp\/v2\/users\/1"}],"replies":[{"embeddable":true,"href":"https:\/\/www.kirdki.com\/index.php?rest_route=%2Fwp%2Fv2%2Fcomments&post=1341"}],"version-history":[{"count":2,"href":"https:\/\/www.kirdki.com\/index.php?rest_route=\/wp\/v2\/posts\/1341\/revisions"}],"predecessor-version":[{"id":2993,"href":"https:\/\/www.kirdki.com\/index.php?rest_route=\/wp\/v2\/posts\/1341\/revisions\/2993"}],"wp:featuredmedia":[{"embeddable":true,"href":"https:\/\/www.kirdki.com\/index.php?rest_route=\/wp\/v2\/media\/1342"}],"wp:attachment":[{"href":"https:\/\/www.kirdki.com\/index.php?rest_route=%2Fwp%2Fv2%2Fmedia&parent=1341"}],"wp:term":[{"taxonomy":"category","embeddable":true,"href":"https:\/\/www.kirdki.com\/index.php?rest_route=%2Fwp%2Fv2%2Fcategories&post=1341"},{"taxonomy":"post_tag","embeddable":true,"href":"https:\/\/www.kirdki.com\/index.php?rest_route=%2Fwp%2Fv2%2Ftags&post=1341"}],"curies":[{"name":"wp","href":"https:\/\/api.w.org\/{rel}","templated":true}]}}