{"id":1321,"date":"2013-06-30T16:26:04","date_gmt":"2013-06-30T13:26:04","guid":{"rendered":"http:\/\/www.kirdki.com\/?p=1321"},"modified":"2020-03-25T19:35:35","modified_gmt":"2020-03-25T16:35:35","slug":"disa-ra-di-brosure-kirdki","status":"publish","type":"post","link":"https:\/\/www.kirdki.com\/?p=1321","title":{"rendered":"D\u00ceSA ra di bro\u015fur\u00ea kirdk\u00ee"},"content":{"rendered":"<p><a href=\"http:\/\/www.kirdki.com\/wp-content\/uploads\/2013\/06\/disa.jpg\"><img loading=\"lazy\" decoding=\"async\" class=\"size-full wp-image-1322 aligncenter\" alt=\"disa\" src=\"http:\/\/www.kirdki.com\/wp-content\/uploads\/2013\/06\/disa.jpg\" width=\"462\" height=\"457\" srcset=\"https:\/\/www.kirdki.com\/wp-content\/uploads\/2013\/06\/disa.jpg 462w, https:\/\/www.kirdki.com\/wp-content\/uploads\/2013\/06\/disa-300x296.jpg 300w\" sizes=\"auto, (max-width: 462px) 100vw, 462px\" \/><\/a><\/p>\n<p>Enst\u00eetuya Cig\u00earay\u00ee\u015fan\u00ea S\u00eeyas\u00ee \u00fb Sosyalan ya D\u00eeyarbekir\u00ee (D\u00ceSA), \u00e7ar\u00e7ewaya r\u00eazebro\u015furan\u00ea \u201cVer\u00ee Ziwan\u00ea Day\u00eeke\u201d de sey bro\u015fur\u00ea hewt \u00fb he\u015ftine, bi kirdk\u00ee di bro\u015fur\u00ee amade kerd\u00ee.<\/p>\n<p>N\u00ea bro\u015furan de yew meqale bi kirdk\u00ee het\u00ea Net\u00eece Altun ra nus\u00eeyayo, \u00ea b\u00een\u00ee z\u00ee het\u00ea nu\u015ftox, \u015fa\u00eer Ro\u015fan Lezg\u00een\u00ee ra tercume b\u00eey\u00ee. Bro\u015furan de xeyl\u00eak nu\u015ftey\u00ea qal\u00eetey\u00een est\u00ea.<\/p>\n<p>Sernamey\u00ea n\u00ea meqaleyan wina y\u00ea:<\/p>\n<p><strong>Qirkerdi\u015f\u00ea Ziwan\u00eeye?<\/strong><\/p>\n<p><strong>Cins\u00eeyet\u00ea Komelk\u00ee, Ziwan \u00fb Be\u015fdar\u00eeye<\/strong><\/p>\n<p><strong>Perwerde de Bikarardi\u015f\u00ea Ziwan\u00ea Day\u00eeke \u00fb Model\u00ea Bikarardi\u015f\u00ee<\/strong><\/p>\n<p><strong>Bol\u00eevya Gama ke Perwerdey\u00ea Di-ziwan\u00eeye de \u015eori\u015f Kena<\/strong><\/p>\n<p><strong>Perwede de Ronay\u00ee\u015f\u00ea Pird\u00ea M\u00eeyanziwan\u00eeye<\/strong><\/p>\n<p><strong>Hind\u00eestan de Zaftewir\u00eeya Ziwan\u00eeye \u00fb Pol\u00eet\u00eekaya Ziwan\u00ee<\/strong><\/p>\n<p><strong>Perwerdeh\u00eey\u00ea Mamostayan<\/strong><\/p>\n<p><strong>Welat\u00ea Bask\u00ee de Perwerdekerdi\u015f\u00ea Maliman<\/strong><\/p>\n<p><strong>Katalonya de Perwerdekerdi\u015f\u00ea Maliman<\/strong><\/p>\n<p><strong>Peru de Perwerdey\u00ea \u00c7ut-ziwan\u00eeye yo M\u00eeyankultur\u00ee: Perwerdekerdi\u015f\u00ea Maliman\u00ea Cay\u00eeyan<\/strong><\/p>\n<p>Bro\u015fur\u00ea b\u00een bisernamey\u00ea\u00a0<strong>Pol\u00eet\u00eekay\u00ea Zafziwan\u00eeye \u00fb Plankerdi\u015f\u00ea Ziwan\u00ee<\/strong>\u00a0yo. \u00a0N\u00ea bro\u015fur\u00ee de z\u00ee new meqaley\u00ee est\u00ea. Sernamey\u00ea n\u00ea meqaleyan wina y\u00ea:<\/p>\n<p><strong>Plankerdi\u015f\u00ea Ziwan\u00ee \u00fb Perwerde de Zafziwan\u00eeye<\/strong><\/p>\n<p><strong>Bel\u00e7\u00eeka de Perwerdey\u00ea Ziwan\u00ee<\/strong><\/p>\n<p><strong>Ziwan\u00ea S\u00e1m\u00ee \u00fb Welatan\u00ea \u00ceskand\u00eenavya de Ziwanan\u00ea S\u00e1m\u00ee de Perwerde<\/strong><\/p>\n<p><strong>Ziwan\u00ea Day\u00eeke y\u00ea Domanan\u00ea \u00c7ut-ziwan\u00eeyan: Perwerdey\u00ea Ziwan\u00ea Day\u00eeke \u00c7ira Muh\u00eem o?<\/strong><\/p>\n<p><strong>Seba ke Ziwan\u00ea Day\u00eeke bi \u015eekl\u00eako Berhemdar Tetb\u00fbq Bibo P\u00ea\u015fn\u00eeyaz\u00ea Sab\u00eet\u00ee<\/strong><\/p>\n<p><strong>Doman Her Di Ziwanan P\u00eeya yan Yew\u00ee Vern\u00eeya \u00ea B\u00een\u00ee de Bimuso, Ba\u015f o<\/strong>?<\/p>\n<p><strong>T\u00eakil\u00eeya Pewerde de Bikarardi\u015f\u00ea Ziwan\u00ea Day\u00eeke bi \u015eekl\u00ea \u00cedarey\u00ee de \u00c7i ya?<\/strong><\/p>\n<p><strong>S\u00eeyasetkar\u00ee \u00c7ira Vera Di-Ziwan\u00eeye \u00fb Perwerdey\u00ea Di-Ziwan\u00eeye Vej\u00een\u00ea?<\/strong><\/p>\n<p><strong>Amayey\u00ea Di-Ziwan\u00eeye Esto?<\/strong><\/p>\n<p><strong>Siteya\u00a0<a href=\"http:\/\/www.zazak\u00ee.net\">www.zazak\u00ee.net<\/a>\u00a0\u00ee ke ed\u00eetor\u00eeya ci Ro\u015fan Lezg\u00een keno de seba bro\u015furan\u00ee wina vaj\u00eeyeno:\u00a0<\/strong>N\u00ea meqaleyan de ziwan\u00ea day\u00eeke, perwerdey\u00ea bi ziwan\u00ea day\u00eeke, perwerdey\u00ea \u00e7endziwan\u00eeye bi teferuat \u00fb nim\u00fbneyan\u00ea sab\u00eetan ke welatan\u00ea c\u00eeya-c\u00eeyan y\u00ea c\u00eehan\u00ee de amey\u00ea ceribnay\u00ee\u015f munaqe\u015fe ben\u00ea. Tercumkerdi\u015f \u00fb we\u015fanay\u00ee\u015f\u00ea n\u00ea meqaleyan de seba kirdan di faydey\u00ea zaf muh\u00eem\u00ee est\u00ea. N\u00eenan ra yew no yo ke, derheq\u00ea perwerdey\u00ea ziwanan\u00ea miletan\u00ea b\u00eadewletan de ceribnay\u00ee\u015f\u00ea ke dinya de viraz\u00eeyay\u00ea, bitaybet\u00ee het\u00ea perwerdey\u00ea zafziwan\u00eeye ra cig\u00earay\u00ee\u015f\u00ea akadem\u00eek\u00ee penceray\u00eaka new\u00eeye ya fikr\u00ee ma r\u00ea aken\u00ea. Faydey\u00ea diyin z\u00ee no yo ke, bi tercumekerdi\u015f\u00ea n\u00ea babetan\u00ea teor\u00eekan kirdk\u00ee xo \u00eespat kena. Yan\u00ee merdim bi haway\u00eako \u00eespatkerde v\u00eeneno, kirdk\u00eeya ke tena ziwan\u00ea fekk\u00ee y\u00ea dewijan b\u00ee, \u00ead\u00ee waran\u00ea teor\u00eekan\u00ea modernan de z\u00ee biasan\u00eeye yena \u015fuxulnayene.<\/p>\n<p>Ma semed\u00ea na xebata we\u015f\u00ee zaf keyfwe\u015f b\u00ee \u00fb \u00ea ke ked\u00ea xo tede est\u00ea hemeyin r\u00ea serfiraz\u00ee waz\u00ean\u00ee.<\/p>\n<p>&nbsp;<\/p>\n<p>\u00c7imey\u00ee:<\/p>\n<p><a href=\"http:\/\/disa.org.tr\/\">http:\/\/disa.org.tr\/<\/a><\/p>\n<p><a href=\"http:\/\/www.zazaki.net\/haber\/dsa-bi-kirdk-di-brosur-wesanay-1412.htm\">http:\/\/www.zazaki.net\/haber\/dsa-bi-kirdk-di-brosur-wesanay-1412.htm<\/a><\/p>\n<p>&nbsp;<\/p>\n<p>&nbsp;<\/p>\n","protected":false},"excerpt":{"rendered":"<p>Enst\u00eetuya Cig\u00earay\u00ee\u015fan\u00ea S\u00eeyas\u00ee \u00fb Sosyalan ya D\u00eeyarbekir\u00ee (D\u00ceSA), \u00e7ar\u00e7ewaya r\u00eazebro\u015furan\u00ea \u201cVer\u00ee Ziwan\u00ea Day\u00eeke\u201d de sey bro\u015fur\u00ea hewt \u00fb he\u015ftine, bi kirdk\u00ee di bro\u015fur\u00ee amade kerd\u00ee. N\u00ea bro\u015furan de yew meqale bi kirdk\u00ee het\u00ea Net\u00eece Altun ra nus\u00eeyayo, \u00ea b\u00een\u00ee z\u00ee het\u00ea nu\u015ftox, \u015fa\u00eer Ro\u015fan Lezg\u00een\u00ee ra tercume b\u00eey\u00ee. Bro\u015furan de xeyl\u00eak nu\u015ftey\u00ea qal\u00eetey\u00een est\u00ea. Sernamey\u00ea &hellip;<\/p>\n","protected":false},"author":1,"featured_media":1322,"comment_status":"closed","ping_status":"open","sticky":false,"template":"","format":"standard","meta":{"footnotes":""},"categories":[52],"tags":[],"class_list":["post-1321","post","type-post","status-publish","format-standard","has-post-thumbnail","","category-kultur"],"_links":{"self":[{"href":"https:\/\/www.kirdki.com\/index.php?rest_route=\/wp\/v2\/posts\/1321","targetHints":{"allow":["GET"]}}],"collection":[{"href":"https:\/\/www.kirdki.com\/index.php?rest_route=\/wp\/v2\/posts"}],"about":[{"href":"https:\/\/www.kirdki.com\/index.php?rest_route=\/wp\/v2\/types\/post"}],"author":[{"embeddable":true,"href":"https:\/\/www.kirdki.com\/index.php?rest_route=\/wp\/v2\/users\/1"}],"replies":[{"embeddable":true,"href":"https:\/\/www.kirdki.com\/index.php?rest_route=%2Fwp%2Fv2%2Fcomments&post=1321"}],"version-history":[{"count":2,"href":"https:\/\/www.kirdki.com\/index.php?rest_route=\/wp\/v2\/posts\/1321\/revisions"}],"predecessor-version":[{"id":1324,"href":"https:\/\/www.kirdki.com\/index.php?rest_route=\/wp\/v2\/posts\/1321\/revisions\/1324"}],"wp:featuredmedia":[{"embeddable":true,"href":"https:\/\/www.kirdki.com\/index.php?rest_route=\/wp\/v2\/media\/1322"}],"wp:attachment":[{"href":"https:\/\/www.kirdki.com\/index.php?rest_route=%2Fwp%2Fv2%2Fmedia&parent=1321"}],"wp:term":[{"taxonomy":"category","embeddable":true,"href":"https:\/\/www.kirdki.com\/index.php?rest_route=%2Fwp%2Fv2%2Fcategories&post=1321"},{"taxonomy":"post_tag","embeddable":true,"href":"https:\/\/www.kirdki.com\/index.php?rest_route=%2Fwp%2Fv2%2Ftags&post=1321"}],"curies":[{"name":"wp","href":"https:\/\/api.w.org\/{rel}","templated":true}]}}