{"id":1312,"date":"2013-06-29T23:27:58","date_gmt":"2013-06-29T20:27:58","guid":{"rendered":"http:\/\/www.kirdki.com\/?p=1312"},"modified":"2020-03-25T19:35:36","modified_gmt":"2020-03-25T16:35:36","slug":"serra-1978-de-cewlig","status":"publish","type":"post","link":"https:\/\/www.kirdki.com\/?p=1312","title":{"rendered":"Serra 1978 de \u00c7ewl\u00eeg&#8230;"},"content":{"rendered":"<p><a href=\"http:\/\/www.kirdki.com\/wp-content\/uploads\/2013\/06\/yayik.jpeg\"><img loading=\"lazy\" decoding=\"async\" class=\"size-full wp-image-1313 aligncenter\" alt=\"yayik\" src=\"http:\/\/www.kirdki.com\/wp-content\/uploads\/2013\/06\/yayik.jpeg\" width=\"490\" height=\"498\" srcset=\"https:\/\/www.kirdki.com\/wp-content\/uploads\/2013\/06\/yayik.jpeg 490w, https:\/\/www.kirdki.com\/wp-content\/uploads\/2013\/06\/yayik-295x300.jpeg 295w\" sizes=\"auto, (max-width: 490px) 100vw, 490px\" \/><\/a><\/p>\n<p>Torra \u00eenternet\u00ee de ma ra\u015ft\u00ea fotografan\u00ea \u00c7ewl\u00eeg\u00ee ke serra 1978 de anc\u00eeyay\u00ea amey\u00ee. Ma wa\u015ft ke \u015fima z\u00ee \u00eenan ra \u00eest\u00eefade biker\u00ee. Ma hem \u00e7imey\u00ee hem z\u00ee fotografan\u00ee pare ken\u00ee.<\/p>\n<p>Semed\u00ea galer\u00ee ya bitikn\u00een:\u00a0<a href=\"index.php\/fotograf\/category\/3-cewlig-1978\">http:\/\/www.kirdki.com\/index.php\/fotograf\/category\/3-cewlig-1978<\/a><\/p>\n<p>\u00c7ime:\u00a0<a href=\"http:\/\/www.eba.gov.tr\/gorsel\/bingol\/1\" target=\"_blank\" rel=\"noopener noreferrer\">http:\/\/www.eba.gov.tr\/gorsel\/bingol\/1<\/a><\/p>\n","protected":false},"excerpt":{"rendered":"<p>Torra \u00eenternet\u00ee de ma ra\u015ft\u00ea fotografan\u00ea \u00c7ewl\u00eeg\u00ee ke serra 1978 de anc\u00eeyay\u00ea amey\u00ee. Ma wa\u015ft ke \u015fima z\u00ee \u00eenan ra \u00eest\u00eefade biker\u00ee. Ma hem \u00e7imey\u00ee hem z\u00ee fotografan\u00ee pare ken\u00ee. Semed\u00ea galer\u00ee ya bitikn\u00een:\u00a0http:\/\/www.kirdki.com\/index.php\/fotograf\/category\/3-cewlig-1978 \u00c7ime:\u00a0http:\/\/www.eba.gov.tr\/gorsel\/bingol\/1<\/p>\n","protected":false},"author":1,"featured_media":1313,"comment_status":"closed","ping_status":"open","sticky":false,"template":"","format":"standard","meta":{"footnotes":""},"categories":[53],"tags":[],"class_list":["post-1312","post","type-post","status-publish","format-standard","has-post-thumbnail","","category-tarix"],"_links":{"self":[{"href":"https:\/\/www.kirdki.com\/index.php?rest_route=\/wp\/v2\/posts\/1312","targetHints":{"allow":["GET"]}}],"collection":[{"href":"https:\/\/www.kirdki.com\/index.php?rest_route=\/wp\/v2\/posts"}],"about":[{"href":"https:\/\/www.kirdki.com\/index.php?rest_route=\/wp\/v2\/types\/post"}],"author":[{"embeddable":true,"href":"https:\/\/www.kirdki.com\/index.php?rest_route=\/wp\/v2\/users\/1"}],"replies":[{"embeddable":true,"href":"https:\/\/www.kirdki.com\/index.php?rest_route=%2Fwp%2Fv2%2Fcomments&post=1312"}],"version-history":[{"count":3,"href":"https:\/\/www.kirdki.com\/index.php?rest_route=\/wp\/v2\/posts\/1312\/revisions"}],"predecessor-version":[{"id":2995,"href":"https:\/\/www.kirdki.com\/index.php?rest_route=\/wp\/v2\/posts\/1312\/revisions\/2995"}],"wp:featuredmedia":[{"embeddable":true,"href":"https:\/\/www.kirdki.com\/index.php?rest_route=\/wp\/v2\/media\/1313"}],"wp:attachment":[{"href":"https:\/\/www.kirdki.com\/index.php?rest_route=%2Fwp%2Fv2%2Fmedia&parent=1312"}],"wp:term":[{"taxonomy":"category","embeddable":true,"href":"https:\/\/www.kirdki.com\/index.php?rest_route=%2Fwp%2Fv2%2Fcategories&post=1312"},{"taxonomy":"post_tag","embeddable":true,"href":"https:\/\/www.kirdki.com\/index.php?rest_route=%2Fwp%2Fv2%2Ftags&post=1312"}],"curies":[{"name":"wp","href":"https:\/\/api.w.org\/{rel}","templated":true}]}}