{"id":1301,"date":"2013-06-29T23:21:41","date_gmt":"2013-06-29T20:21:41","guid":{"rendered":"http:\/\/www.kirdki.com\/?p=1301"},"modified":"2020-03-25T19:35:36","modified_gmt":"2020-03-25T16:35:36","slug":"tezo-tewr-veren-ye-zazaki","status":"publish","type":"post","link":"https:\/\/www.kirdki.com\/?p=1301","title":{"rendered":"Tezo tewr ver\u00ean y\u00ea zazak\u00ee"},"content":{"rendered":"<p style=\"text-align: center;\" align=\"left\">\u00a0 \u00a0 \u00a0 \u00a0Un\u00eevers\u00eeteya Artuklu de tezo tewr ver\u00ean y\u00ea zazak\u00ee ame qebul kerdi\u015f.<\/p>\n<p align=\"left\"><a href=\"http:\/\/www.kirdki.com\/wp-content\/uploads\/2013\/06\/tezo-veren.jpg\"><img loading=\"lazy\" decoding=\"async\" class=\"size-full wp-image-1302 aligncenter\" alt=\"tezo veren\" src=\"http:\/\/www.kirdki.com\/wp-content\/uploads\/2013\/06\/tezo-veren.jpg\" width=\"640\" height=\"480\" srcset=\"https:\/\/www.kirdki.com\/wp-content\/uploads\/2013\/06\/tezo-veren.jpg 640w, https:\/\/www.kirdki.com\/wp-content\/uploads\/2013\/06\/tezo-veren-300x225.jpg 300w\" sizes=\"auto, (max-width: 640px) 100vw, 640px\" \/><\/a><\/p>\n<p align=\"left\">\u00a0 \u00a0 \u00a0 \u00a0Un\u00eevers\u00eetey\u00ea\u00a0Artuklu, Enst\u00eet\u00fby\u00ea Ziwan\u00ea ke Tirk\u00eeye de Ciw\u00eeyen\u00ea, Be\u015fa Kultur \u00fb Ziwan\u00ea Kurd\u00ee de tez\u00ea l\u00eesans\u00ea berz\u00ee y\u00ea kirdk\u00ee ame qebulkerdi\u015f. Wendekare Nad\u00eere G\u00fbnta\u015f Aldatmaz bi namey\u00ea \u201cFolklora Kirmancan(Kirdan) Ser o Cig\u00earay\u00ee\u015f\u00ea\u201d tez\u00ea xo p\u00ea\u015fke\u015f kerd \u00fb tez\u00ea ci qebul b\u00ee.\u00a0Heyet\u00ea tez\u00ee de Prof. Dr. Qadr\u00ee Yildirim, Do\u00e7ent\u00ea Ardimkerdox\u00ee Abdurrahman Adak, Nurett\u00een Beltek\u00een, Xayrullah Acar \u00fb M.Malm\u00eesanij\u00ee b\u00eeb\u00ee.<\/p>\n<p align=\"left\">\u00a0 \u00a0 \u00a0 \u00a0Ardimkerdox\u00ea rektor\u00ee \u00fb mud\u00eer\u00ea enst\u00eetuy\u00ee Prof. Dr. Qadr\u00ee Yildirim va ke serra ke enst\u00eetuy\u00ea ma n\u00eeya ro, ma zazak\u00ee r\u00ea hetkar\u00eeya poz\u00eet\u00eef\u00ee kerd. Ma way\u00eer\u00ea kirdk\u00ee vej\u00eey\u00eay\u00ee. Semed\u00ea standartb\u00eeyayi\u015f\u00ea ci z\u00ee ma xeyl\u00eak xeyret mot ra. Tez\u00ea l\u00eesans\u00ea berz y\u00ea kirdk\u00ee y\u00ea tewr ver\u00ean mudafaa ra serkewte vej\u00eeya \u00fb naye ra ez zaf keyfwe\u015f b\u00eeya. Ma p\u00ea \u00e7im\u00ea \u00eedeoloj\u00ee kirdk\u00ee ra n\u00eaewn\u00eeyen\u00ee ma p\u00ea \u00e7im\u00ea zanayi\u015f\u00ee ya ewn\u00eey\u00ean\u00ee.<\/p>\n<p align=\"left\">\u00a0 \u00a0 \u00a0 Ma z\u00ee seba no xizmeto ba\u015f hem zan\u00eengeh\u00ea Artukluy\u00ee hem z\u00ee wendekare Nad\u00eere Gunta\u015f Aldatmaz\u00ee p\u00eeroz ken\u00ee \u00fb her tim aye r\u00ea serkewti\u015f wazen\u00ee.<\/p>\n<p align=\"left\"><a href=\"http:\/\/www.kirdki.com\/wp-content\/uploads\/2013\/06\/tezo-veren2.jpg\"><img loading=\"lazy\" decoding=\"async\" class=\"size-full wp-image-1303 aligncenter\" alt=\"tezo veren2\" src=\"http:\/\/www.kirdki.com\/wp-content\/uploads\/2013\/06\/tezo-veren2.jpg\" width=\"800\" height=\"635\" srcset=\"https:\/\/www.kirdki.com\/wp-content\/uploads\/2013\/06\/tezo-veren2.jpg 800w, https:\/\/www.kirdki.com\/wp-content\/uploads\/2013\/06\/tezo-veren2-300x238.jpg 300w\" sizes=\"auto, (max-width: 800px) 100vw, 800px\" \/><\/a><\/p>\n<p align=\"left\">\n","protected":false},"excerpt":{"rendered":"<p>\u00a0 \u00a0 \u00a0 \u00a0Un\u00eevers\u00eeteya Artuklu de tezo tewr ver\u00ean y\u00ea zazak\u00ee ame qebul kerdi\u015f. \u00a0 \u00a0 \u00a0 \u00a0Un\u00eevers\u00eetey\u00ea\u00a0Artuklu, Enst\u00eet\u00fby\u00ea Ziwan\u00ea ke Tirk\u00eeye de Ciw\u00eeyen\u00ea, Be\u015fa Kultur \u00fb Ziwan\u00ea Kurd\u00ee de tez\u00ea l\u00eesans\u00ea berz\u00ee y\u00ea kirdk\u00ee ame qebulkerdi\u015f. Wendekare Nad\u00eere G\u00fbnta\u015f Aldatmaz bi namey\u00ea \u201cFolklora Kirmancan(Kirdan) Ser o Cig\u00earay\u00ee\u015f\u00ea\u201d tez\u00ea xo p\u00ea\u015fke\u015f kerd \u00fb tez\u00ea ci &hellip;<\/p>\n","protected":false},"author":1,"featured_media":1302,"comment_status":"closed","ping_status":"open","sticky":false,"template":"","format":"standard","meta":{"footnotes":""},"categories":[1],"tags":[],"class_list":["post-1301","post","type-post","status-publish","format-standard","has-post-thumbnail","","category-gen"],"_links":{"self":[{"href":"https:\/\/www.kirdki.com\/index.php?rest_route=\/wp\/v2\/posts\/1301","targetHints":{"allow":["GET"]}}],"collection":[{"href":"https:\/\/www.kirdki.com\/index.php?rest_route=\/wp\/v2\/posts"}],"about":[{"href":"https:\/\/www.kirdki.com\/index.php?rest_route=\/wp\/v2\/types\/post"}],"author":[{"embeddable":true,"href":"https:\/\/www.kirdki.com\/index.php?rest_route=\/wp\/v2\/users\/1"}],"replies":[{"embeddable":true,"href":"https:\/\/www.kirdki.com\/index.php?rest_route=%2Fwp%2Fv2%2Fcomments&post=1301"}],"version-history":[{"count":3,"href":"https:\/\/www.kirdki.com\/index.php?rest_route=\/wp\/v2\/posts\/1301\/revisions"}],"predecessor-version":[{"id":1306,"href":"https:\/\/www.kirdki.com\/index.php?rest_route=\/wp\/v2\/posts\/1301\/revisions\/1306"}],"wp:featuredmedia":[{"embeddable":true,"href":"https:\/\/www.kirdki.com\/index.php?rest_route=\/wp\/v2\/media\/1302"}],"wp:attachment":[{"href":"https:\/\/www.kirdki.com\/index.php?rest_route=%2Fwp%2Fv2%2Fmedia&parent=1301"}],"wp:term":[{"taxonomy":"category","embeddable":true,"href":"https:\/\/www.kirdki.com\/index.php?rest_route=%2Fwp%2Fv2%2Fcategories&post=1301"},{"taxonomy":"post_tag","embeddable":true,"href":"https:\/\/www.kirdki.com\/index.php?rest_route=%2Fwp%2Fv2%2Ftags&post=1301"}],"curies":[{"name":"wp","href":"https:\/\/api.w.org\/{rel}","templated":true}]}}