{"id":1274,"date":"2013-06-29T23:04:13","date_gmt":"2013-06-29T20:04:13","guid":{"rendered":"http:\/\/www.kirdki.com\/?p=1274"},"modified":"2020-03-25T19:35:38","modified_gmt":"2020-03-25T16:35:38","slug":"muftiye-sewregi-usman-esad-efendiye-babij","status":"publish","type":"post","link":"https:\/\/www.kirdki.com\/?p=1274","title":{"rendered":"Muft\u00eey\u00ea S\u00eawreg\u00ee Usman Esad Efend\u00eey\u00ea Babij"},"content":{"rendered":"<p style=\"text-align: center;\"><strong>MUFT\u00ceY\u00ca S\u00caWREGI USMAN ESAD EFEND\u00ceY\u00ca BABIJ<\/strong><\/p>\n<p align=\"right\"><strong>\u00a0 \u00a0 \u00a0 \u00a0 \u00a0 \u00a0 \u00a0 \u00a0 \u00a0 \u00a0 \u00a0 \u00a0 \u00a0 \u00a0 \u00a0 \u00a0 \u00a0 \u00a0 \u00a0 \u00a0 \u00a0 \u00a0 \u00a0 \u00a0 \u00a0 \u00a0 \u00a0 \u00a0 \u00a0 \u00a0 \u00a0 \u00a0 \u00a0 \u00a0 \u00a0 \u00a0 \u00a0 \u00a0 \u00a0 \u00a0 \u00a0 \u00a0 \u00a0 \u00a0 \u00a0 \u00a0 \u00a0 \u00a0 \u00a0 \u00a0 \u00a0 \u00a0 \u00a0 \u00a0 \u00a0 \u00a0 \u00a0 \u00a0 \u00a0 \u00a0 \u00a0 \u00a0 \u00a0 \u00a0 \u00a0 \u00a0 \u00a0 \u00a0 \u00a0 \u00a0 \u00a0 \u00a0 \u00a0 \u00a0 \u00a0 \u00a0 \u00a0 \u00a0 \u00a0 \u00a0 \u00a0 \u00a0 \u00a0 \u00a0 \u00a0 \u00a0 \u00a0 \u00a0 \u00a0 \u00a0 \u00a0 \u00a0 \u00a0 \u00a0 \u00a0 \u00a0 \u00a0 \u00a0 \u00a0 \u00a0 \u00a0 \u00a0 \u00a0 \u00a0 \u00a0 \u00a0 \u00a0 \u00a0 \u00a0 \u00a0 \u00a0 \u00a0 \u00a0 \u00a0 \u00a0 \u00a0 \u00a0 \u00a0 \u00a0 \u00a0 \u00a0 \u00a0 \u00a0 \u00a0 \u00a0 \u00a0 \u00a0 \u00a0 \u00a0 \u00a0 \u00a0 \u00a0 \u00a0 \u00a0 \u00a0 \u00a0 \u00a0 \u00a0 \u00a0 \u00a0 Wisif ZOZAN\u00ce<\/strong><\/p>\n<p align=\"center\"><a href=\"http:\/\/www.kirdki.com\/wp-content\/uploads\/2013\/06\/babij.jpg\"><img loading=\"lazy\" decoding=\"async\" class=\"alignnone size-full wp-image-1275\" alt=\"babij\" src=\"http:\/\/www.kirdki.com\/wp-content\/uploads\/2013\/06\/babij.jpg\" width=\"420\" height=\"573\" srcset=\"https:\/\/www.kirdki.com\/wp-content\/uploads\/2013\/06\/babij.jpg 420w, https:\/\/www.kirdki.com\/wp-content\/uploads\/2013\/06\/babij-219x300.jpg 219w\" sizes=\"auto, (max-width: 420px) 100vw, 420px\" \/><\/a><\/p>\n<p align=\"center\"><strong>Usman Esad Efend\u00eey\u00ea Babij (1852-1929)<\/strong><\/p>\n<p>Usman Efend\u00ee serra 1268\/1852 de S\u00eawregi de mehlaya Cam\u00eeya Keb\u00eer\u00ee de ame dinya. Bab\u00eey\u00ea ey Hec\u00ee Eyub Efend\u00ee yo. E\u015f\u00eera ey dewa Bab ra ya. No rid ra ci r\u00ea van\u00ea Babij. Mehemed El\u00ee Ewn\u00ee z\u00ee sey ey e\u015f\u00eera Bab\u00ee ra bi. Usman Efend\u00ee wendi\u015f\u00ea xo yo ewil\u00een \u00fb m\u00eeyan\u00een ra pey, \u015fi medresa, Zulf\u00eeqar Zuhd\u00ee Efend\u00ee het derse wende. Serra 1874 de wendi\u015f\u00ea xo qed\u00eena \u00fb serra 1881 de z\u00ee \u00eecaze girewt. Serra 1884 de memuriyet\u00ea xo sey azay\u00ea mehkemaya ew\u00eeline y\u00ea qezaya S\u00eawregi dest p\u00eakerd.<\/p>\n<p>Bad\u00ea merg\u00ea seyday\u00ea xo Zulf\u00eeqar Zuhd\u00ee Efend\u00ee, serra 1905 de tay\u00een bi muft\u00eey\u00eey\u00ea bajar\u00ea S\u00eawregi. Label\u00ea yew mude cuwa pey beynatey\u00ea Usman Efend\u00ee \u00fb muteserif\u00ea (wal\u00ee) S\u00eawregi xerip\u00eeya. Muteserif Cemal Ezm\u00ee beg serra 1909 \u00fb a\u015fma sibate de wal\u00eet\u00eeya D\u00eeyarbekir\u00ee ra waz\u00eefe ra girewti\u015f\u00ea Usman Efend\u00ee wa\u015ft. Wal\u00eet\u00eeya D\u00eeyarbekir\u00ee semed\u00ea tehq\u00eeqat\u00ee ya yew heyet na ro. Heyet\u00ee, tehq\u00eeqat vira\u015ft \u00fb semed\u00ea girewti\u015f\u00ea Usman Efend\u00ee r\u00ea sebeb\u00eak n\u00ead\u00ee. Heto b\u00een ra z\u00ee heyet\u00ee ca kerd ke heme \u015f\u00eekayet\u00ee ke viraz\u00eeyay, p\u00earoy\u00ea \u00eenan p\u00ea vatey\u00ea muteserif\u00ea bajar\u00ee viraz\u00eeyay\u00ea. Naye ra pey Usman Efend\u00ee serra 1917 de payey\u00ea Mexrec\u00ee girewt. Xeyl\u00eak serr\u00ee z\u00ee muft\u00eey\u00eeya S\u00eawregi kerd.<\/p>\n<p align=\"center\">\u00a0<a href=\"http:\/\/www.kirdki.com\/wp-content\/uploads\/2013\/06\/mohr1.jpg\"><img loading=\"lazy\" decoding=\"async\" class=\"alignnone size-full wp-image-1276\" alt=\"mohr1\" src=\"http:\/\/www.kirdki.com\/wp-content\/uploads\/2013\/06\/mohr1.jpg\" width=\"646\" height=\"444\" srcset=\"https:\/\/www.kirdki.com\/wp-content\/uploads\/2013\/06\/mohr1.jpg 646w, https:\/\/www.kirdki.com\/wp-content\/uploads\/2013\/06\/mohr1-300x206.jpg 300w\" sizes=\"auto, (max-width: 646px) 100vw, 646px\" \/><\/a><\/p>\n<p align=\"center\"><strong>Wexto ke Usman Efend\u00ee muft\u00eey\u00eeye kerda no mohr \u015fuxulnayo. Mohr de \u201cUsman Esad bin Eyyub 1322 [1904]\u201d nuseno<\/strong><\/p>\n<p>Usman Efend\u00ee semed\u00ea kirdk\u00ee xizemt\u00eako p\u00eel kerdo. No xizmet\u00ea ey nu\u015fti\u015f\u00ea kitab\u00ea Mewlid\u00ea Dimil\u00ee yo. Usman Efend\u00ee wexto ke S\u00eawregi de muft\u00eey\u00eeya bajar\u00ee kerd\u00eane beynatey\u00ea ey \u00fb yewna alim\u00ea S\u00eawreg\u00eei Yusuf Sam\u00ee Efend\u00ee de reqabet bibi. \u015ear\u00ea bajar\u00ee z\u00ee no waziyet zanayn\u00ee. Roj\u00eak Yusuf Sam\u00ee Efend\u00ee p\u00ea ziwan\u00ea Usmank\u00ee yew mewlid nu\u015ft \u00fb \u00e7ap kerd. No mewlid m\u00eeyan\u00ea \u015far\u00ea S\u00eawregi ra vila bi. \u015ear ame Usman Efend\u00ee het \u00fb wasf\u00ea mewlid\u00ea Yusuf Sam\u00ee Efend\u00ee da. Naye ser o Usman Esad Efend\u00ee kewt zere \u00fb ey z\u00ee yew mewlid nu\u015ft. Dima ra ame m\u00eeyan\u00ea \u015far\u00ee \u00fb va mi z\u00ee yew mewlid nu\u015fto. \u015ear\u00ee va no \u00e7\u00eey\u00eako newe n\u00eeyo \u00fb huner n\u00eeyo. Usman Efend\u00ee va, Yusuf Sam\u00ee efend\u00ee yew ziwano ke tede cuwa ver z\u00ee kitab\u00ee amey\u00ea nu\u015fti\u015f o ziwan de nu\u015fto. Label\u00ea mi o tewir yew ziwan de nu\u015fto ke ver\u00ea c\u00fb tu eser\u00eak p\u00ea n\u00ea ziwan\u00ee n\u00eaamo nu\u015fti\u015f. Huner\u00ea mi no yo. No mewlid\u00ea Usman Efend\u00ee we\u015fiy\u00ea ey de n\u00eaame \u00e7apkerdi\u015f. Label\u00ea \u00e7ar serr\u00ee bad\u00ea merg\u00ea ey p\u00ea dest\u00ea Celadet Al\u00ee Bedirxan\u00ee serra 1933 de ame \u00e7apkerdi\u015f. Usman Esad Efend\u00eeyo Babij, 24 adare serra 1929 de \u015fi rehmet. Homa rehme bero ey ser.<\/p>\n<p align=\"center\">\u00a0<a href=\"http:\/\/www.kirdki.com\/wp-content\/uploads\/2013\/06\/mezel-babij.jpg\"><img loading=\"lazy\" decoding=\"async\" class=\"alignnone size-full wp-image-1277\" alt=\"mezel babij\" src=\"http:\/\/www.kirdki.com\/wp-content\/uploads\/2013\/06\/mezel-babij.jpg\" width=\"594\" height=\"698\" srcset=\"https:\/\/www.kirdki.com\/wp-content\/uploads\/2013\/06\/mezel-babij.jpg 594w, https:\/\/www.kirdki.com\/wp-content\/uploads\/2013\/06\/mezel-babij-255x300.jpg 255w\" sizes=\"auto, (max-width: 594px) 100vw, 594px\" \/><\/a><\/p>\n<p align=\"center\">Mezel\u00ea Usman Efend\u00eey\u00ea Babij\u00ee<\/p>\n<p align=\"center\">\u00a0<a href=\"http:\/\/www.kirdki.com\/wp-content\/uploads\/2013\/06\/verkoley-babij.jpg\"><img loading=\"lazy\" decoding=\"async\" class=\"alignnone size-full wp-image-1278\" alt=\"verkoley babij\" src=\"http:\/\/www.kirdki.com\/wp-content\/uploads\/2013\/06\/verkoley-babij.jpg\" width=\"259\" height=\"796\" \/><\/a><\/p>\n<p align=\"center\">Verkoley\u00ea mezel\u00ea Usman Efend\u00ee<\/p>\n<p align=\"center\">\u00a0<a href=\"http:\/\/www.kirdki.com\/wp-content\/uploads\/2013\/06\/ripel-mewlud.jpg\"><img loading=\"lazy\" decoding=\"async\" class=\"alignnone size-full wp-image-1279\" alt=\"ripel mewlud\" src=\"http:\/\/www.kirdki.com\/wp-content\/uploads\/2013\/06\/ripel-mewlud.jpg\" width=\"481\" height=\"763\" srcset=\"https:\/\/www.kirdki.com\/wp-content\/uploads\/2013\/06\/ripel-mewlud.jpg 481w, https:\/\/www.kirdki.com\/wp-content\/uploads\/2013\/06\/ripel-mewlud-189x300.jpg 189w\" sizes=\"auto, (max-width: 481px) 100vw, 481px\" \/><\/a><\/p>\n<p align=\"center\">Mewlid\u00ea Usman Efend\u00eey\u00ea Babij\u00ee r\u00eepel\u00ea belg\u00ee<\/p>\n<p align=\"center\">Mewl\u00fbda Neb\u00ee, B\u00eey\u00ee\u015fa P\u00eaxember\u00ee, Bi Kurdiya Dumil\u00ee, Zaraway\u00ea S\u00eewereg\u00ea, Kitabaxana Hawar\u00ea, Hejmar 4, Matbaatu\u2019t-Teraqq\u00ee b\u00ee Dime\u015fq 1353\/1933<\/p>\n<p align=\"center\">\u00a0<a href=\"http:\/\/www.kirdki.com\/wp-content\/uploads\/2013\/06\/ripel-mewlud-ewil.png\"><img loading=\"lazy\" decoding=\"async\" class=\"alignnone size-full wp-image-1280\" alt=\"ripel mewlud ewil\" src=\"http:\/\/www.kirdki.com\/wp-content\/uploads\/2013\/06\/ripel-mewlud-ewil.png\" width=\"548\" height=\"822\" srcset=\"https:\/\/www.kirdki.com\/wp-content\/uploads\/2013\/06\/ripel-mewlud-ewil.png 548w, https:\/\/www.kirdki.com\/wp-content\/uploads\/2013\/06\/ripel-mewlud-ewil-200x300.png 200w\" sizes=\"auto, (max-width: 548px) 100vw, 548px\" \/><\/a><\/p>\n<p align=\"center\">Mewlid\u00ea Usman Efend\u00eey\u00ea Babij\u00ee r\u00eepelo ewil\u00een<\/p>\n<p align=\"center\">\u00a0<a href=\"http:\/\/www.kirdki.com\/wp-content\/uploads\/2013\/06\/ripel-mewlud-peyn.jpg\"><img loading=\"lazy\" decoding=\"async\" class=\"alignnone size-full wp-image-1281\" alt=\"ripel mewlud peyn\" src=\"http:\/\/www.kirdki.com\/wp-content\/uploads\/2013\/06\/ripel-mewlud-peyn.jpg\" width=\"538\" height=\"871\" srcset=\"https:\/\/www.kirdki.com\/wp-content\/uploads\/2013\/06\/ripel-mewlud-peyn.jpg 538w, https:\/\/www.kirdki.com\/wp-content\/uploads\/2013\/06\/ripel-mewlud-peyn-185x300.jpg 185w\" sizes=\"auto, (max-width: 538px) 100vw, 538px\" \/><\/a><\/p>\n<p align=\"center\">Mewlid\u00ea Usman Efend\u00eey\u00ea Babij\u00ee r\u00eepelo pey\u00ean<\/p>\n","protected":false},"excerpt":{"rendered":"<p>MUFT\u00ceY\u00ca S\u00caWREGI USMAN ESAD EFEND\u00ceY\u00ca BABIJ \u00a0 \u00a0 \u00a0 \u00a0 \u00a0 \u00a0 \u00a0 \u00a0 \u00a0 \u00a0 \u00a0 \u00a0 \u00a0 \u00a0 \u00a0 \u00a0 \u00a0 \u00a0 \u00a0 \u00a0 \u00a0 \u00a0 \u00a0 \u00a0 \u00a0 \u00a0 \u00a0 \u00a0 \u00a0 \u00a0 \u00a0 \u00a0 \u00a0 \u00a0 \u00a0 \u00a0 \u00a0 \u00a0 \u00a0 \u00a0 \u00a0 \u00a0 \u00a0 \u00a0 \u00a0 \u00a0 \u00a0 \u00a0 \u00a0 &hellip;<\/p>\n","protected":false},"author":1,"featured_media":1275,"comment_status":"closed","ping_status":"open","sticky":false,"template":"","format":"standard","meta":{"footnotes":""},"categories":[61],"tags":[],"class_list":["post-1274","post","type-post","status-publish","format-standard","has-post-thumbnail","","category-biyografi"],"_links":{"self":[{"href":"https:\/\/www.kirdki.com\/index.php?rest_route=\/wp\/v2\/posts\/1274","targetHints":{"allow":["GET"]}}],"collection":[{"href":"https:\/\/www.kirdki.com\/index.php?rest_route=\/wp\/v2\/posts"}],"about":[{"href":"https:\/\/www.kirdki.com\/index.php?rest_route=\/wp\/v2\/types\/post"}],"author":[{"embeddable":true,"href":"https:\/\/www.kirdki.com\/index.php?rest_route=\/wp\/v2\/users\/1"}],"replies":[{"embeddable":true,"href":"https:\/\/www.kirdki.com\/index.php?rest_route=%2Fwp%2Fv2%2Fcomments&post=1274"}],"version-history":[{"count":3,"href":"https:\/\/www.kirdki.com\/index.php?rest_route=\/wp\/v2\/posts\/1274\/revisions"}],"predecessor-version":[{"id":2998,"href":"https:\/\/www.kirdki.com\/index.php?rest_route=\/wp\/v2\/posts\/1274\/revisions\/2998"}],"wp:featuredmedia":[{"embeddable":true,"href":"https:\/\/www.kirdki.com\/index.php?rest_route=\/wp\/v2\/media\/1275"}],"wp:attachment":[{"href":"https:\/\/www.kirdki.com\/index.php?rest_route=%2Fwp%2Fv2%2Fmedia&parent=1274"}],"wp:term":[{"taxonomy":"category","embeddable":true,"href":"https:\/\/www.kirdki.com\/index.php?rest_route=%2Fwp%2Fv2%2Fcategories&post=1274"},{"taxonomy":"post_tag","embeddable":true,"href":"https:\/\/www.kirdki.com\/index.php?rest_route=%2Fwp%2Fv2%2Ftags&post=1274"}],"curies":[{"name":"wp","href":"https:\/\/api.w.org\/{rel}","templated":true}]}}