{"id":1263,"date":"2013-06-29T22:50:30","date_gmt":"2013-06-29T19:50:30","guid":{"rendered":"http:\/\/www.kirdki.com\/?p=1263"},"modified":"2020-03-25T19:35:38","modified_gmt":"2020-03-25T16:35:38","slug":"wezir-dinceri-ra-qali-girdi","status":"publish","type":"post","link":"https:\/\/www.kirdki.com\/?p=1263","title":{"rendered":"Wez\u00eer D\u00een\u00e7er\u00ee ra qal\u00ee gird\u00ee!"},"content":{"rendered":"<p><a href=\"http:\/\/www.kirdki.com\/wp-content\/uploads\/2013\/06\/omerdincer.jpg\"><img loading=\"lazy\" decoding=\"async\" class=\"aligncenter\" alt=\"omerdincer\" src=\"http:\/\/www.kirdki.com\/wp-content\/uploads\/2013\/06\/omerdincer.jpg\" width=\"480\" height=\"320\" \/><\/a><\/p>\n<p>Wez\u00eer\u00ea perwerdey\u00ea mil\u00ee y\u00ea Tirk\u00eeya Umer D\u00een\u00e7er zaningeh\u00ea \u00c7ewl\u00eeg\u00ee de va: Serrn\u00ea ma zazak\u00ee sey yew leh\u00e7e ney, sey yew ziwano c\u00eeya hesebn\u00ean\u00ee \u00fb gorey\u00ea ey ma hereket ken\u00ee.<\/p>\n<p>Semed\u00ea roja \u00e7ewl\u00eegijan\u00ea dinyay\u00ee ya wez\u00eer\u00ea perwerdey\u00ea mil\u00ee y\u00ea Tirk\u00eeya Umer D\u00een\u00e7er ame \u00c7ewl\u00eeg. \u00c7ewl\u00eeg de 12.12.2012 ke \u00e7end tenan xo sere ra \u00eelan kerd ke na roje, roja \u00e7ewl\u00eegijan\u00ea dinyay\u00ee ya. Na roja p\u00eeroz\u00ee(!) ver a bi pa\u015ftday\u00ee\u015f\u00ea v\u00eelayet\u00ea \u00c7ewl\u00eeg\u00ee ya yew qonser seba \u015far\u00ee, yew \u015fewa \u015f\u00eanayi\u015f\u00ee, akerdi\u015f\u00ea kitabxaney\u00ea zan\u00eengeha \u00c7ewl\u00eeg\u00ee \u00fb zaningeh\u00ea \u00c7ewl\u00eeg\u00ee de yew panel ame organ\u00eeze kerdene.<\/p>\n<p>Qonsero ke seba \u015far\u00ee ya ameyo organ\u00eeze kerdene \u00c7ewl\u00eeg de qew\u015fax\u00ea PTT\u2019de bi. Qonser de dey\u00eervanan\u00ea \u00e7ewl\u00eegijan ra Maral, \u00cebrah\u00eem Musaoxlu \u00fb Servet Kocakaya dey\u00eer\u00ee vat\u00ee.<\/p>\n<p>Dima kitabxaney\u00ea zaningeh\u00ea \u00c7ewl\u00eeg\u00ee dest\u00ea Umer D\u00een\u00e7er\u2019\u00ee ra bi \u00e7epikan ame akerdene.<\/p>\n<p>\u015eewe z\u00ee b\u00eenaya Merkez\u00ea \u00c7and\u00ee(Kultur) de semed\u00ea TRT 6\u2019\u00ee yew bername(program) viraz\u00eeya. Bername de lawik\u00ee amey\u00ee vati\u015f \u00fb kes\u00ea ke amey\u00ee silay\u00eekerdene p\u00earo p\u00eeya govend girewt. \u015eewe de mebus\u00ea \u00c7ewl\u00eeg\u00ee wez\u00eer Cevdet Yilmaz, qey xatira na roj\u00ee yew m\u00ea\u015fna r\u00ea diw\u00eas heb\u00ee zerd\u00ee kerd\u00ee pa.<\/p>\n<p>A \u015fewe wez\u00eer\u00ea perwerdey\u00ee Umer D\u00een\u00e7er, tes\u00eesan\u00ea zan\u00eengeh de ame misafirkerdi\u015f.<\/p>\n<p>Roja b\u00een zaningeh\u00ea \u00c7ewl\u00eeg\u00ee de yew panel viraz\u00eeya. Panel de Umer D\u00een\u00e7er va ke: Ma wexto ke dersa zazak\u00ee kerd\u00ean\u00ee hedre ma zazak\u00ee yew vers\u00eeyon\u00ea Kurd\u00ee f\u00eek\u00eer\u00eey\u00ea. H\u00eena rast\u00ea ci \u00ea ke kitab kerd\u00ea hedre, \u00ea o tewir f\u00eek\u00eer\u00eey\u00eab\u00ee. Ma z\u00ee pispor\u00eeya eyin r\u00ea bawer\u00eeya xo ardibi. La serra b\u00een ma wexto ke kitaban\u00ea ders\u00ee nu\u015ft, ma zazak\u00ee sey yew vers\u00eeyon\u00ea Kurd\u00ee ney sey yew ziwano c\u00eeya an\u00ee \u015fima ver.<\/p>\n<p>Ma z\u00ee wez\u00eer\u00ee, seba n\u00ea qalan\u00ea girdan rexne ken\u00ee \u00fb van\u00ee ke destan\u00ea xo milet\u00ea ma ser ra bianc\u00een.<\/p>\n<p>&nbsp;<\/p>\n<p>V\u00eedeo: http:\/\/www.youtube.com\/watch?v=9z2J8d1Tvsw<\/p>\n","protected":false},"excerpt":{"rendered":"<p>Wez\u00eer\u00ea perwerdey\u00ea mil\u00ee y\u00ea Tirk\u00eeya Umer D\u00een\u00e7er zaningeh\u00ea \u00c7ewl\u00eeg\u00ee de va: Serrn\u00ea ma zazak\u00ee sey yew leh\u00e7e ney, sey yew ziwano c\u00eeya hesebn\u00ean\u00ee \u00fb gorey\u00ea ey ma hereket ken\u00ee. Semed\u00ea roja \u00e7ewl\u00eegijan\u00ea dinyay\u00ee ya wez\u00eer\u00ea perwerdey\u00ea mil\u00ee y\u00ea Tirk\u00eeya Umer D\u00een\u00e7er ame \u00c7ewl\u00eeg. \u00c7ewl\u00eeg de 12.12.2012 ke \u00e7end tenan xo sere ra \u00eelan kerd ke &hellip;<\/p>\n","protected":false},"author":1,"featured_media":1264,"comment_status":"closed","ping_status":"open","sticky":false,"template":"","format":"standard","meta":{"footnotes":""},"categories":[1],"tags":[],"class_list":["post-1263","post","type-post","status-publish","format-standard","has-post-thumbnail","","category-gen"],"_links":{"self":[{"href":"https:\/\/www.kirdki.com\/index.php?rest_route=\/wp\/v2\/posts\/1263","targetHints":{"allow":["GET"]}}],"collection":[{"href":"https:\/\/www.kirdki.com\/index.php?rest_route=\/wp\/v2\/posts"}],"about":[{"href":"https:\/\/www.kirdki.com\/index.php?rest_route=\/wp\/v2\/types\/post"}],"author":[{"embeddable":true,"href":"https:\/\/www.kirdki.com\/index.php?rest_route=\/wp\/v2\/users\/1"}],"replies":[{"embeddable":true,"href":"https:\/\/www.kirdki.com\/index.php?rest_route=%2Fwp%2Fv2%2Fcomments&post=1263"}],"version-history":[{"count":4,"href":"https:\/\/www.kirdki.com\/index.php?rest_route=\/wp\/v2\/posts\/1263\/revisions"}],"predecessor-version":[{"id":3000,"href":"https:\/\/www.kirdki.com\/index.php?rest_route=\/wp\/v2\/posts\/1263\/revisions\/3000"}],"wp:featuredmedia":[{"embeddable":true,"href":"https:\/\/www.kirdki.com\/index.php?rest_route=\/wp\/v2\/media\/1264"}],"wp:attachment":[{"href":"https:\/\/www.kirdki.com\/index.php?rest_route=%2Fwp%2Fv2%2Fmedia&parent=1263"}],"wp:term":[{"taxonomy":"category","embeddable":true,"href":"https:\/\/www.kirdki.com\/index.php?rest_route=%2Fwp%2Fv2%2Fcategories&post=1263"},{"taxonomy":"post_tag","embeddable":true,"href":"https:\/\/www.kirdki.com\/index.php?rest_route=%2Fwp%2Fv2%2Ftags&post=1263"}],"curies":[{"name":"wp","href":"https:\/\/api.w.org\/{rel}","templated":true}]}}