{"id":1250,"date":"2013-06-29T22:14:46","date_gmt":"2013-06-29T19:14:46","guid":{"rendered":"http:\/\/www.kirdki.com\/?p=1250"},"modified":"2020-03-25T19:35:39","modified_gmt":"2020-03-25T16:35:39","slug":"tarixe-kirdan-re-cimeyeko-muhim","status":"publish","type":"post","link":"https:\/\/www.kirdki.com\/?p=1250","title":{"rendered":"Tar\u00eex\u00ea Kirdan R\u00ea \u00c7imey\u00eako Muh\u00eem"},"content":{"rendered":"<p style=\"text-align: center;\"><a href=\"http:\/\/www.kirdki.com\/wp-content\/uploads\/2013\/06\/pietschmann.jpg\"><img loading=\"lazy\" decoding=\"async\" class=\"alignnone size-full wp-image-1251\" alt=\"pietschmann\" src=\"http:\/\/www.kirdki.com\/wp-content\/uploads\/2013\/06\/pietschmann.jpg\" width=\"317\" height=\"420\" srcset=\"https:\/\/www.kirdki.com\/wp-content\/uploads\/2013\/06\/pietschmann.jpg 317w, https:\/\/www.kirdki.com\/wp-content\/uploads\/2013\/06\/pietschmann-226x300.jpg 226w\" sizes=\"auto, (max-width: 317px) 100vw, 317px\" \/><\/a><\/p>\n<p><em><strong>Viktor Pietschmann (1881-1956)<\/strong><\/em>\u00a0esil\u00ea xo Awusturya ra yo. Muzey\u00ea tar\u00eex\u00ea teb\u00eeet\u00ea W\u00eeyana de xebetiyo. Xususen maseyan ser o xebat kerdo. Zaf cayan ra nim\u00fbney\u00ea maseyan ar\u00ea dayo. Behr\u00ea Barents\u00ee, Gronland, Kurdistan, Ermen\u00eestan, Hawa\u00ee, Romanya \u00fb Polonya ra g\u00earayo \u00fb mas\u00ea ar\u00ea day\u00ee. Zaf cins\u00ea maseyan ca kerd\u00ee. Serra 1932 de Part\u00eeya Karkeran\u00ea Sosyalist\u00ee y\u00ea Almanya NSDAP r\u00ea bi endam. Serra 1946 de teqawid bi. 11 te\u015fr\u00eene(kas\u0131m) 1956 de merd. Wexto ke serra 1914 de Kurdistan \u00fb Ermenistan ra g\u00eara, xeyl\u00eak fotograf\u00ee z\u00ee antb\u00ee. Bad\u00ea c\u00fb n\u00ea fotograf\u00ea xo yew kitab de ard\u00ee p\u00easer. No kitab\u00ea ey serra 1940 de W\u00eeyana de \u00e7ap bi. Namey\u00ea kitab\u00ea ci \u201c<strong>Durch kurdische Berge und armenische St\u00e4dte : Tagebuch der \u00f6sterreichischen Armenienexpedition 1914\u201d<\/strong>\u00a0(Koy\u00ea Kurdan \u00fb Bajar\u00ea Ermen\u00eeyan ra) yo.<\/p>\n<p>N\u00ea fotograf\u00ee seba tar\u00eex\u00ea ma \u00e7imey\u00ea muhim\u00ee y\u00ea.<\/p>\n<p><strong><a href=\"index.php\/fotograf\/category\/2-viktor-pietschmann\">Seba galer\u00ee ya bitikn\u00een&#8230;<\/a><\/strong><\/p>\n<p>&nbsp;<\/p>\n","protected":false},"excerpt":{"rendered":"<p>Viktor Pietschmann (1881-1956)\u00a0esil\u00ea xo Awusturya ra yo. Muzey\u00ea tar\u00eex\u00ea teb\u00eeet\u00ea W\u00eeyana de xebetiyo. Xususen maseyan ser o xebat kerdo. Zaf cayan ra nim\u00fbney\u00ea maseyan ar\u00ea dayo. Behr\u00ea Barents\u00ee, Gronland, Kurdistan, Ermen\u00eestan, Hawa\u00ee, Romanya \u00fb Polonya ra g\u00earayo \u00fb mas\u00ea ar\u00ea day\u00ee. Zaf cins\u00ea maseyan ca kerd\u00ee. Serra 1932 de Part\u00eeya Karkeran\u00ea Sosyalist\u00ee y\u00ea Almanya NSDAP &hellip;<\/p>\n","protected":false},"author":1,"featured_media":1251,"comment_status":"closed","ping_status":"open","sticky":false,"template":"","format":"standard","meta":{"footnotes":""},"categories":[53],"tags":[],"class_list":["post-1250","post","type-post","status-publish","format-standard","has-post-thumbnail","","category-tarix"],"_links":{"self":[{"href":"https:\/\/www.kirdki.com\/index.php?rest_route=\/wp\/v2\/posts\/1250","targetHints":{"allow":["GET"]}}],"collection":[{"href":"https:\/\/www.kirdki.com\/index.php?rest_route=\/wp\/v2\/posts"}],"about":[{"href":"https:\/\/www.kirdki.com\/index.php?rest_route=\/wp\/v2\/types\/post"}],"author":[{"embeddable":true,"href":"https:\/\/www.kirdki.com\/index.php?rest_route=\/wp\/v2\/users\/1"}],"replies":[{"embeddable":true,"href":"https:\/\/www.kirdki.com\/index.php?rest_route=%2Fwp%2Fv2%2Fcomments&post=1250"}],"version-history":[{"count":3,"href":"https:\/\/www.kirdki.com\/index.php?rest_route=\/wp\/v2\/posts\/1250\/revisions"}],"predecessor-version":[{"id":1253,"href":"https:\/\/www.kirdki.com\/index.php?rest_route=\/wp\/v2\/posts\/1250\/revisions\/1253"}],"wp:featuredmedia":[{"embeddable":true,"href":"https:\/\/www.kirdki.com\/index.php?rest_route=\/wp\/v2\/media\/1251"}],"wp:attachment":[{"href":"https:\/\/www.kirdki.com\/index.php?rest_route=%2Fwp%2Fv2%2Fmedia&parent=1250"}],"wp:term":[{"taxonomy":"category","embeddable":true,"href":"https:\/\/www.kirdki.com\/index.php?rest_route=%2Fwp%2Fv2%2Fcategories&post=1250"},{"taxonomy":"post_tag","embeddable":true,"href":"https:\/\/www.kirdki.com\/index.php?rest_route=%2Fwp%2Fv2%2Ftags&post=1250"}],"curies":[{"name":"wp","href":"https:\/\/api.w.org\/{rel}","templated":true}]}}