{"id":1194,"date":"2013-05-05T19:54:06","date_gmt":"2013-05-05T16:54:06","guid":{"rendered":"http:\/\/www.kirdki.com\/?p=1194"},"modified":"2020-03-25T19:35:41","modified_gmt":"2020-03-25T16:35:41","slug":"mehemed-eli-ewni","status":"publish","type":"post","link":"https:\/\/www.kirdki.com\/?p=1194","title":{"rendered":"Mehemed El\u00ee Ewn\u00ee"},"content":{"rendered":"<h2>Asm\u00ean\u00ea Kirdan ra Estarey\u00eako Nimite: Mehemed El\u00ee Ewn\u00ee<\/h2>\n<p style=\"text-align: right;\"><strong>Wisif Zozan\u00ee<\/strong><\/p>\n<p><strong>\u00a0<\/strong><\/p>\n<p align=\"right\"><strong><em>Ji El\u00ee Ewen\u00ee re<\/em><\/strong><\/p>\n<p align=\"right\"><em>Ey Ewn\u00ee ey El\u00ee beg, ey \u015fehsiwar\u00ea \u00e7alak<br \/>\n<\/em><em>Nav \u00fb deng\u00ea te yek yek, gihane \u00e7erx \u00fb eflak<br \/>\n<\/em><em>Bel\u00ea d\u00fbr\u00ee ji min, wek \u015f\u00ear \u00fb piling \u00ee pir \u00e7ak<br \/>\n<\/em>\u00a0 \u00a0 \u00a0 \u00a0 \u00a0 \u00a0 \u00a0 \u00a0 \u00a0 \u00a0 \u00a0 \u00a0 \u00a0 \u00a0 \u00a0 \u00a0 \u00a0 \u00a0 \u00a0 \u00a0 \u00a0 \u00a0 \u00a0 \u00a0(<strong>Cegerxw\u00een, D\u00eewana Yekan<\/strong>)<\/p>\n<p>Mehemed El\u00ee Ewn\u00ee laj\u00ea Ebdulqadir Ewn\u00ee Efend\u00ee \u00fb torn\u00ea Mehemed El\u00ee Axa yo. Esil xo dimil\u00eeyan\u00ea S\u00eawregi ra yo. E\u015f\u00eer\u00ea Bab\u00ee ra yo. P\u00eerik\u00ee ey Mehemed El\u00ee Axa p\u00eel\u00ee dimil\u00eeyan\u00ea S\u00eawregi bi. Leqab\u00ea ey zi \u201cLac\u00ee Hen\u00ee\u201d\u00a0b\u00ee. Way\u00eer\u00ee xeyl\u00eak eraz\u00ee bi. Ord\u00eey\u00ea Osman\u00eeyan a kehen de rutbey\u00ea\u00a0<em>Del\u00eelba\u015f\u00ee<\/em>\u00a0guretbi.<\/p>\n<p>Bab\u00eey\u00ea ey Hec\u00ee Ebdulqadir Ewn\u00ee Efend\u00ee serr\u00ea 1265 (M\u00eelad\u00ee: 1849) de S\u00eawregi de mehlay\u00ea Cam\u00ee Keb\u00eer de ame dinya. B\u00ea leh\u00e7eyan\u00ea welat\u00ea xo kurmanc\u00ee \u00fb dimilk\u00ee, h\u00eer\u00ea heb ziwan\u00ea b\u00een\u00ee erebk\u00ee, farisk\u00ee \u00fb tirk\u00ee de z\u00ee perwerdey\u00ee \u00fb tedr\u00eesat kerd\u00een. \u00celm\u00ea fiqih de zanaye bi. Vatey\u00ee ey \u00fb kerden\u00ea ey yewb\u00eenan girewt\u00een. Merdimeko way\u00eer\u00ee \u00eexlas bi. \u00c7end rey muft\u00eey\u00ea tekl\u00eef ey bi label\u00ea ey no wez\u00eefeyo giran qebul n\u00eakerd. Bad\u00ea cu azay\u00eey\u00ea \u00eedarey\u00ea bacar\u00ea S\u00eawregi tekl\u00eef ey bi hewna z\u00ee qebul n\u00eakerd. Ters\u00ea ey gure \u00fb karan dinya de \u015fer\u00eeat ra d\u00fbr\u00eekewti\u015f bi. No ridi ra wez\u00eefey\u00ea hukmat\u00ee ra d\u00fbr\u00ee vindert\u00een. Nizd\u00eey\u00ea panc\u00eas serr\u00ee S\u00eawregi de Medresey\u00ea Feyz\u00eeyye de tedr\u00eesat kerd. Na medrese bajar de yewek a. Ey dest ra zaf alim\u00ee vej\u00eeyay. \u00celm\u00ea ziwan\u00ee erebk\u00ee, \u015fi\u00eer \u00fb edeb\u00eeyat de ziwanan\u00ea erebk\u00ee, farisk\u00ee \u00fb tirk\u00ee de xeyl\u00eak alim\u00ee rasnay b\u00ee. Her welat ra feq\u00eey\u00ea eyi bib\u00ee. Erxen\u00ee, Meden, \u00c7\u00earm\u00fbg, Amed, Riha \u00fb W\u00earan\u015far ra feq\u00ee am\u00eani ey het de wend\u00een.<\/p>\n<p align=\"center\"><a href=\"http:\/\/www.kirdki.com\/wp-content\/uploads\/2013\/05\/Eli-Ewn\u00ee.jpg\"><img loading=\"lazy\" decoding=\"async\" class=\"alignnone size-full wp-image-1195\" alt=\"Eli Ewn\u00ee\" src=\"http:\/\/www.kirdki.com\/wp-content\/uploads\/2013\/05\/Eli-Ewn\u00ee.jpg\" width=\"486\" height=\"358\" srcset=\"https:\/\/www.kirdki.com\/wp-content\/uploads\/2013\/05\/Eli-Ewn\u00ee.jpg 486w, https:\/\/www.kirdki.com\/wp-content\/uploads\/2013\/05\/Eli-Ewn\u00ee-300x220.jpg 300w\" sizes=\"auto, (max-width: 486px) 100vw, 486px\" \/><\/a><\/p>\n<p align=\"center\">Qesr\u00ea Ab\u00eed\u00een Pa\u015fay\u00ee<\/p>\n<p>Mezheb\u00ea Fiqih de Henef\u00ee \u00fb ter\u00eeqet de zi Qad\u00eer\u00ee bi. Bad\u00ea c\u00fb bi Neq\u015f\u00eebend\u00ee label\u00ea sey ewam in\u00ee ter\u00eeqet ray\u00eer ra n\u00eaberd\u00een. Sey aliman\u00ea sof\u00eeyan cuw\u00eey\u00ean\u00ee. Zaf m\u00eeyan \u015far\u00ee n\u00eavej\u00eeyen\u00ee \u00fb s\u00fbkan ra z\u00ee n\u00eag\u00earayn\u00ee. Tena qey nimaj\u00ea wext\u00ee cam\u00ee de pa cemata kerdi\u015f \u00fb semed\u00ea nimaj\u00ea roj\u00ea yen\u00ee vej\u00eey\u00ean\u00ee teber. Homa rehm ber ey ser zaf zanaye, salih \u00fb sof\u00ee yew merdim bi. Her gurey xo de ra\u015ft bi. Mesela heq de \u00e7ew\u00ee ra n\u00eaters\u00ean\u00ee. No ridi ra p\u00earo muslumanan, xir\u00eest\u00eeyanan, kurmancan, zazayan, tirkmanan \u00fb tirkan xatir\u00ea ey zan\u00eani. Wexto ke Osman\u00eeyan n\u00eezam\u00ea medreseyan bedelna, Hec\u00ee Ebdulqadir Ewn\u00ee Efend\u00ee tayin bi \u00c7\u00earm\u00fbg. Di h\u00eer\u00ea ser\u00ee uca de mend. Bad\u00ea c\u00fb agera welat\u00ee xo S\u00eawregi. Serr\u00ea 1341 (M\u00eelad\u00ee: 1923) de S\u00eawregi de dinyay\u00ea xo bedelna \u00fb \u015fi rehmet. Yew biray\u00ea Mehemed El\u00ee Ewn\u00ee bi \u00fb namey\u00ea eyi Necmed\u00een Awn\u00ee, 30 serr\u00ee Bexdat de cuwiya. Bexdat de wezar\u00eat\u00ee awday\u00ee\u015f\u00ee de xebity\u00eani label\u00ea rid\u00ea fikiran\u00ea ey\u00ea s\u00eeyas\u00ee ra waz\u00eefe ra g\u00eara. Serr\u00ea 1976 de Bexdat de wefat kerd.<\/p>\n<p>&nbsp;<\/p>\n<p><strong>Cuw\u00eeyay\u00ee\u015f\u00ea Eyi<\/strong><\/p>\n<p>Mehemed El\u00ee Ewn\u00ee serr\u00ea 1315 (M\u00eelad\u00ee: 1897) de S\u00eawregi de ame dinya. Perwerdey\u00ea xo ya ew\u00eelin S\u00eawregi de kerd temam. Dima \u015fi \u00cestanbul uca de mektebo m\u00eeyan\u00een wend. Ini mekteb de gramer\u00ea ziwan\u00ea tirk\u00ee, matemat\u00eek, tar\u00eex, cografya musa. Serr\u00ea 1911 de ini mekteb bi payey\u00ea \u2018<em>al\u00eeyyul a\u2019la<\/em>\u2019 yan\u00ee pey derece ya p\u00eel qed\u00eena. Yew mude ziwan\u00ea farisk\u00ee ser xebat kerd \u00fb edeb\u00eeyat\u00ea in\u00ee ziwan musa. Heto b\u00een ra zi tedr\u00eesat\u00ea d\u00een\u00ee z\u00ee teq\u00eeb kerd.<\/p>\n<p>Semed\u00ea temamkerdi\u015f\u00ea tedr\u00eesat\u00ea xo y\u00ea d\u00een\u00ee \u00fb musay\u00ee\u015f\u00ea \u00eelman\u00ea \u00eeslam\u00ee xayret kerd. Mehemed El\u00ee Ewn\u00ee Qey in\u00ee z\u00ee serr\u00ea 1913 de \u015fi Misir. Uca de un\u00eevers\u00eetey\u00ea Ezher\u00ee \u015eer\u00eef de qeyd bi. M\u00eamanxaney\u00ea\u00a0<em>Rewaqus-Sadat\u00eel-Ekrad<\/em>\u00a0de mend\u00een. 1917 de p\u00eeyor\u00ea dersan\u00ea un\u00eevers\u00eete de serfiraz bi. Zaf mudeyo kilm de nizd\u00eey\u00ea \u015fe\u015f serran de \u00eecaze guret. Ezher de tedr\u00eesat duyes serr\u00ee ramit\u00een. Label\u00ea ey n\u00eemey\u00ea in\u00ee mudet\u00ee de tedr\u00eesat\u00ee xo qed\u00eena. Pey na serfiraz\u00ee z\u00eerek\u00eey\u00ea xo \u00eespat kerd. Bad\u00ea in\u00ee serfiraz\u00eey\u00ea xo un\u00eevers\u00eete de seydayan\u00ea p\u00eelan ra dest bi girewti\u015f\u00ea dersan kerd. Bad\u00ea cu un\u00eevers\u00eetey\u00ea Misir de \u015fax\u00ea tar\u00eex \u00fb cografya wend. Semed\u00ea cig\u00earayi\u015f\u00ea \u00eelm\u00ee serr\u00ea 1922 de pa hevalek\u00ea xo \u015fi Heleb. \u00cetya de xebat\u00ea xo h\u00eena zaf tar\u00eex kurdan ser kerd. Zaf rey al\u00eeman \u00fb tar\u00eexwanan de ami yew ca. Peyn\u00eey\u00ea 1922 de ag\u00eara Misir. Ina ser de d\u00eewan\u00ea qiral\u00ea Misir qey tercuman\u00eey\u00ea ziwan\u00ea tirk\u00ee yew \u00eelan da. Mehemed El\u00ee Ewn\u00ee z\u00ee sere da ini \u00eelan\u00ee. \u00cemt\u00eehan ra ey\u00ea ew\u00eelin vej\u00eeya. Serr\u00ea 1922 de a\u015fm\u00ea gulan de d\u00eewan\u00ea qiral Faruq\u00ea ewil\u00een\u00ee de bi muterc\u00eem. 1923 de un\u00eevers\u00eetey\u00ea Misir qed\u00eena.<\/p>\n<p>&nbsp;<\/p>\n<p>&nbsp;<\/p>\n<p>&nbsp;<\/p>\n<table class=\" aligncenter\" border=\"0\">\n<tbody>\n<tr>\n<td><a href=\"http:\/\/www.kirdki.com\/wp-content\/uploads\/2013\/05\/Eli-Ewn\u00ee2.jpg\"><img loading=\"lazy\" decoding=\"async\" class=\"alignnone size-full wp-image-1196\" alt=\"Eli Ewn\u00ee2\" src=\"http:\/\/www.kirdki.com\/wp-content\/uploads\/2013\/05\/Eli-Ewn\u00ee2.jpg\" width=\"179\" height=\"257\" \/><\/a><\/td>\n<td><a href=\"http:\/\/www.kirdki.com\/wp-content\/uploads\/2013\/05\/Eli-Ewn\u00ee3.jpg\"><img loading=\"lazy\" decoding=\"async\" class=\"alignnone size-full wp-image-1197\" alt=\"Eli Ewn\u00ee3\" src=\"http:\/\/www.kirdki.com\/wp-content\/uploads\/2013\/05\/Eli-Ewn\u00ee3.jpg\" width=\"170\" height=\"241\" \/><\/a><\/td>\n<\/tr>\n<\/tbody>\n<\/table>\n<p align=\"center\">Mehemed El\u00ee Ewn\u00ee (1897-1952)<\/p>\n<p>&nbsp;<\/p>\n<p>Tar\u00eex\u00ea kurdan ser o zaf zanaye bi. S\u00eeyaset\u00ea kurdan de z\u00ee xebat kerd. 1927 de bi azay\u00ea komeley\u00ea Xoyb\u00fbn, bajar\u00ea Qah\u00eere de \u015fax\u00ea na komele na ro. Qah\u00eere de azayan\u00ea kovar\u00ea Hawar ra yew z\u00ee Mehemed El\u00ee \u00cawn\u00ee bi. Meseley\u00ea kurdan de zaf xor\u00ee bi. Vera di\u015fmenan\u00ea milet\u00ea xo mucadele da. Wexto ke tedr\u00eesat\u00ee xo qed\u00eena wa\u015ft ke ag\u00earo welat\u00ea xo label\u00ea hukmat\u00ea tirkan semed\u00ea fikran\u00ea ey \u00ea mill\u00ee n\u00eaverda b\u00earo welat\u00ea xo. In ridi ra mecbur\u00eeyet ra Qah\u00eere de mend.<\/p>\n<p>Semed\u00ea meseley\u00ea kurdan zaf rey\u00ee Ewropa z\u00eeyaret kerd. Qah\u00eere de keyey\u00ea ey\u00ee z\u00eeyaretgah\u00ea feq\u00eeyan \u00fb \u015fagirtan\u00ea kurdan bi. Ey ra zaf malumat \u00fb desteg\u00eer\u00ee guret\u00een.<\/p>\n<p>D\u00eewan\u00ea qiral\u00ea Misir qey \u00e7arnayi\u015f\u00ea ziwanan\u00ea rojhilat \u00eelan\u00eak dabi. Mehemed El\u00ee Ewn\u00ee z\u00ee kewt cerebany\u00ee\u015f \u00fb te ra ay\u00ea ew\u00eelin vej\u00eeya. Qesr\u00ea Ab\u00eed\u00een de Mel\u00eek Faruq het de xebitya. Qah\u00eere de kitabxaney\u00ea qesr \u00eedare kerd.<\/p>\n<p>Heto b\u00een ra zi ferman \u00fb ewraq\u00ea ke wext\u00ea Mehemed El\u00ee Pa\u015fay\u00ee ra mend\u00ee ay pawit\u00een. Rid\u00ea n\u00ea waz\u00eefeyan\u00ea xo ra zaf\u00eey\u00ea aliman\u00ea Misir \u00fb oryantal\u00eestan\u00ea Ewropa de bibi \u015finas\u00ee. X\u00eaylek malumat dabi ar\u00ea.<\/p>\n<p>Mehemed El\u00ee Ewn\u00ee 11 temmuze 1952 de 55 serre bi wefat kerd. In ridi ra uca de defn bi. Milet\u00ea kurd yew q\u00eeymet\u00ea xo v\u00eend\u00ee kerd. Cenazey\u00ea ey Qah\u00eere de tekkey\u00ea el-Mexawer\u00ee de nizd\u00eey\u00ea mezel\u00ea Umer \u00cebnu\u2019l-Fariz de defn bi. Mehemed El\u00ee Ewn\u00ee felsefeya \u00cebnul-Fariz zaf began kerdin. Ewn\u00ee, Zeyneb Mehemed er-Rufa\u00ee de zewijya bi.<\/p>\n<p>Tera di heb laj\u00ee \u00fb yew keyna mend\u00ee. Laj\u00ea ey muhend\u00ees \u00ea. Keynaya ey z\u00ee Durr\u00eeye El\u00ee Ewn\u00ee, rojnamewan a. Kurdan \u00fb meseley\u00ea kurdan ser xebityena. Nay\u00ea ser z\u00ee \u00e7end heb\u00ee kitab \u00fb xeyl\u00eak meqaley\u00ee nu\u015ft\u00ee.<\/p>\n<p align=\"center\"><a href=\"http:\/\/www.kirdki.com\/wp-content\/uploads\/2013\/05\/Eli-Ewn\u00ee4.jpg\"><img loading=\"lazy\" decoding=\"async\" class=\"alignnone size-full wp-image-1198\" alt=\"Eli Ewn\u00ee4\" src=\"http:\/\/www.kirdki.com\/wp-content\/uploads\/2013\/05\/Eli-Ewn\u00ee4.jpg\" width=\"370\" height=\"369\" srcset=\"https:\/\/www.kirdki.com\/wp-content\/uploads\/2013\/05\/Eli-Ewn\u00ee4.jpg 370w, https:\/\/www.kirdki.com\/wp-content\/uploads\/2013\/05\/Eli-Ewn\u00ee4-150x150.jpg 150w, https:\/\/www.kirdki.com\/wp-content\/uploads\/2013\/05\/Eli-Ewn\u00ee4-300x300.jpg 300w\" sizes=\"auto, (max-width: 370px) 100vw, 370px\" \/><\/a><\/p>\n<p align=\"center\">Mehemed El\u00ee Ewn\u00ee tewr qijan \u00fb cen\u00eeya xo<\/p>\n<p>&nbsp;<\/p>\n<p>Qey yadkerdi\u015f\u00ee Mehemed El\u00ee Ewn\u00ee benat\u00ea 1-6 a\u015fm\u00ea te\u015fr\u00eena serr\u00ea 2007 de Hewl\u00ear de bi dest\u00ea wezaret\u00ea kultur\u00ee ya Kurdistana Ba\u015f\u00fbr\u00ee yew mihr\u00eecane viraz\u00eeya. Xeyl\u00eak aliman derheq\u00ea cuwiyayi\u015f \u00fb eseran\u00ea eyi de\u00a0qisdayi\u015f kerd.<\/p>\n<p>&nbsp;<\/p>\n<p><strong>Xebat\u00ee \u00fb Eser\u00ee Mehemed El\u00ee Ewn\u00ee<\/strong><\/p>\n<p><strong>\u00a0<\/strong><\/p>\n<p><strong>1.\u015eerefnamey\u00ea \u015eerefxan\u00ea Bidlis\u00ee<\/strong><\/p>\n<p>Mehemed El\u00ee Ewn\u00ee zaf kitab\u00ee \u00fb zaf meqaley\u00ee nu\u015ft\u00ee \u00fb a\u00e7arnay\u00ee. \u00c7apkerdi\u015f \u00fb \u00e7arnay\u00ee\u015f\u00ea \u015eerefname xebat\u00ea Mehemed El\u00ee Ewn\u00ee ya tewr erj\u00eeyay\u00ee ya. Serr\u00ea 1922 de wext ki kitabxaneyan\u00ea Heleb\u00ee de xebata \u00eelm\u00ee kerd\u00een, kitabxaney\u00ea medresey\u00ea Osman\u00eeye de ra\u015ft\u00ea yew destnu\u015ftey\u00ea \u015eerefname ami. Ini destnu\u015fte ra xo r\u00ea yew nusxa vet. Peyn\u00eey\u00ea serr\u00ea 1923 de wext ki ag\u00eara Misir aya nusxa mojna Ferecullah Zek\u00ee el-Kurd\u00ee<strong>(1)<\/strong>. Ferecullah va; mi z\u00ee n\u00eeyet kerdbi in\u00ee kitabo erj\u00eeyaye \u00e7ap bikir\u00ee. Bad\u00ea cu \u00e7ap\u00ea R\u00fbsya ki beynatey\u00ea serran\u00ea 1860 \u00fb 1862 de bi eya ra z\u00ee yew nusxa vist xo dest. Nusxaya h\u00eereyin zi Sureyya Bedirxan\u00ee ra guret. Hefte de hew\u00eak keyey\u00ea Ferecullah Zek\u00ee de am\u00ean\u00ee t\u00eahet \u00fb destnu\u015fteyan ra metno farisk\u00ee n\u00ean\u00ee t\u00eaver. T\u00eavernay\u00ee\u015f\u00ea nusxayan serr\u00eak dewam kerd. Sureyya Bedirxan semed\u00ea kurdan nizd\u00eey\u00ea 173 heb\u00ee kitab\u00ee eyin r\u00ea er\u015fawit. Serr\u00ea 1926 de mudey\u00eak Celadet Al\u00ee Bedirxan z\u00ee na xebat de ca guret. Mehemed El\u00ee Ewn\u00ee namey\u00ea cayan \u00fb merdiman ser xebitya, Ferecullah Zek\u00ee el-Kurd\u00ee rastkerdi\u015f\u00ee ser xebitya \u00fb Muhy\u00eed\u00een Sabr\u00ee Kan\u00eemi\u015fkan\u00ee z\u00ee het\u00ea Farisk\u00ee ra ziwan\u00ea metn\u00ee ra\u015ft kerd. H\u00eer\u00ea heb\u00ee destnu\u015fteyan\u00ea \u015eerefname y\u00ea \u015eerefxan\u00ea Bidl\u00ees\u00ee n\u00eay t\u00eaver \u00fb dima z\u00ee serr\u00ea 1930 de Misir de \u00e7ap kerd \u00fb tay\u00ee not\u00ee qey \u00eezehet\u00ee \u00eelawe kerd\u00ee.<\/p>\n<table class=\" aligncenter\" border=\"0\">\n<tbody>\n<tr>\n<td><a href=\"http:\/\/www.kirdki.com\/wp-content\/uploads\/2013\/05\/Eli-Ewn\u00ee5.jpg\"><img loading=\"lazy\" decoding=\"async\" class=\"alignnone size-full wp-image-1199\" alt=\"Eli Ewn\u00ee5\" src=\"http:\/\/www.kirdki.com\/wp-content\/uploads\/2013\/05\/Eli-Ewn\u00ee5.jpg\" width=\"264\" height=\"376\" srcset=\"https:\/\/www.kirdki.com\/wp-content\/uploads\/2013\/05\/Eli-Ewn\u00ee5.jpg 264w, https:\/\/www.kirdki.com\/wp-content\/uploads\/2013\/05\/Eli-Ewn\u00ee5-210x300.jpg 210w\" sizes=\"auto, (max-width: 264px) 100vw, 264px\" \/><\/a><\/td>\n<td><a href=\"http:\/\/www.kirdki.com\/wp-content\/uploads\/2013\/05\/Eli-Ewn\u00ee6.jpg\"><img loading=\"lazy\" decoding=\"async\" class=\"alignnone size-full wp-image-1200\" alt=\"Eli Ewn\u00ee6\" src=\"http:\/\/www.kirdki.com\/wp-content\/uploads\/2013\/05\/Eli-Ewn\u00ee6.jpg\" width=\"244\" height=\"363\" srcset=\"https:\/\/www.kirdki.com\/wp-content\/uploads\/2013\/05\/Eli-Ewn\u00ee6.jpg 244w, https:\/\/www.kirdki.com\/wp-content\/uploads\/2013\/05\/Eli-Ewn\u00ee6-201x300.jpg 201w\" sizes=\"auto, (max-width: 244px) 100vw, 244px\" \/><\/a><\/td>\n<\/tr>\n<\/tbody>\n<\/table>\n<p>\u00c7ap\u00ea erebk\u00ee y\u00ea \u015eerefnamey\u00ee &amp; Seyahatnamey\u00ea Ewl\u00eeya \u00c7eleb\u00ee de qisim\u00ea Misir\u00ee<\/p>\n<p><strong>2.\u015eerefnameyo Erebk\u00ee<\/strong><\/p>\n<p>Mehemed El\u00ee Ewn\u00ee bad\u00ea cu z\u00ee metn\u00ea \u015eerefnamey\u00ea farisk\u00ee \u00e7arna erebk\u00ee. Serr\u00ea 1943 de dest bi \u00e7arnay\u00ee\u015f\u00ea c\u00eeld\u00ea ew\u00eelin\u00ea \u015eerefnamey\u00ea farisk\u00ee kerd. No tercume 19\u00ea a\u015fm\u00ea temmuza 1948 de qed\u00eeya. Zaf n\u00eawe\u015f kewtbi la hewna z\u00ee \u00e7arnay\u00ee\u015f\u00ea n\u00ea kitab\u00ea erj\u00eeyaye can\u00eaverda. \u00c7arnay\u00ee\u015f\u00ea cild\u00ea diyin z\u00ee 15 a\u015fm\u00ea \u00ealula 1948 de qed\u00eena. Label\u00ea emr\u00ea eyi semed\u00ea \u00e7apkerdi\u015f\u00ea n\u00ea tercumey\u00ee beqat n\u00eakerd. Bad\u00ea merg\u00ea eyi Yehya el-Xe\u015f\u015fab serr\u00ea 1958 de cildo ew\u00eelin \u00fb serr\u00ea 1962 de z\u00ee cildo diyin Qah\u00eere de \u00e7apkerd.<\/p>\n<p><strong>3.Me\u015fah\u00eerul-Kurd we Kurdistan<\/strong><\/p>\n<p>Derheq\u00ea Kurdan de ey ra ver Mehemed Em\u00een Zek\u00ee z\u00ee xeyl\u00eak xebat kerd bi\u00a0<strong>(2)<\/strong>. Mehemed Em\u00een Zek\u00ee derheq\u00ea kurdan de zaf kitab\u00ee erj\u00eeyaye nu\u015ft\u00ee. \u00cenan ra yew zi\u00a0<strong>Me\u015fah\u00eerul-Kurd we Kurdistan<\/strong>\u00a0bi. No kitab\u00ea xo bi ziwan\u00ea xo nu\u015ftbi. Mehemed El\u00ee Ewn\u00ee z\u00ee no kitab \u00e7arna ziwan\u00ee erebk\u00ee \u00fb tay \u00eelawey\u00ee kerd\u00ee ser.<strong>\u00a0<\/strong><\/p>\n<p><strong>4.Xulasatu-Tar\u00eex\u00ee Kurd we Kurdistan<\/strong><\/p>\n<p>Yew embaz\u00ea Mehemed El\u00ee Ewn\u00ee, serr\u00ea 1933 de no kitab\u00ea Mehemed Em\u00een Zek\u00ee, ci r\u00ea hed\u00eeye kerd. Mehemed El\u00ee Ewn\u00ee z\u00ee no kitab zaravay\u00ea sorank\u00ee ra \u00e7arna ziwan\u00ea erebk\u00ee \u00fb serr\u00ea 1936 de Qah\u00eere de \u00e7ap kerd. No kitab de welat\u00ea kurdan, esl\u00ea kurdan \u00fb ver\u00ea m\u00eelad\u00ee ra hetan\u00ea herb\u00ea dinya y\u00ea yewin tar\u00eex\u00ea kurdan ra behs kerd. Dima bawer\u00eey\u00ea kurdan \u00fb d\u00een\u00ee eyin, edeb\u00eeyat, \u00e7apemen\u00ee \u00fb rojnamewan\u00eey\u00ea kurdan ser vindert. Peyn\u00eey\u00ea kitab\u00ee xo de z\u00ee behs\u00ea e\u015f\u00eeran\u00ea kurdan keno.<\/p>\n<table border=\"0\" align=\"center\">\n<tbody>\n<tr>\n<td><img decoding=\"async\" alt=\"\" src=\"http:\/\/www.kirdki.com\/images\/makaleres\/ewni\/evimage007.jpg\" border=\"0\" \/><\/td>\n<td><img decoding=\"async\" alt=\"\" src=\"http:\/\/www.kirdki.com\/images\/makaleres\/ewni\/evimage009.jpg\" height=\"370\" border=\"0\" \/><\/td>\n<\/tr>\n<\/tbody>\n<\/table>\n<p>\u00c7ap\u00ea farisk\u00ee y\u00ea \u015eerefnamey\u00ee ke bi dest\u00ea Ferecullah Zek\u00ee el Kurd\u00ee \u00fb Mehemed El\u00ee Ewn\u00ee b\u00eeyo ra r\u00eepel\u00eak &amp; Kitab\u00ea Me\u015fah\u00eerul Kurd we Kurdistan<\/p>\n<p><strong>5.Tar\u00eex el-Duwel wel-\u00cemarat el Kurd\u00eeyye f\u00eel Ehd\u00eel \u0130slam\u00ee<\/strong><\/p>\n<p>Serr\u00ea 1945 de dest bi \u00e7arnay\u00ee\u015f\u00ea n\u00ea kitab\u00ee kerd \u00fb 1947 de z\u00ee qed\u00eena. 1948 de Qah\u00eere de \u00e7ap kerd. No kitab behs\u00ea dewletan\u00ea kurdan keno. Ewil dewlet\u00ea ke ver\u00ea \u00eeslam\u00eeyet ron\u00eeyey behs\u00ea eyin kerd. Dima z\u00ee dewlet\u00ee ke bad\u00ea \u00eeslam\u00eeyet ron\u00eeyey eyin ra behs kerd. Peyn\u00ee de z\u00ee behs\u00ea m\u00eereyan\u00ea kurdan kerd.<\/p>\n<p><strong>6.Seyahatnamey\u00ea Misir\u00ee<\/strong><\/p>\n<p>Seyahatnamey\u00ea Ewl\u00eeya \u00c7eleb\u00ee de qismo ki behs\u00ea Misir\u00ee keno serr\u00ea 1952 de ziwan\u00ea Osman\u00ee ra \u00e7arna erebk\u00ee. No kitab de behs\u00ea kurdan\u00ea Misir\u00ee zaf o. Beno ki ini ridi ra\u00a0Mehemed El\u00ee Ewn\u00ee no qisim a\u00e7arna erebk\u00ee.<\/p>\n<p><strong>\u00a0<\/strong><\/p>\n<p><strong>7.R\u00eesaletul Awn\u00eeyye f\u00ee Tercemet\u00eet-Teymur\u00eeyye<\/strong><\/p>\n<p>Mehemed El\u00ee Ewn\u00ee\u00a0Kurdan\u00ea Misir ser z\u00ee xebat kerd. Derheq\u00ea fam\u00eelay\u00ea Teymur\u00eeyan serr\u00ea 1936 de kitab\u00eak nu\u015ft. Na fam\u00eela esil xo kurd a \u00fb Misir de z\u00ee zaf namdar a. No kitab hama z\u00ee destnu\u015fte yo. Mehemed El\u00ee Ewn\u00ee ziwan\u00ee kurd\u00ee (dimilk\u00ee \u00fb kurmanck\u00ee), erebk\u00ee, farisk\u00ee, tirk\u00ee \u00fb fransk\u00ee hol zanen\u00ee. Destnu\u015ftey\u00ea kehen hol wend\u00een. Ziwan\u00ea Osman\u00eeyan ba\u015f zanen\u00ee.<\/p>\n<p>&nbsp;<\/p>\n<table class=\" aligncenter\" border=\"0\">\n<tbody>\n<tr>\n<td style=\"text-align: center;\"><img decoding=\"async\" alt=\"\" src=\"http:\/\/www.kirdki.com\/images\/makaleres\/ewni\/evimage011.jpg\" border=\"0\" \/><\/td>\n<td style=\"text-align: center;\"><img decoding=\"async\" alt=\"\" src=\"http:\/\/www.kirdki.com\/images\/makaleres\/ewni\/evimage003.jpg\" height=\"362\" border=\"0\" \/><\/td>\n<\/tr>\n<\/tbody>\n<\/table>\n<p>&nbsp;<\/p>\n<p><strong>8.Ferhengo Erebk\u00ee-Kurdk\u00ee<\/strong><\/p>\n<p>Mehemed El\u00ee Ewn\u00ee beynatey\u00ea serran\u00ea 1948-1952 de zaravayan\u00ea kurdk\u00ee ra xeyl\u00eak \u00e7ekuy\u00ee dabi ar\u00eeye. Qayil bi yew ferhengo erebk\u00ee-kurdk\u00ee binuso. \u015ee\u015f heb\u00ee defter\u00ee kerd\u00ee de. Destnu\u015ftey\u00ea n\u00ea ferheng\u00ee bi dest\u00ea qijan\u00ea eyi d\u00eeyabi Komeleya Kurd\u00ee ya \u00celm\u00ee y\u00ea Bexdad\u00ee. Ver\u00ee \u00e7apkerdi\u015f\u00ea no ferheng na komela bi dest\u00ea hukmat\u00ea Iraq am\u00ea gureti\u015f. Vateyo b\u00een gore z\u00ee in\u00ee defter\u00ee amey nimiti\u015f. Cuwa pey ro\u015f\u00eeyey sefaret\u00ea Tirk\u00eeya.<\/p>\n<p>Qijan\u00ea Mehemed El\u00ee Ewn\u00ee bad\u00ea merg\u00ee bab\u00eey\u00ea xo p\u00earo kitab\u00ee eyi dayi p\u00eesporan\u00ea Universiteya Qah\u00eere.<\/p>\n<p>&nbsp;<\/p>\n<p><strong>Mehemed El\u00ee Ewn\u00ee \u00fb Kurd\u00ea Dimil\u00ee<\/strong><\/p>\n<p>Mehemed El\u00ee Ewn\u00ee derheq\u00ea tar\u00eex\u00ee heme kurdan de xeyl\u00eak xebat kerd. Label\u00ea xususen derheq\u00ea kirdan (dimil\u00eeyan) de xebat n\u00eakerd. Tena kitaban\u00ea xo de ca-ca behs eyin keno. Mesela,\u00a0peyn\u00eey\u00ea kitab\u00ea \u015eerefnameyo ki \u00e7arnabi erebk\u00ee, tede \u015fecerey\u00ea xo bi ziwan\u00ea erebk\u00ee wina vano:<\/p>\n<p dir=\"rtl\">\u062a\u0645\u062a\u00a0\u0627\u0644\u062a\u0631\u062c\u0645\u0629\u00a0\u0627\u0644\u062d\u0631\u0641\u064a\u0629\u00a0\u0639\u0644\u0649\u00a0\u064a\u062f\u00a0\u0623\u0636\u0639\u0641\u00a0\u0627\u0644\u0639\u0628\u0627\u062f<\/p>\n<p dir=\"rtl\">\u0635\u0627\u0646\u0647\u00a0\u0627\u0644\u0644\u0647\u00a0\u0645\u0646\u00a0\u0643\u064a\u062f\u00a0\u0623\u0647\u0644\u00a0\u0627\u0644\u0641\u0633\u0627\u062f\u00a0\u0645\u062d\u0645\u062f\u00a0\u0639\u0644\u064a\u00a0\u0639\u0648\u0646\u064a\u00a0\u0628\u0646<\/p>\n<p dir=\"rtl\">\u0639\u0628\u062f\u0627\u0644\u0642\u0627\u062f\u0631\u00a0\u0639\u0648\u0646\u064a\u00a0\u0628\u0646\u00a0\u0645\u062d\u0645\u062f\u00a0\u0639\u0644\u064a\u00a0\u0623\u063a\u0627\u00a0\u0627\u0644\u0628\u0627\u0628\u064a\u00a0\u0627\u0644\u0633\u0648\u0631\u0643\u064a<\/p>\n<p dir=\"rtl\">\u0648\u0627\u0644\u062f\u0646\u0628\u0644\u064a\u00a0\u0627\u0644\u0638\u0627\u0638\u0627\u0626\u064a\u00a0\u0639\u0634\u064a\u0631\u0629\u00a0\u0648\u062c\u0646\u0633\u0627 \u0648\u0627\u0644\u0643\u0631\u062f\u064a\u00a0\u0634\u0639\u0628\u0627\u00a0\u0648\u00a0\u0623\u0645\u0629<\/p>\n<p dir=\"rtl\">\u0646\u0632\u064a\u0644\u00a0\u0627\u0644\u0642\u0627\u0647\u0631\u0629\u00a0\u062a\u062d\u0631\u064a\u0631\u0627\u00a0\u0641\u064a\u00a0\u064a\u0648\u0645\u00a0\u0627\u0644\u0623\u0631\u0628\u0639\u0627\u0621\u00a0\u06f1\u06f2\u00a0\u0630\u064a\u00a0\u0627\u0644\u0642\u0639\u062f\u0629<\/p>\n<p dir=\"rtl\">\u0633\u0646\u0629\u00a0\u06f1\u06f3\u06f6\u06f7\u00a0\u0627\u0644\u0645\u0648\u0627\u0641\u0642\u00a0\u0633\u0628\u062a\u0645\u0628\u0631\u00a0\u0633\u0646\u0629\u00a0\u0661\u0669\u0664\u0668<\/p>\n<p>Manay\u00ea n\u00ea \u00eefadey\u00ee wina ya:\u00a0<em>Temam bi \u00e7arnay\u00ee\u015fo b\u00eak\u00eamas\u00ee, tewr ze\u00eef\u00ea qulan\u00ee Homay\u00ee, Mehemed El\u00ee Ewn\u00ee laj\u00ea Ebdulqadir Ewn\u00ee Efend\u00ee \u00fb torn\u00ea Mehemed El\u00ee Axayo Babij dest ra b\u00eeyo. \u015ear\u00ea S\u00eawregi ra, e\u015f\u00eer\u00ea dunbul\u00ee yan\u00ee zaza ra \u00fb milet\u00ea kurd ra yo. Homa Teala eyi dam\u00ea fesadan ra bipawo. Qah\u00eere de runi\u015fte yo. No nu\u015ftey\u00ea xo 15 \u00calul serr\u00ea 1948 de nu\u015fto<\/em>\u00a0<strong>(3)<\/strong><em>.<\/em><\/p>\n<p>Hete b\u00een ra kitab\u00ea\u00a0Me\u015fah\u00eerul-Kurd we Kurdistan de wext ki behs\u00ea<em>Ebdurezaq\u00a0Beg Dunbul\u00ee<\/em>\u00a0keno noto c\u00ear\u00een de bi erebk\u00ee wina vano:<\/p>\n<p dir=\"rtl\">\u0642\u0627\u0644\u00a0\u0641\u064a\u00a0\u0627\u0644\u0642\u0627\u0645\u0648\u0633\u00a0\u062f\u0646\u0628\u0644\u00a0\u0639\u0644\u0649\u00a0\u0648\u0632\u0646\u00a0\u0642\u0646\u0641\u0630\u00a0\u0642\u0628\u064a\u0644\u0629\u00a0\u0645\u0646\u00a0\u0627\u0644\u0623\u0643\u0631\u0627\u062f<\/p>\n<p dir=\"rtl\">\u0628\u0646\u0648\u0627\u062d\u064a\u00a0\u0627\u0644\u0645\u0648\u0635\u0644\u00a0\u0645\u0646\u0647\u0645\u00a0\u0623\u062d\u0645\u062f\u00a0\u0628\u0646\u00a0\u0646\u0635\u0631\u00a0\u0627\u0644\u0641\u0642\u064a\u0647\u00a0\u0627\u0644\u0634\u0627\u0641\u0639\u064a<\/p>\n<p dir=\"rtl\">\u0648\u0639\u0644\u064a\u00a0\u0628\u0646\u00a0\u0623\u0628\u064a\u00a0\u0628\u0643\u0631\u00a0\u0628\u0646\u00a0\u0633\u0644\u064a\u0645\u0627\u0646\u00a0\u0627\u0644\u0645\u062d\u062f\u062b\u00a0\u0627\u0644\u062f\u0646\u0628\u0644\u064a\u0627\u0646\u00a0\u0627\u06be<\/p>\n<p dir=\"rtl\">\u0648\u0627\u0644\u0648\u0627\u0642\u0639\u00a0\u0623\u0646\u0647\u00a0\u0625\u0633\u0645\u00a0\u064a\u0642\u0639\u00a0\u0639\u0644\u0649\u00a0\u062c\u064a\u0644\u00a0\u0645\u0646\u00a0\u0627\u0644\u0623\u0643\u0631\u0627\u062f\u00a0\u0643\u0628\u064a\u0631\u00a0\u0645\u0646\u062a\u0634\u0631\u00a0\u0641\u064a\u00a0\u0643\u0631\u062f\u0633\u062a\u0627\u0646\u00a0\u064a\u0637\u0644\u0642\u00a0\u0639\u0644\u064a\u0647\u0645\u0627\u0644\u0623\u062c\u0627\u0646\u0628\u00a0\u0644\u0641\u0638\u00a0\u0632\u0627\u0632\u0627\u00a0\u0644\u0643\u062b\u0631\u0629\u00a0\u0627\u0633\u062a\u0639\u0645\u0627\u0644\u0647\u0645\u00a0\u0644\u062d\u0631\u0641\u00a0\u0627\u0644\u0632\u0627\u064a\u00a0\u0641\u064a\u00a0\u062d\u062f\u064a\u062b\u0647\u0645\u00a0\u0648\u0623\u0645\u0627\u00a0\u0647\u0645\u00a0\u0641\u064a\u0633\u0645\u0648\u0646\u00a0\u0623\u0646\u0641\u0633\u0647\u0645\u062f\u0646\u0628\u0644\u064a<\/p>\n<p dir=\"rtl\">\u00a0\u062f\u0648\u0645\u0644\u064a\u00a0\u0648\u0642\u062f\u00a0\u0642\u0627\u0645\u062a\u00a0\u0644\u0647\u0645\u00a0\u0625\u0645\u0627\u0631\u0629\u00a0\u0645\u0633\u062a\u0642\u0644\u0629\u00a0\u0641\u064a\u00a0\u062c\u0647\u0627\u062a\u00a0\u062e\u0648\u064a\u00a0\u0648\u0633\u0644\u0645\u0627\u0633\u00a0\u0648\u00a0\u062d\u0643\u0627\u0631\u064a\u00a0\u0627\u0645\u062a\u062f \u0633\u0644\u0637\u0627\u0646\u0647\u0645\u00a0\u0625\u0644\u0649\u00a0\u0623\u0628\u0648\u0627\u0628\u00a0\u0627\u0644\u0645\u0648\u0635\u0644\u00a0\u0623\u0646\u0638\u0631\u00a0\u0634\u0631\u0641\u0646\u0627\u0645\u0647\u00a0\u0648\u0622\u062b\u0627\u0631\u00a0\u0627\u0644\u0634\u064a\u0639\u0629\u00a0\u0627\u0644\u0625\u0645\u0627\u0645\u064a\u0629\u00a0\u0648\u062a\u0627\u0631\u064a\u062e\u00a0\u0627\u0644\u062f\u0646\u0627\u0628\u0644\u0629\u00a0\u0644\u0644\u0645\u062a\u0631\u062c\u0645<\/p>\n<p>&nbsp;<\/p>\n<p>Manay\u00ea n\u00ea \u00eefadey\u00ee wina ya: \u201c<em>Feyruzabad\u00ee ferheng\u00ea xo Qamus de vano ke \u00e7ekuy\u00ea dunbul wezin\u00ea qunfuz de ya. In\u00ee yew qeb\u00eeley\u00ea [e\u015f\u00eeret\u00ea] kurdan \u00ea. Welat\u00ea Mewsil de cuw\u00eeyen\u00ee. E\u015f\u00eer\u00ea dunbul\u00eeyan ra Ehmed b\u00een Nasr ki \u00eelm\u00ea fiqih\u00ee \u015eaf\u00ee\u00eeyan de zanaye bi.\u00a0El\u00ee b\u00een Eb\u00eebekr b\u00een Suleyman\u00a0z\u00ee ilm\u00ea Hed\u00ees de zanaye bi. Her<\/em>\u00a0<em>di merdim z\u00ee zaf namdar \u00ea. Bi ra\u015ft\u00ee ino name qey yew \u015fax\u00ea kurdano p\u00eel r\u00ea vaj\u00eeyeno. Welat\u00ea Kurdistan\u00ee de vila b\u00ee. \u015ear\u00ee xer\u00eeb\u00ee eyin ra van\u00ee zaza. Semedo ke zazay\u00ee qisekerdi\u015f\u00ea xo de herf\u00ea \u2018z\u2019 zaf \u015fuxuln\u00ean\u00ee. Eyi, xo bi xo ra van\u00ea dunbul\u00ee yan zi d\u00fbmil\u00ee. Welat\u00ee Xoy, Selmas \u00fb Hekkar\u00ee de yew m\u00eeret\u00eey\u00ea dunbul\u00eeyan a xoserb\u00eeyaye n\u00eeya ru. Hukim\u00ea in\u00ee m\u00eereyan hetan\u00ea Mewsil bi. Semed\u00ea tar\u00eex\u00ea in\u00ee m\u00eereyan biewn\u00een kitaban\u00ea \u015eerefname, Asaru\u015f-\u015e\u00eea el-\u00cemam\u00eeyye \u00fb Tar\u00eex\u00ea Denab\u00eele y\u00ea Ebdurezaq Beg Dunbul\u00ee.<\/em>\u201d<\/p>\n<p align=\"center\">\u00a0Mihr\u00eecana yadkerdi\u015f\u00ea Mehemed El\u00ee Ewn\u00ee ra fotograf\u00eakMihr\u00eecana yadkerdi\u015f\u00ea Mehemed El\u00ee Ewn\u00ee ra fotograf\u00eak<\/p>\n<p align=\"center\"><img decoding=\"async\" alt=\"\" src=\"http:\/\/www.kirdki.com\/images\/makaleres\/ewni\/evimage006.jpg\" border=\"0\" \/><\/p>\n<p align=\"center\">Mihr\u00eecana yadkerdi\u015f\u00ea Mehemed El\u00ee Ewn\u00ee ra fotograf\u00eak<\/p>\n<p>Xulasatu-Tar\u00eex\u00ee Kurd we Kurdistan\u00a0de z\u00ee derheq\u00ea e\u015f\u00eer\u00ea zaza de wina vano:<\/p>\n<p dir=\"rtl\">\u0632\u0627\u0632\u0627\u00a0\u0638\u0627\u0638\u0627\u00a0\u064a\u0628\u0644\u063a\u0648\u0646\u00a0\u0661\u0660\u0660\u0660\u00a0\u0623\u0633\u0631\u0629\u00a0\u0644\u064a\u0633\u0648\u0627\u00a0\u0628\u0639\u0634\u064a\u0631\u0629\u00a0\u0631\u062d\u0627\u0644\u0629\u00a0\u0628\u0644\u00a0\u0647\u0645\u00a0\u0633\u0643\u0627\u0646\u00a0\u0642\u0631\u0649\u00a0\u0628\u0634\u0631\u0642\u064a\u00a0\u062e\u0631\u0628\u0648\u0637\u00a0\u0623\u064a\u062d\u062a\u0649\u00a0\u062f\u064a\u0627\u0631\u0628\u0643\u0631\u00a0\u0648\u0627\u0644\u0623\u0638\u0647\u0631\u00a0\u0623\u0646\u0647\u0645\u00a0\u062c\u064a\u0644\u00a0\u0645\u0646\u00a0\u0627\u0644\u0623\u0643\u0631\u0627\u062f<\/p>\n<p dir=\"rtl\">\u00a0\u064a\u0637\u0644\u0642\u0648\u0646\u00a0\u0639\u0644\u0649\u00a0\u0623\u0646\u0641\u0633\u0647\u0645\u00a0\u0627\u0633\u0645\u00a0\u062f\u0648\u0645\u0644\u064a-\u062f\u0646\u0628\u0644\u064a\u0648\u0647\u0645\u00a0\u0641\u064a\u00a0\u062d\u0627\u062c\u0629\u00a0\u0625\u0644\u0649\u00a0\u062f\u0631\u0627\u0633\u0629\u00a0\u062e\u0627\u0635\u0629\u00a0\u0645\u0646\u00a0\u0643\u0644\u00a0\u0627\u0644\u0648\u062c\u0648\u0647<\/p>\n<p>&nbsp;<\/p>\n<p>Manay\u00ea n\u00ea \u00eefadey\u00ee z\u00ee wina ya: \u201c<em>H\u00fbmar\u00ea zazayan resani 1000 keye. E\u015f\u00eeret\u00ea zazayan e\u015f\u00eereta ko\u00e7er n\u00eeya. Rojhilat\u00ea Xarp\u00eat ra hetan\u00ee D\u00eeyarbekir ni\u015fen\u00ee ru. \u00c7ido ke yeno zanay\u00ee\u015f yew \u015fax\u00ea kurdan \u00ea. Xo bi xo, xo ra van\u00ee dumil\u00ee yan zi dunbul\u00ee. Heme hetan ra zazayan ser xebat kerdi\u015f lazim o<\/em>\u00a0<strong>(4)<\/strong><em>.<\/em>\u201d<\/p>\n<p>&nbsp;<\/p>\n<p>Mihemed El\u00ee Ewn\u00ee semed\u00ea dimil\u00eeyan zaf yew cevher\u00eako muh\u00eem o. Eyi ser \u00e7iqas xebat\u00ee biviraz\u00ee h\u00eena z\u00ee qedir \u00fb q\u00eeymet\u00ea yi vati\u015f r\u00ea k\u00eam manen\u00ee. Ma ini nu\u015ftey\u00ea xo de wa\u015ft ke name eyi biyar kirdan v\u00eer. Homa Teala merdiman\u00ea zey ey ma kirdan m\u00eeyan ra k\u00eam n\u00eaki.<\/p>\n<p>&nbsp;<\/p>\n<p>__________________<\/p>\n<p><strong>*<\/strong>\u00a0No nu\u015fte N\u00fbbihar, Kovara Kultur\u00ee Huner\u00ee Edeb\u00ee, H\u00fbmare 118, \u00cestanbul 2012, r. 05-10\u201d de we\u015fan\u00eeyayo<\/p>\n<p><strong>(1)<\/strong>\u00a0Ferecullah Zek\u00ee Mer\u00eewan\u00ee el-Kurd\u00ee kurdan\u00ea \u00ceran ra laj\u00ea Ebdureh\u00eem Mer\u00eewan\u00ee yo. Serr\u00ea 1883 de amo dinya. Kurd\u00eestan\u00ea \u00ceran \u00fb \u00ceraq\u00ee de \u00eel\u00eem wend. Semed\u00ea wendi\u015f\u00ea \u00eel\u00eem\u00ee \u015fi Misir, Qah\u00eere de mend. Bad\u00ea qed\u00eenay\u00ee\u015f\u00ea tesh\u00eel\u00ea \u00eelm\u00ee\u00a0\u00a0Qah\u00eere de bin\u00ea namey\u00ea\u00a0<em>Matbaatu Kurdistan<\/em>\u00a0we\u015fanxaney\u00eak akerd. Embaz\u00ea xo yo kurd Muhy\u00eed\u00een Sabr\u00ee Kan\u00eemi\u015fkan\u00ee reyde ini \u00e7apxane de xeyl\u00eak k\u00eetab\u00ee \u00eelm\u00ee \u00e7ap kerd\u00ee. Serr\u00ea 1932 de wefat kerd.<\/p>\n<p><strong>(2)<\/strong>\u00a0Mehemed Em\u00een Zek\u00ee, kurdan\u00ea Iraq ra yo \u00fb esil xo z\u00ee Suleyman\u00eeye ra yo. Welat\u00ee xo de perwerdey\u00eey\u00ea xo yo ew\u00eelin \u00fb m\u00eeyan\u00een ra pey \u00cestanbul de mektebo esker\u00ee de wend. Bad\u00ea tehs\u00eel\u00ea xo ord\u00eey\u00ea Osman\u00eeyan de bi muhend\u00ees. 1913 de \u015fi Fransa. Herb\u00ea dinyay\u00ea yew\u00een de \u00ceraq \u00fb Fil\u00eest\u00een de wez\u00eefedar bi. Badi rij\u00eeyay\u00ee\u015f\u00ea dewlet\u00ea Osman\u00eeyan ag\u00eara \u00ceraq. \u00ceraq de mudeyo derg wez\u00eer\u00ee kerd. Serr\u00ea 1958 de \u015fi rehmet.<\/p>\n<p><strong>(3)<\/strong>\u00a0\u015eerefxan Bidlis\u00ee, \u015eerefname, trc. Muhemmed El\u00ee Ewn\u00ee, Dime\u015fq 2006, c. 2, r. 215<\/p>\n<p><strong>(4)<\/strong>\u00a0Mehemed Em\u00een Zek\u00ee, Xulasatu-Tar\u00eex\u00ee Kurd we Kurdistan, trc. Muhemmed El\u00ee Ewn\u00ee, c. 1, r. 346<\/p>\n<p>&nbsp;<\/p>\n<p>&nbsp;<\/p>\n<p>&nbsp;<\/p>\n<p><a href=\"http:\/\/www.mohamedaliawny.com\/EnProfile.html\" target=\"_blank\" rel=\"noopener noreferrer\">http:\/\/www.mohamedaliawny.com\/EnProfile.html<\/a><\/p>\n","protected":false},"excerpt":{"rendered":"<p>Asm\u00ean\u00ea Kirdan ra Estarey\u00eako Nimite: Mehemed El\u00ee Ewn\u00ee Wisif Zozan\u00ee \u00a0 Ji El\u00ee Ewen\u00ee re Ey Ewn\u00ee ey El\u00ee beg, ey \u015fehsiwar\u00ea \u00e7alak Nav \u00fb deng\u00ea te yek yek, gihane \u00e7erx \u00fb eflak Bel\u00ea d\u00fbr\u00ee ji min, wek \u015f\u00ear \u00fb piling \u00ee pir \u00e7ak \u00a0 \u00a0 \u00a0 \u00a0 \u00a0 \u00a0 \u00a0 \u00a0 \u00a0 \u00a0 \u00a0 &hellip;<\/p>\n","protected":false},"author":1,"featured_media":1197,"comment_status":"closed","ping_status":"open","sticky":false,"template":"","format":"standard","meta":{"footnotes":""},"categories":[61],"tags":[],"class_list":["post-1194","post","type-post","status-publish","format-standard","has-post-thumbnail","","category-biyografi"],"_links":{"self":[{"href":"https:\/\/www.kirdki.com\/index.php?rest_route=\/wp\/v2\/posts\/1194","targetHints":{"allow":["GET"]}}],"collection":[{"href":"https:\/\/www.kirdki.com\/index.php?rest_route=\/wp\/v2\/posts"}],"about":[{"href":"https:\/\/www.kirdki.com\/index.php?rest_route=\/wp\/v2\/types\/post"}],"author":[{"embeddable":true,"href":"https:\/\/www.kirdki.com\/index.php?rest_route=\/wp\/v2\/users\/1"}],"replies":[{"embeddable":true,"href":"https:\/\/www.kirdki.com\/index.php?rest_route=%2Fwp%2Fv2%2Fcomments&post=1194"}],"version-history":[{"count":6,"href":"https:\/\/www.kirdki.com\/index.php?rest_route=\/wp\/v2\/posts\/1194\/revisions"}],"predecessor-version":[{"id":3002,"href":"https:\/\/www.kirdki.com\/index.php?rest_route=\/wp\/v2\/posts\/1194\/revisions\/3002"}],"wp:featuredmedia":[{"embeddable":true,"href":"https:\/\/www.kirdki.com\/index.php?rest_route=\/wp\/v2\/media\/1197"}],"wp:attachment":[{"href":"https:\/\/www.kirdki.com\/index.php?rest_route=%2Fwp%2Fv2%2Fmedia&parent=1194"}],"wp:term":[{"taxonomy":"category","embeddable":true,"href":"https:\/\/www.kirdki.com\/index.php?rest_route=%2Fwp%2Fv2%2Fcategories&post=1194"},{"taxonomy":"post_tag","embeddable":true,"href":"https:\/\/www.kirdki.com\/index.php?rest_route=%2Fwp%2Fv2%2Ftags&post=1194"}],"curies":[{"name":"wp","href":"https:\/\/api.w.org\/{rel}","templated":true}]}}