{"id":1157,"date":"2013-05-05T18:41:50","date_gmt":"2013-05-05T15:41:50","guid":{"rendered":"http:\/\/www.kirdki.com\/?p=1157"},"modified":"2020-03-25T19:35:42","modified_gmt":"2020-03-25T16:35:42","slug":"ernest-chantre","status":"publish","type":"post","link":"https:\/\/www.kirdki.com\/?p=1157","title":{"rendered":"Ernest Chantre"},"content":{"rendered":"<p style=\"text-align: center;\"><a href=\"http:\/\/www.kirdki.com\/wp-content\/uploads\/2013\/05\/Ernest-Chantre.jpg\"><img loading=\"lazy\" decoding=\"async\" class=\"alignnone size-medium wp-image-1158\" alt=\"Ernest Chantre\" src=\"http:\/\/www.kirdki.com\/wp-content\/uploads\/2013\/05\/Ernest-Chantre-233x300.jpg\" width=\"233\" height=\"300\" srcset=\"https:\/\/www.kirdki.com\/wp-content\/uploads\/2013\/05\/Ernest-Chantre-233x300.jpg 233w, https:\/\/www.kirdki.com\/wp-content\/uploads\/2013\/05\/Ernest-Chantre.jpg 310w\" sizes=\"auto, (max-width: 233px) 100vw, 233px\" \/><\/a><\/p>\n<p align=\"center\"><strong>Ernest Chantre (1843-1924)<\/strong><\/p>\n<p align=\"center\"><strong>\u00a0<\/strong><\/p>\n<p>Ernest Chantre muzeya Lyon y\u00ea Fransa de pa\u015ftger\u00ea mud\u00eer\u00ee bi. Esil\u00ea xo z\u00ee Fransa ra bi. Antropolog \u00fb arkeolog bi.<\/p>\n<p>A\u015fma Hez\u00eeran \u00fb serra 1881 de ame Kurdistan. Heleb, Riha, S\u00eawreg, D\u00eeyarbekir \u00fb Xarp\u00eat de miyan\u00ea Zazayan de g\u00eara.<\/p>\n<p>N\u00ea g\u00earayi\u015fan\u00ea xo de xeyl\u00eak fotograf\u00ee ant b\u00ee. Nika fotograf\u00ee ke Chantre miyan\u00ea Zazayan da ant b\u00ee, ma \u00eenan ra nim\u00fbneyan dan\u00ee.<\/p>\n<p><a href=\"index.php\/galeri\/category\/1-ernest-chantre\"><strong>Seba Fotografan Bitikn\u00een<\/strong><\/a><\/p>\n","protected":false},"excerpt":{"rendered":"<p>Ernest Chantre (1843-1924) \u00a0 Ernest Chantre muzeya Lyon y\u00ea Fransa de pa\u015ftger\u00ea mud\u00eer\u00ee bi. Esil\u00ea xo z\u00ee Fransa ra bi. Antropolog \u00fb arkeolog bi. A\u015fma Hez\u00eeran \u00fb serra 1881 de ame Kurdistan. Heleb, Riha, S\u00eawreg, D\u00eeyarbekir \u00fb Xarp\u00eat de miyan\u00ea Zazayan de g\u00eara. N\u00ea g\u00earayi\u015fan\u00ea xo de xeyl\u00eak fotograf\u00ee ant b\u00ee. Nika fotograf\u00ee ke Chantre &hellip;<\/p>\n","protected":false},"author":1,"featured_media":1158,"comment_status":"closed","ping_status":"open","sticky":false,"template":"","format":"standard","meta":{"footnotes":""},"categories":[53],"tags":[],"class_list":["post-1157","post","type-post","status-publish","format-standard","has-post-thumbnail","","category-tarix"],"_links":{"self":[{"href":"https:\/\/www.kirdki.com\/index.php?rest_route=\/wp\/v2\/posts\/1157","targetHints":{"allow":["GET"]}}],"collection":[{"href":"https:\/\/www.kirdki.com\/index.php?rest_route=\/wp\/v2\/posts"}],"about":[{"href":"https:\/\/www.kirdki.com\/index.php?rest_route=\/wp\/v2\/types\/post"}],"author":[{"embeddable":true,"href":"https:\/\/www.kirdki.com\/index.php?rest_route=\/wp\/v2\/users\/1"}],"replies":[{"embeddable":true,"href":"https:\/\/www.kirdki.com\/index.php?rest_route=%2Fwp%2Fv2%2Fcomments&post=1157"}],"version-history":[{"count":5,"href":"https:\/\/www.kirdki.com\/index.php?rest_route=\/wp\/v2\/posts\/1157\/revisions"}],"predecessor-version":[{"id":1176,"href":"https:\/\/www.kirdki.com\/index.php?rest_route=\/wp\/v2\/posts\/1157\/revisions\/1176"}],"wp:featuredmedia":[{"embeddable":true,"href":"https:\/\/www.kirdki.com\/index.php?rest_route=\/wp\/v2\/media\/1158"}],"wp:attachment":[{"href":"https:\/\/www.kirdki.com\/index.php?rest_route=%2Fwp%2Fv2%2Fmedia&parent=1157"}],"wp:term":[{"taxonomy":"category","embeddable":true,"href":"https:\/\/www.kirdki.com\/index.php?rest_route=%2Fwp%2Fv2%2Fcategories&post=1157"},{"taxonomy":"post_tag","embeddable":true,"href":"https:\/\/www.kirdki.com\/index.php?rest_route=%2Fwp%2Fv2%2Ftags&post=1157"}],"curies":[{"name":"wp","href":"https:\/\/api.w.org\/{rel}","templated":true}]}}