{"id":1067,"date":"2013-04-06T20:17:28","date_gmt":"2013-04-06T17:17:28","guid":{"rendered":"http:\/\/www.kirdki.com\/?p=1067"},"modified":"2020-03-25T19:35:43","modified_gmt":"2020-03-25T16:35:43","slug":"francois-balsan","status":"publish","type":"post","link":"https:\/\/www.kirdki.com\/?p=1067","title":{"rendered":"Fran\u00e7ois Balsan"},"content":{"rendered":"<p style=\"text-align: center;\"><a href=\"http:\/\/www.kirdki.com\/wp-content\/uploads\/2013\/04\/frimage001.jpg\"><img loading=\"lazy\" decoding=\"async\" class=\"alignnone size-full wp-image-1068\" alt=\"frimage001\" src=\"http:\/\/www.kirdki.com\/wp-content\/uploads\/2013\/04\/frimage001.jpg\" width=\"154\" height=\"229\" \/><\/a><\/p>\n<p>Fran\u00e7ois Balsan 25 Hez\u00eeran Serra 1902 de ame dinya. Esil\u00ea xo Fransa ra yo. Tucar\u00ea purt\u00ee yo. G\u00earaye \u00fb ka\u015f\u00eef o. Serra 1935 ra hetan\u00ea Serra 1972 zaf welatan ra g\u00eara \u00fb xeyl\u00eak kitab\u00ee nu\u015ft\u00ee. G\u00earayi\u015f\u00ea xo kerd\u00ee kitab\u00ee.<!--more--> N\u00ea g\u00earayi\u015fan\u00ea ey ra yew z\u00ee het\u00ea Kurdistan\u00ea Tirkiya ra bi. No geryi\u015f\u00ea xo serra 1944 de binamey\u00ea\u00a0<em>Les surprises du Kurdistan\u00a0<\/em>kerd bi kitab. No kitab 313 r\u00eepel ra yeno p\u00ea. Tede cayek\u00ea Kurd\u00ea Zazay cuwiy\u00ean behs\u00ea ci keno. N\u00eenan ra Xarp\u00eat, Palo, \u00c7ewl\u00eeg \u00fb Gimgim zaf muh\u00eem \u00ea. Fran\u00e7ois Balsan yew het ra z\u00ee fotograf\u00ee ant\u00ee. N\u00ea fotograf\u00ee zaf orj\u00eenal \u00ea.<\/p>\n<p><a href=\"http:\/\/www.kirdki.com\/wp-content\/uploads\/2013\/04\/frFroncois-Balsan-1.jpg\"><img loading=\"lazy\" decoding=\"async\" class=\"size-medium wp-image-1069 aligncenter\" alt=\"frFroncois Balsan (1)\" src=\"http:\/\/www.kirdki.com\/wp-content\/uploads\/2013\/04\/frFroncois-Balsan-1-300x227.jpg\" width=\"541\" height=\"305\" \/><\/a><\/p>\n<p style=\"text-align: center;\">\u00a0<a href=\"http:\/\/www.kirdki.com\/wp-content\/uploads\/2013\/04\/Francois-Balsan-2.jpg\"><img loading=\"lazy\" decoding=\"async\" class=\"alignnone size-full wp-image-1168\" alt=\"Francois Balsan (2)\" src=\"http:\/\/www.kirdki.com\/wp-content\/uploads\/2013\/04\/Francois-Balsan-2.jpg\" width=\"699\" height=\"928\" srcset=\"https:\/\/www.kirdki.com\/wp-content\/uploads\/2013\/04\/Francois-Balsan-2.jpg 699w, https:\/\/www.kirdki.com\/wp-content\/uploads\/2013\/04\/Francois-Balsan-2-225x300.jpg 225w\" sizes=\"auto, (max-width: 699px) 100vw, 699px\" \/><\/a><\/p>\n<p style=\"text-align: center;\"><a href=\"http:\/\/www.kirdki.com\/wp-content\/uploads\/2013\/04\/Francois-Balsan-3.jpg\"><img loading=\"lazy\" decoding=\"async\" class=\"alignnone size-full wp-image-1169\" alt=\"Francois Balsan (3)\" src=\"http:\/\/www.kirdki.com\/wp-content\/uploads\/2013\/04\/Francois-Balsan-3.jpg\" width=\"698\" height=\"454\" srcset=\"https:\/\/www.kirdki.com\/wp-content\/uploads\/2013\/04\/Francois-Balsan-3.jpg 698w, https:\/\/www.kirdki.com\/wp-content\/uploads\/2013\/04\/Francois-Balsan-3-300x195.jpg 300w\" sizes=\"auto, (max-width: 698px) 100vw, 698px\" \/><\/a><\/p>\n<p style=\"text-align: center;\">\n<p style=\"text-align: center;\"><a href=\"http:\/\/www.kirdki.com\/wp-content\/uploads\/2013\/04\/frimage001.jpg\"><img loading=\"lazy\" decoding=\"async\" class=\"alignnone size-full wp-image-1068\" alt=\"frimage001\" src=\"http:\/\/www.kirdki.com\/wp-content\/uploads\/2013\/04\/frimage001.jpg\" width=\"154\" height=\"229\" \/><\/a> <a href=\"http:\/\/www.kirdki.com\/wp-content\/uploads\/2013\/04\/Francois-Balsan-4.jpg\"><img loading=\"lazy\" decoding=\"async\" class=\"alignnone size-full wp-image-1171\" alt=\"Francois Balsan (4)\" src=\"http:\/\/www.kirdki.com\/wp-content\/uploads\/2013\/04\/Francois-Balsan-4.jpg\" width=\"699\" height=\"516\" srcset=\"https:\/\/www.kirdki.com\/wp-content\/uploads\/2013\/04\/Francois-Balsan-4.jpg 699w, https:\/\/www.kirdki.com\/wp-content\/uploads\/2013\/04\/Francois-Balsan-4-300x221.jpg 300w\" sizes=\"auto, (max-width: 699px) 100vw, 699px\" \/><\/a><\/p>\n<p style=\"text-align: center;\">\n<p style=\"text-align: center;\"><a href=\"http:\/\/www.kirdki.com\/wp-content\/uploads\/2013\/04\/Francois-Balsan-5.jpg\"><img loading=\"lazy\" decoding=\"async\" class=\"alignnone size-full wp-image-1172\" alt=\"Francois Balsan (5)\" src=\"http:\/\/www.kirdki.com\/wp-content\/uploads\/2013\/04\/Francois-Balsan-5.jpg\" width=\"699\" height=\"970\" srcset=\"https:\/\/www.kirdki.com\/wp-content\/uploads\/2013\/04\/Francois-Balsan-5.jpg 699w, https:\/\/www.kirdki.com\/wp-content\/uploads\/2013\/04\/Francois-Balsan-5-216x300.jpg 216w\" sizes=\"auto, (max-width: 699px) 100vw, 699px\" \/><\/a><\/p>\n<p style=\"text-align: center;\">\n<p style=\"text-align: center;\"><a href=\"http:\/\/www.kirdki.com\/wp-content\/uploads\/2013\/04\/Francois-Balsan-6.jpg\"><img loading=\"lazy\" decoding=\"async\" class=\"alignnone size-full wp-image-1173\" alt=\"Francois Balsan (6)\" src=\"http:\/\/www.kirdki.com\/wp-content\/uploads\/2013\/04\/Francois-Balsan-6.jpg\" width=\"699\" height=\"900\" srcset=\"https:\/\/www.kirdki.com\/wp-content\/uploads\/2013\/04\/Francois-Balsan-6.jpg 699w, https:\/\/www.kirdki.com\/wp-content\/uploads\/2013\/04\/Francois-Balsan-6-233x300.jpg 233w\" sizes=\"auto, (max-width: 699px) 100vw, 699px\" \/><\/a><\/p>\n<p style=\"text-align: center;\">\n<p style=\"text-align: center;\"><a href=\"http:\/\/www.kirdki.com\/wp-content\/uploads\/2013\/04\/Francois-Balsan-7.jpg\"><img loading=\"lazy\" decoding=\"async\" class=\"alignnone size-full wp-image-1174\" alt=\"Francois Balsan (7)\" src=\"http:\/\/www.kirdki.com\/wp-content\/uploads\/2013\/04\/Francois-Balsan-7.jpg\" width=\"699\" height=\"929\" srcset=\"https:\/\/www.kirdki.com\/wp-content\/uploads\/2013\/04\/Francois-Balsan-7.jpg 699w, https:\/\/www.kirdki.com\/wp-content\/uploads\/2013\/04\/Francois-Balsan-7-225x300.jpg 225w\" sizes=\"auto, (max-width: 699px) 100vw, 699px\" \/><\/a><\/p>\n","protected":false},"excerpt":{"rendered":"<p>Fran\u00e7ois Balsan 25 Hez\u00eeran Serra 1902 de ame dinya. Esil\u00ea xo Fransa ra yo. Tucar\u00ea purt\u00ee yo. G\u00earaye \u00fb ka\u015f\u00eef o. Serra 1935 ra hetan\u00ea Serra 1972 zaf welatan ra g\u00eara \u00fb xeyl\u00eak kitab\u00ee nu\u015ft\u00ee. G\u00earayi\u015f\u00ea xo kerd\u00ee kitab\u00ee.<\/p>\n","protected":false},"author":1,"featured_media":1068,"comment_status":"closed","ping_status":"open","sticky":false,"template":"","format":"standard","meta":{"footnotes":""},"categories":[53],"tags":[],"class_list":["post-1067","post","type-post","status-publish","format-standard","has-post-thumbnail","","category-tarix"],"_links":{"self":[{"href":"https:\/\/www.kirdki.com\/index.php?rest_route=\/wp\/v2\/posts\/1067","targetHints":{"allow":["GET"]}}],"collection":[{"href":"https:\/\/www.kirdki.com\/index.php?rest_route=\/wp\/v2\/posts"}],"about":[{"href":"https:\/\/www.kirdki.com\/index.php?rest_route=\/wp\/v2\/types\/post"}],"author":[{"embeddable":true,"href":"https:\/\/www.kirdki.com\/index.php?rest_route=\/wp\/v2\/users\/1"}],"replies":[{"embeddable":true,"href":"https:\/\/www.kirdki.com\/index.php?rest_route=%2Fwp%2Fv2%2Fcomments&post=1067"}],"version-history":[{"count":20,"href":"https:\/\/www.kirdki.com\/index.php?rest_route=\/wp\/v2\/posts\/1067\/revisions"}],"predecessor-version":[{"id":1495,"href":"https:\/\/www.kirdki.com\/index.php?rest_route=\/wp\/v2\/posts\/1067\/revisions\/1495"}],"wp:featuredmedia":[{"embeddable":true,"href":"https:\/\/www.kirdki.com\/index.php?rest_route=\/wp\/v2\/media\/1068"}],"wp:attachment":[{"href":"https:\/\/www.kirdki.com\/index.php?rest_route=%2Fwp%2Fv2%2Fmedia&parent=1067"}],"wp:term":[{"taxonomy":"category","embeddable":true,"href":"https:\/\/www.kirdki.com\/index.php?rest_route=%2Fwp%2Fv2%2Fcategories&post=1067"},{"taxonomy":"post_tag","embeddable":true,"href":"https:\/\/www.kirdki.com\/index.php?rest_route=%2Fwp%2Fv2%2Ftags&post=1067"}],"curies":[{"name":"wp","href":"https:\/\/api.w.org\/{rel}","templated":true}]}}